{"id":11425,"date":"2020-07-15T19:39:05","date_gmt":"2020-07-15T19:39:05","guid":{"rendered":"http:\/\/elperiodicodesaltillo.com\/wp\/?p=11425"},"modified":"2020-07-15T19:46:57","modified_gmt":"2020-07-15T19:46:57","slug":"la-primera-plaza-de-toros-en-piedras-negras","status":"publish","type":"post","link":"https:\/\/elperiodicodesaltillo.com\/wp\/2020\/07\/15\/la-primera-plaza-de-toros-en-piedras-negras\/","title":{"rendered":"La primera plaza de toros en Piedras Negras"},"content":{"rendered":"\n<p><strong>Rigoberto Losoya Reyes<\/strong><\/p>\n\n\n\n<div class=\"wp-block-image\"><figure class=\"alignleft\"><img loading=\"lazy\" decoding=\"async\" width=\"205\" height=\"262\" src=\"http:\/\/elperiodicodesaltillo.com\/wp\/wp-content\/uploads\/2020\/07\/plaza2.jpg\" alt=\"\" class=\"wp-image-11427\"\/><figcaption><em> El Matador Juan Silveti inaugur\u00f3 la plaza de toros en 1928 <\/em><\/figcaption><\/figure><\/div>\n\n\n\n<p>El 14\nde mayo de 1927, el gobernador del estado General Manuel P\u00e9rez Trevi\u00f1o,\nautoriz\u00f3 al se\u00f1or Francisco Flores para que construyera una plaza de toros en\nla ciudad de Piedras Negras, con material de madera o ladrillo, a su elecci\u00f3n.\nEsta autorizaci\u00f3n se suscribi\u00f3 mediante un Contrato y en sus cl\u00e1usulas se\nestableci\u00f3 que el Concesionario se obligaba a construir el coso taurino en un\nsector no urbanizado dentro del t\u00e9rmino de dos a\u00f1os, debiendo comenzar los\ntrabajos de construcci\u00f3n en los primeros seis meses despu\u00e9s de la fecha del\ncontrato. Se estableci\u00f3 que el capital m\u00ednimo de inversi\u00f3n ser\u00eda de cinco mil\npesos y deber\u00eda pagar al Estado el uno al millar anual y otro tanto al\nmunicipio sobre el capital que invertir\u00eda. <\/p>\n\n\n\n<p>El\nse\u00f1or Francisco Flores como garant\u00eda del fiel cumplimiento de las condiciones\ndel contrato, deber\u00eda depositar en la Tesorer\u00eda General del estado la cantidad\nde quinientos pesos.<\/p>\n\n\n\n<p>El se\u00f1or Flores declar\u00f3 en el contrato lo siguiente: que, en caso de organizar una compa\u00f1\u00eda para la explotaci\u00f3n de la plaza, tendr\u00e1 siempre el car\u00e1cter de mexicana, aunque todos o algunos de sus miembros que la compongan sean extranjeros y por tanto, no tendr\u00e1, en relaci\u00f3n a la validez interpretaci\u00f3n y cumplimiento del mismo, m\u00e1s derechos y recursos que las leyes mexicanas conceden a los ciudadanos de la rep\u00fablica.<\/p>\n","protected":false},"excerpt":{"rendered":"<p>Rigoberto Losoya Reyes El 14 de mayo de 1927, el gobernador del estado General Manuel P\u00e9rez Trevi\u00f1o, autoriz\u00f3 al se\u00f1or Francisco Flores para que construyera una plaza de toros en la ciudad de Piedras Negras, con material de madera o ladrillo, a su elecci\u00f3n. Esta autorizaci\u00f3n se suscribi\u00f3 mediante un Contrato y en sus cl\u00e1usulas [&hellip;]<\/p>\n","protected":false},"author":19,"featured_media":11430,"comment_status":"closed","ping_status":"closed","sticky":false,"template":"","format":"standard","meta":{"footnotes":""},"categories":[202],"tags":[],"class_list":["post-11425","post","type-post","status-publish","format-standard","has-post-thumbnail","hentry","category-16-julio-2020-ed-379"],"_links":{"self":[{"href":"https:\/\/elperiodicodesaltillo.com\/wp\/wp-json\/wp\/v2\/posts\/11425","targetHints":{"allow":["GET"]}}],"collection":[{"href":"https:\/\/elperiodicodesaltillo.com\/wp\/wp-json\/wp\/v2\/posts"}],"about":[{"href":"https:\/\/elperiodicodesaltillo.com\/wp\/wp-json\/wp\/v2\/types\/post"}],"author":[{"embeddable":true,"href":"https:\/\/elperiodicodesaltillo.com\/wp\/wp-json\/wp\/v2\/users\/19"}],"replies":[{"embeddable":true,"href":"https:\/\/elperiodicodesaltillo.com\/wp\/wp-json\/wp\/v2\/comments?post=11425"}],"version-history":[{"count":2,"href":"https:\/\/elperiodicodesaltillo.com\/wp\/wp-json\/wp\/v2\/posts\/11425\/revisions"}],"predecessor-version":[{"id":11431,"href":"https:\/\/elperiodicodesaltillo.com\/wp\/wp-json\/wp\/v2\/posts\/11425\/revisions\/11431"}],"wp:featuredmedia":[{"embeddable":true,"href":"https:\/\/elperiodicodesaltillo.com\/wp\/wp-json\/wp\/v2\/media\/11430"}],"wp:attachment":[{"href":"https:\/\/elperiodicodesaltillo.com\/wp\/wp-json\/wp\/v2\/media?parent=11425"}],"wp:term":[{"taxonomy":"category","embeddable":true,"href":"https:\/\/elperiodicodesaltillo.com\/wp\/wp-json\/wp\/v2\/categories?post=11425"},{"taxonomy":"post_tag","embeddable":true,"href":"https:\/\/elperiodicodesaltillo.com\/wp\/wp-json\/wp\/v2\/tags?post=11425"}],"curies":[{"name":"wp","href":"https:\/\/api.w.org\/{rel}","templated":true}]}}