{"id":12123,"date":"2020-09-28T16:34:06","date_gmt":"2020-09-28T16:34:06","guid":{"rendered":"http:\/\/elperiodicodesaltillo.com\/wp\/?p=12123"},"modified":"2020-10-01T16:48:21","modified_gmt":"2020-10-01T16:48:21","slug":"en-caso-de-alondra-mars-busca-se-califique-como-feminicidio-y-la-pena-maxima%ef%bb%bf%ef%bb%bf","status":"publish","type":"post","link":"https:\/\/elperiodicodesaltillo.com\/wp\/2020\/09\/28\/en-caso-de-alondra-mars-busca-se-califique-como-feminicidio-y-la-pena-maxima%ef%bb%bf%ef%bb%bf\/","title":{"rendered":"EN CASO DE ALONDRA, MARS BUSCA SE CALIFIQUE COMO FEMINICIDIO Y LA PENA M\u00c1XIMA\ufeff\ufeff"},"content":{"rendered":"\n<p>\u00b7&nbsp;&nbsp;&nbsp;&nbsp;&nbsp;&nbsp;<strong><em>El Mandatario estatal lament\u00f3 la muerte de la joven saltillense,\nque provoc\u00f3 indignaci\u00f3n ciudadana.<\/em><\/strong><\/p>\n\n\n\n<p>\u00b7&nbsp;&nbsp;&nbsp;&nbsp;&nbsp;&nbsp;<strong><em>Desde su Administraci\u00f3n fortalecer\u00e1 las instituciones que tienen\nque ver con garantizar los derechos y vida de ellas, para que no vuelva a\nsuceder en la entidad un caso similar.<\/em><\/strong><\/p>\n\n\n\n<figure class=\"wp-block-image\"><img loading=\"lazy\" decoding=\"async\" width=\"1024\" height=\"683\" src=\"http:\/\/elperiodicodesaltillo.com\/wp\/wp-content\/uploads\/2020\/10\/alondra-1024x683.jpg\" alt=\"\" class=\"wp-image-12124\" srcset=\"https:\/\/elperiodicodesaltillo.com\/wp\/wp-content\/uploads\/2020\/10\/alondra-1024x683.jpg 1024w, https:\/\/elperiodicodesaltillo.com\/wp\/wp-content\/uploads\/2020\/10\/alondra-300x200.jpg 300w, https:\/\/elperiodicodesaltillo.com\/wp\/wp-content\/uploads\/2020\/10\/alondra-768x512.jpg 768w, https:\/\/elperiodicodesaltillo.com\/wp\/wp-content\/uploads\/2020\/10\/alondra-696x464.jpg 696w, https:\/\/elperiodicodesaltillo.com\/wp\/wp-content\/uploads\/2020\/10\/alondra-1068x713.jpg 1068w, https:\/\/elperiodicodesaltillo.com\/wp\/wp-content\/uploads\/2020\/10\/alondra-630x420.jpg 630w, https:\/\/elperiodicodesaltillo.com\/wp\/wp-content\/uploads\/2020\/10\/alondra.jpg 1280w\" sizes=\"auto, (max-width: 1024px) 100vw, 1024px\" \/><\/figure>\n\n\n\n<p>Torre\u00f3n, Coahuila de Zaragoza; a 28 de Septiembre de 2020.- El\ngobernador Miguel \u00c1ngel Riquelme Sol\u00eds advirti\u00f3 que buscar\u00e1 que el caso de\nAlondra se califique como feminicidio y se d\u00e9 la pena m\u00e1xima a quien o quienes\nresulten responsables.<\/p>\n\n\n\n<p>\u201cVamos a actuar con mano firme, estar\u00e9 muy pendiente de que este\ndelito sea clasificado como feminicidio y que le den la pena m\u00e1xima\u201d, sostuvo.<\/p>\n\n\n\n<p>Lament\u00f3 la muerte de una joven de Coahuila, que mueven a la\nreflexi\u00f3n social y a seguir estableciendo las medias necesarias para evitar\neste tipo de incidentes.<\/p>\n\n\n\n<p>\u201cNo hay palabras para describir lo que pas\u00f3, reconoci\u00f3, se debe\nver a la autoridad con mano dura para que este tipo de cosas no sucedan\u201d,\nexpres\u00f3.<\/p>\n\n\n\n<p>En el caso de Coahuila, han buscado dar satisfacci\u00f3n en materia de\nseguridad, \u201cpero habremos de&nbsp;&nbsp;fortalecer nuestras instituciones que\ntienen que ver con la garant\u00eda de los derechos de las mujeres, con la vida de\nlas mismas\u201d.<\/p>\n\n\n\n<p>Fue claro al manifestar que la muerte de Alondra, nos debe dar un\nsignificado proactivo, reactivo y de resultados.<\/p>\n\n\n\n<p>Destac\u00f3 que incrementar\u00e1 el esfuerzo desde su Administraci\u00f3n para\nevitar que esto se repita en el Estado: \u201cLa entidad no ha escapado a este tipo\nde cr\u00edmenes y debemos trabajar para que no vuelvan a ocurir\u201d.<\/p>\n\n\n\n<p>Respecto a la manifestaci\u00f3n, a prop\u00f3sito del tema, no s\u00f3lo tiene\nque ver con los hechos ocurridos, sino tambi\u00e9n con otros que se han movido a\nnivel nacional.<\/p>\n\n\n\n<p>Declar\u00f3 que el rayar las puertas de Palacio de Gobierno no tiene\njustificaci\u00f3n, pero cree que se debe trabajar en conjunto para evitar este tipo\nde reacciones.<\/p>\n\n\n\n<p>\u201cTrabajar\u00e9 en conjunto con las asociaciones para poder garantizar\nque las pol\u00edticas p\u00fablicas realmente lleguen a donde tienen que llegar\u201d,\nadvirti\u00f3 Riquelme Sol\u00eds.<\/p>\n\n\n\n<p>Buscar\u00e1 a las organizaciones que han manifestado el activismo a\nfavor de las mujeres para poder encontrar, juntos, soluciones que busca el\nEstado Mexicano para garantizar los derechos de las mujeres.<\/p>\n\n\n\n<p>Lejos de criticar los movimientos, el Gobernador enfatiz\u00f3 que le\ngustar\u00eda trabajar de la mano con ellas para seguir construyendo en el corto\nplazo instituciones que no s\u00f3lo las mantengan seguras, sino con las\noportunidades que requieren.<\/p>\n\n\n\n<p>\u201cVaya nuestro mensaje solidario y la certeza de que se har\u00e1\njusticia en el caso de Alondra\u201d, finaliz\u00f3.<\/p>\n","protected":false},"excerpt":{"rendered":"<p>\u00b7&nbsp;&nbsp;&nbsp;&nbsp;&nbsp;&nbsp;El Mandatario estatal lament\u00f3 la muerte de la joven saltillense, que provoc\u00f3 indignaci\u00f3n ciudadana. \u00b7&nbsp;&nbsp;&nbsp;&nbsp;&nbsp;&nbsp;Desde su Administraci\u00f3n fortalecer\u00e1 las instituciones que tienen que ver con garantizar los derechos y vida de ellas, para que no vuelva a suceder en la entidad un caso similar. Torre\u00f3n, Coahuila de Zaragoza; a 28 de Septiembre de 2020.- El [&hellip;]<\/p>\n","protected":false},"author":1,"featured_media":12124,"comment_status":"closed","ping_status":"closed","sticky":false,"template":"","format":"standard","meta":{"footnotes":""},"categories":[21],"tags":[],"class_list":["post-12123","post","type-post","status-publish","format-standard","has-post-thumbnail","hentry","category-coahuila"],"_links":{"self":[{"href":"https:\/\/elperiodicodesaltillo.com\/wp\/wp-json\/wp\/v2\/posts\/12123","targetHints":{"allow":["GET"]}}],"collection":[{"href":"https:\/\/elperiodicodesaltillo.com\/wp\/wp-json\/wp\/v2\/posts"}],"about":[{"href":"https:\/\/elperiodicodesaltillo.com\/wp\/wp-json\/wp\/v2\/types\/post"}],"author":[{"embeddable":true,"href":"https:\/\/elperiodicodesaltillo.com\/wp\/wp-json\/wp\/v2\/users\/1"}],"replies":[{"embeddable":true,"href":"https:\/\/elperiodicodesaltillo.com\/wp\/wp-json\/wp\/v2\/comments?post=12123"}],"version-history":[{"count":1,"href":"https:\/\/elperiodicodesaltillo.com\/wp\/wp-json\/wp\/v2\/posts\/12123\/revisions"}],"predecessor-version":[{"id":12125,"href":"https:\/\/elperiodicodesaltillo.com\/wp\/wp-json\/wp\/v2\/posts\/12123\/revisions\/12125"}],"wp:featuredmedia":[{"embeddable":true,"href":"https:\/\/elperiodicodesaltillo.com\/wp\/wp-json\/wp\/v2\/media\/12124"}],"wp:attachment":[{"href":"https:\/\/elperiodicodesaltillo.com\/wp\/wp-json\/wp\/v2\/media?parent=12123"}],"wp:term":[{"taxonomy":"category","embeddable":true,"href":"https:\/\/elperiodicodesaltillo.com\/wp\/wp-json\/wp\/v2\/categories?post=12123"},{"taxonomy":"post_tag","embeddable":true,"href":"https:\/\/elperiodicodesaltillo.com\/wp\/wp-json\/wp\/v2\/tags?post=12123"}],"curies":[{"name":"wp","href":"https:\/\/api.w.org\/{rel}","templated":true}]}}