{"id":12444,"date":"2020-10-16T15:08:43","date_gmt":"2020-10-16T15:08:43","guid":{"rendered":"http:\/\/elperiodicodesaltillo.com\/wp\/?p=12444"},"modified":"2020-10-16T15:17:32","modified_gmt":"2020-10-16T15:17:32","slug":"calle-de-galeana-aldama-saltillo","status":"publish","type":"post","link":"https:\/\/elperiodicodesaltillo.com\/wp\/2020\/10\/16\/calle-de-galeana-aldama-saltillo\/","title":{"rendered":"Calle de Galeana  (Aldama, Saltillo)"},"content":{"rendered":"\n<figure class=\"wp-block-image\"><img loading=\"lazy\" decoding=\"async\" width=\"1024\" height=\"637\" src=\"http:\/\/elperiodicodesaltillo.com\/wp\/wp-content\/uploads\/2020\/10\/8-1-1024x637.jpg\" alt=\"\" class=\"wp-image-12445\" srcset=\"https:\/\/elperiodicodesaltillo.com\/wp\/wp-content\/uploads\/2020\/10\/8-1-1024x637.jpg 1024w, https:\/\/elperiodicodesaltillo.com\/wp\/wp-content\/uploads\/2020\/10\/8-1-300x187.jpg 300w, https:\/\/elperiodicodesaltillo.com\/wp\/wp-content\/uploads\/2020\/10\/8-1-768x478.jpg 768w, https:\/\/elperiodicodesaltillo.com\/wp\/wp-content\/uploads\/2020\/10\/8-1-356x220.jpg 356w, https:\/\/elperiodicodesaltillo.com\/wp\/wp-content\/uploads\/2020\/10\/8-1-696x433.jpg 696w, https:\/\/elperiodicodesaltillo.com\/wp\/wp-content\/uploads\/2020\/10\/8-1-1068x665.jpg 1068w, https:\/\/elperiodicodesaltillo.com\/wp\/wp-content\/uploads\/2020\/10\/8-1-675x420.jpg 675w, https:\/\/elperiodicodesaltillo.com\/wp\/wp-content\/uploads\/2020\/10\/8-1.jpg 1080w\" sizes=\"auto, (max-width: 1024px) 100vw, 1024px\" \/><figcaption><em><strong>foto recuperada de: http:\/\/saltillodelrecuerdo.blogspot.com\/<\/strong><\/em><\/figcaption><\/figure>\n\n\n\n<p><br>Antes del a\u00f1o de 1872 la calle de Galeana tenia varios nombres a lo largo de las distintas cuadras como Callej\u00f3n de la Traviesa, Callej\u00f3n de Casta\u00f1eda, Callej\u00f3n de la Barberena y callej\u00f3n del Colegio, a partir de 1873 todo el trayecto de la calle recibi\u00f3 el nombre de Galeana y en 1930 se le dio el nombre de Aldama, esto en el centro hist\u00f3rico de Saltillo, Coahuila<\/p>\n","protected":false},"excerpt":{"rendered":"<p>Antes del a\u00f1o de 1872 la calle de Galeana tenia varios nombres a lo largo de las distintas cuadras como Callej\u00f3n de la Traviesa, Callej\u00f3n de Casta\u00f1eda, Callej\u00f3n de la Barberena y callej\u00f3n del Colegio, a partir de 1873 todo el trayecto de la calle recibi\u00f3 el nombre de Galeana y en 1930 se le [&hellip;]<\/p>\n","protected":false},"author":1,"featured_media":12445,"comment_status":"closed","ping_status":"closed","sticky":false,"template":"","format":"standard","meta":{"footnotes":""},"categories":[265],"tags":[],"class_list":["post-12444","post","type-post","status-publish","format-standard","has-post-thumbnail","hentry","category-16-de-octubre-de-2020-ed-385"],"_links":{"self":[{"href":"https:\/\/elperiodicodesaltillo.com\/wp\/wp-json\/wp\/v2\/posts\/12444","targetHints":{"allow":["GET"]}}],"collection":[{"href":"https:\/\/elperiodicodesaltillo.com\/wp\/wp-json\/wp\/v2\/posts"}],"about":[{"href":"https:\/\/elperiodicodesaltillo.com\/wp\/wp-json\/wp\/v2\/types\/post"}],"author":[{"embeddable":true,"href":"https:\/\/elperiodicodesaltillo.com\/wp\/wp-json\/wp\/v2\/users\/1"}],"replies":[{"embeddable":true,"href":"https:\/\/elperiodicodesaltillo.com\/wp\/wp-json\/wp\/v2\/comments?post=12444"}],"version-history":[{"count":2,"href":"https:\/\/elperiodicodesaltillo.com\/wp\/wp-json\/wp\/v2\/posts\/12444\/revisions"}],"predecessor-version":[{"id":12448,"href":"https:\/\/elperiodicodesaltillo.com\/wp\/wp-json\/wp\/v2\/posts\/12444\/revisions\/12448"}],"wp:featuredmedia":[{"embeddable":true,"href":"https:\/\/elperiodicodesaltillo.com\/wp\/wp-json\/wp\/v2\/media\/12445"}],"wp:attachment":[{"href":"https:\/\/elperiodicodesaltillo.com\/wp\/wp-json\/wp\/v2\/media?parent=12444"}],"wp:term":[{"taxonomy":"category","embeddable":true,"href":"https:\/\/elperiodicodesaltillo.com\/wp\/wp-json\/wp\/v2\/categories?post=12444"},{"taxonomy":"post_tag","embeddable":true,"href":"https:\/\/elperiodicodesaltillo.com\/wp\/wp-json\/wp\/v2\/tags?post=12444"}],"curies":[{"name":"wp","href":"https:\/\/api.w.org\/{rel}","templated":true}]}}