{"id":12480,"date":"2020-10-20T23:47:35","date_gmt":"2020-10-20T23:47:35","guid":{"rendered":"http:\/\/elperiodicodesaltillo.com\/wp\/?p=12480"},"modified":"2020-10-20T23:49:55","modified_gmt":"2020-10-20T23:49:55","slug":"la-educacion-es-la-base-fundamental-del-desarrollo-economico-en-coahuila-mars","status":"publish","type":"post","link":"https:\/\/elperiodicodesaltillo.com\/wp\/2020\/10\/20\/la-educacion-es-la-base-fundamental-del-desarrollo-economico-en-coahuila-mars\/","title":{"rendered":"LA EDUCACI\u00d3N ES LA BASE FUNDAMENTAL DEL DESARROLLO ECON\u00d3MICO EN COAHUILA: MARS"},"content":{"rendered":"\n<figure class=\"wp-block-image\"><img loading=\"lazy\" decoding=\"async\" width=\"1024\" height=\"681\" src=\"http:\/\/elperiodicodesaltillo.com\/wp\/wp-content\/uploads\/2020\/10\/educacionbasica-1024x681.jpg\" alt=\"\" class=\"wp-image-12481\" srcset=\"https:\/\/elperiodicodesaltillo.com\/wp\/wp-content\/uploads\/2020\/10\/educacionbasica.jpg 1024w, https:\/\/elperiodicodesaltillo.com\/wp\/wp-content\/uploads\/2020\/10\/educacionbasica-300x200.jpg 300w, https:\/\/elperiodicodesaltillo.com\/wp\/wp-content\/uploads\/2020\/10\/educacionbasica-768x511.jpg 768w, https:\/\/elperiodicodesaltillo.com\/wp\/wp-content\/uploads\/2020\/10\/educacionbasica-696x463.jpg 696w, https:\/\/elperiodicodesaltillo.com\/wp\/wp-content\/uploads\/2020\/10\/educacionbasica-632x420.jpg 632w\" sizes=\"auto, (max-width: 1024px) 100vw, 1024px\" \/><\/figure>\n\n\n\n<p>\u00b7&nbsp;&nbsp;&nbsp;&nbsp;&nbsp; <strong><em>Ponen primera piedra de la Universidad\nAut\u00f3noma de Durango, Campus Monclova.<\/em><\/strong><\/p>\n\n\n\n<p>\u00b7&nbsp;&nbsp;&nbsp;&nbsp;&nbsp; <strong><em>Reconoce Rector de la UAD al Gobierno\ndel Estado por las condiciones para la apertura de nuevas oportunidades\nuniversitarias. <\/em><\/strong><\/p>\n\n\n\n<p>Monclova, Coahuila de Zaragoza; a 20 de\nOctubre de 2020.- El gobernador Miguel \u00c1ngel Riquelme Sol\u00eds asisti\u00f3 a la\nceremonia de colocaci\u00f3n de primera piedra de lo que ser\u00e1 la Universidad\nAut\u00f3noma de Durango (UAD) Campus Monclova, que viene a sumarse como una nueva\nalternativa educativa de nivel profesional en la Regi\u00f3n Centro de Coahuila.<\/p>\n\n\n\n<p>En dicha obra se invierten 90 millones\npesos y se edifica en el kil\u00f3metro 15 de la Carretera Federal 57.<\/p>\n\n\n\n<p>Riquelme Sol\u00eds, acompa\u00f1ado de Mart\u00edn\nGerardo Soriano Sari\u00f1ana, Rector de la UAD, llevaron a cabo el acto\nprotocolario donde refrendaron el compromiso de trabajar por una educaci\u00f3n de\ncalidad en \u00e1reas que demanda el sector empresarial, industrial y de negocios,\nas\u00ed como de salud en la entidad y el Pa\u00eds.<\/p>\n\n\n\n<p>El Mandatario estatal precis\u00f3 que la\nllegada de nuevas universidades con carreras afines a la salud son un semillero\nque permite fortalecer este sector, que ha sido la primera l\u00ednea de batalla\ndurante la pandemia por el Covid-19, y hoy viene a dar una oportunidad a nuevas\ngeneraciones con especialidades en Medicina, Enfermer\u00eda y todas las \u00e1reas que\ndemandan los hospitales p\u00fablicos y privados.<\/p>\n\n\n\n<p>\u201cLa educaci\u00f3n es la base fundamental del\ndesarrollo econ\u00f3mico en Coahuila, as\u00ed se ha valorado y consolidado por mi\nGobierno. Se tiene mano de obra calificada y es imprescindible seguir\nofreci\u00e9ndola al inversionista\u201d, indic\u00f3.<\/p>\n\n\n\n<p>Riquelme Sol\u00eds resalt\u00f3 que se ha logrado\ncrecer de manera gradual ante la pandemia porque se actu\u00f3 a tiempo, por lo que\nse ha podido seguir adelante en cada sector, como el educativo, que es esencial\ny se trabaja en ello.<\/p>\n\n\n\n<p>El Gobernador mencion\u00f3 que Coahuila\nofrece m\u00faltiples opciones de trabajo y que la entidad es el cuarto lugar a\nnivel nacional en empleos recuperados, lo que conlleva a un mensaje claro a la\ncadena&nbsp; de productividad y se busca adem\u00e1s el arribo de nuevas inversiones\na la entidad.<\/p>\n\n\n\n<p>\u201cBienvenida la Universidad Aut\u00f3noma de\nDurango a esta parte de Coahuila, llegan ustedes a una gran regi\u00f3n de gente\ntrabajadora y luchona, los j\u00f3venes van a encontrar otra oportunidad educativa\nque llega a un estado con visi\u00f3n\u201d, expres\u00f3.<\/p>\n\n\n\n<p>De la misma manera, reconoci\u00f3 el trabajo\nque ha hecho el Subcomit\u00e9 T\u00e9cnico de Salud en la regi\u00f3n, con decisiones y\nacciones para poder continuar con la recuperaci\u00f3n econ\u00f3mica gradual y con la\nreapertura de las m\u00faltiples actividades de la sociedad.<\/p>\n\n\n\n<p>AGRADECE AL ESTADO<\/p>\n\n\n\n<p>Araceli Villanueva Ortega, Vicerrectora\nde la UAD, agradeci\u00f3 el apoyo de la entidad para concretar este proyecto en Monclova.<\/p>\n\n\n\n<p>\u201cHoy es una nueva realidad que se\nconcreta a favor de la educaci\u00f3n profesional\u201d, expres\u00f3.<\/p>\n\n\n\n<p>Al dar los detalles de la obra, Martin\nGerardo Soriano Sari\u00f1ana, Rector de la UAD, reconoci\u00f3 al Gobierno del Estado\npor las condiciones para la apertura de nuevas oportunidades universitarias a\nlos j\u00f3venes coahuilenses, e hizo referencia a la aceptaci\u00f3n de la gente,\ndemostrado durante el desarrollo tranquilo del pasado proceso electoral.<\/p>\n\n\n\n<p>\u201cGobernador, vemos que ha hecho las\ncosas correctas, lo importante es la gente de Coahuila y se ha visto en las\n\u00e1reas de salud, educaci\u00f3n y seguridad. Fuimos invitados en Torre\u00f3n para la\ncarrera de Medicina, se puso en Saltillo igual, y ahora las directrices que ha\nmanejado en materia educativa han hecho un importante polo desde educaci\u00f3n\nb\u00e1sica hasta el nivel superior\u201d, se\u00f1al\u00f3 el Rector de la UAD.<\/p>\n\n\n\n<p>Inform\u00f3 que la primera etapa de la\nconstrucci\u00f3n ser\u00e1 terminada en agosto del pr\u00f3ximo a\u00f1o; posteriormente, en dos\na\u00f1os se tiene proyectada la culminaci\u00f3n del campus con todas su \u00e1reas,\nlaboratorios y talleres.&nbsp; <\/p>\n\n\n\n<p>Alfredo Paredes L\u00f3pez, Alcalde de\nMonclova, expuso que en la Regi\u00f3n Centro se van a construir un cuartel militar,\nun nuevo hospital con capacidad de 144 camas y una escuela de enfermer\u00eda, lo\nque viene a se\u00f1alar el crecimiento y competitividad que marcar\u00e1 la pauta en\ndesarrollo por Coahuila y por Monclova.<\/p>\n\n\n\n<p>En este campus se impartir\u00e1n las\ncarreras de Gastronom\u00eda, Derecho, Dise\u00f1o Gr\u00e1fico, Ingenier\u00eda Industrial,\nArquitectura, Administraci\u00f3n y Gesti\u00f3n de Empresas, adem\u00e1s las de Salud, como\nMedicina, Fisioterapia, Odontolog\u00eda, Nutrici\u00f3n y Psicolog\u00eda. <\/p>\n\n\n\n<p>Entre los asistentes al evento destacan\nel Secretario de Educaci\u00f3n del Estado, Higinio Gonz\u00e1lez Calder\u00f3n, y Roberto\nBernal G\u00f3mez, Secretario de Salud, entre otros.<\/p>\n","protected":false},"excerpt":{"rendered":"<p>\u00b7&nbsp;&nbsp;&nbsp;&nbsp;&nbsp; Ponen primera piedra de la Universidad Aut\u00f3noma de Durango, Campus Monclova. \u00b7&nbsp;&nbsp;&nbsp;&nbsp;&nbsp; Reconoce Rector de la UAD al Gobierno del Estado por las condiciones para la apertura de nuevas oportunidades universitarias. Monclova, Coahuila de Zaragoza; a 20 de Octubre de 2020.- El gobernador Miguel \u00c1ngel Riquelme Sol\u00eds asisti\u00f3 a la ceremonia de colocaci\u00f3n de [&hellip;]<\/p>\n","protected":false},"author":1,"featured_media":12481,"comment_status":"closed","ping_status":"closed","sticky":false,"template":"","format":"standard","meta":{"footnotes":""},"categories":[21],"tags":[],"class_list":["post-12480","post","type-post","status-publish","format-standard","has-post-thumbnail","hentry","category-coahuila"],"_links":{"self":[{"href":"https:\/\/elperiodicodesaltillo.com\/wp\/wp-json\/wp\/v2\/posts\/12480","targetHints":{"allow":["GET"]}}],"collection":[{"href":"https:\/\/elperiodicodesaltillo.com\/wp\/wp-json\/wp\/v2\/posts"}],"about":[{"href":"https:\/\/elperiodicodesaltillo.com\/wp\/wp-json\/wp\/v2\/types\/post"}],"author":[{"embeddable":true,"href":"https:\/\/elperiodicodesaltillo.com\/wp\/wp-json\/wp\/v2\/users\/1"}],"replies":[{"embeddable":true,"href":"https:\/\/elperiodicodesaltillo.com\/wp\/wp-json\/wp\/v2\/comments?post=12480"}],"version-history":[{"count":1,"href":"https:\/\/elperiodicodesaltillo.com\/wp\/wp-json\/wp\/v2\/posts\/12480\/revisions"}],"predecessor-version":[{"id":12482,"href":"https:\/\/elperiodicodesaltillo.com\/wp\/wp-json\/wp\/v2\/posts\/12480\/revisions\/12482"}],"wp:featuredmedia":[{"embeddable":true,"href":"https:\/\/elperiodicodesaltillo.com\/wp\/wp-json\/wp\/v2\/media\/12481"}],"wp:attachment":[{"href":"https:\/\/elperiodicodesaltillo.com\/wp\/wp-json\/wp\/v2\/media?parent=12480"}],"wp:term":[{"taxonomy":"category","embeddable":true,"href":"https:\/\/elperiodicodesaltillo.com\/wp\/wp-json\/wp\/v2\/categories?post=12480"},{"taxonomy":"post_tag","embeddable":true,"href":"https:\/\/elperiodicodesaltillo.com\/wp\/wp-json\/wp\/v2\/tags?post=12480"}],"curies":[{"name":"wp","href":"https:\/\/api.w.org\/{rel}","templated":true}]}}