{"id":12512,"date":"2020-10-26T15:13:11","date_gmt":"2020-10-26T15:13:11","guid":{"rendered":"http:\/\/elperiodicodesaltillo.com\/wp\/?p=12512"},"modified":"2020-10-28T15:15:25","modified_gmt":"2020-10-28T15:15:25","slug":"con-unidad-coahuila-cierra-filas-ante-recortes-presupuestales-de-la-federacion-mars%ef%bb%bf","status":"publish","type":"post","link":"https:\/\/elperiodicodesaltillo.com\/wp\/2020\/10\/26\/con-unidad-coahuila-cierra-filas-ante-recortes-presupuestales-de-la-federacion-mars%ef%bb%bf\/","title":{"rendered":"CON UNIDAD, COAHUILA CIERRA FILAS ANTE RECORTES PRESUPUESTALES DE LA FEDERACI\u00d3N: MARS\ufeff"},"content":{"rendered":"\n<p>\u00b7&nbsp;&nbsp;&nbsp;&nbsp;&nbsp;&nbsp;<strong><em>Gobernador Miguel Riquelme preside acto donde todos los sectores\ndel estado se pronuncian por la equidad.<\/em><\/strong><\/p>\n\n\n\n<p>\u00b7&nbsp;&nbsp;&nbsp;&nbsp;&nbsp;&nbsp;<strong><em>Anticipa posible rompimiento del Pacto Federal.<\/em><\/strong><\/p>\n\n\n\n<figure class=\"wp-block-image\"><img loading=\"lazy\" decoding=\"async\" width=\"1024\" height=\"682\" src=\"http:\/\/elperiodicodesaltillo.com\/wp\/wp-content\/uploads\/2020\/10\/unidad-1024x682.jpg\" alt=\"\" class=\"wp-image-12513\" srcset=\"https:\/\/elperiodicodesaltillo.com\/wp\/wp-content\/uploads\/2020\/10\/unidad.jpg 1024w, https:\/\/elperiodicodesaltillo.com\/wp\/wp-content\/uploads\/2020\/10\/unidad-300x200.jpg 300w, https:\/\/elperiodicodesaltillo.com\/wp\/wp-content\/uploads\/2020\/10\/unidad-768x512.jpg 768w, https:\/\/elperiodicodesaltillo.com\/wp\/wp-content\/uploads\/2020\/10\/unidad-696x464.jpg 696w, https:\/\/elperiodicodesaltillo.com\/wp\/wp-content\/uploads\/2020\/10\/unidad-631x420.jpg 631w\" sizes=\"auto, (max-width: 1024px) 100vw, 1024px\" \/><\/figure>\n\n\n\n<p>Saltillo, Coahuila de Zaragoza; a 26 de Octubre de 2020.- En\nvirtud de que los recortes presupuestales y la eliminaci\u00f3n de fideicomisos por\nparte del Gobierno Federal atentan en contra de todos los sectores de Coahuila,\nel gobernador Miguel \u00c1ngel Riquelme Sol\u00eds encabez\u00f3 el evento en donde en forma\nun\u00e1nime se unieron al pronunciamiento de cerrar filas para reclamar el trato\njusto y equitativo.<\/p>\n\n\n\n<p>Simult\u00e1neamente, los gobernadores que conforman la Alianza Federalista\nencabezaron en sus entidades eventos similares con la finalidad de exigir\ncorresponsabilidad de la Federaci\u00f3n.<\/p>\n\n\n\n<p>En Coahuila, alcaldes, legisladores locales y federales,\nmagistrados, dirigentes empresariales e industriales, del sector obrero,\nautoridades universitarias, de la ciencia y la tecnolog\u00eda, educaci\u00f3n, salud,\ninfraestructura, seguridad p\u00fablica, deportistas y representantes de la sociedad\ncivil, as\u00ed como directivos de guarder\u00edas infantiles y de colectivos de familias\nde ni\u00f1os y mujeres con c\u00e1ncer, externaron su solidaridad con el\npronunciamiento.<\/p>\n\n\n\n<p>Miguel Riquelme, despu\u00e9s de conocer los planteamientos, dej\u00f3 en\nclaro que en Coahuila \u201cno permitiremos el abuso\u201d.<\/p>\n\n\n\n<p>A\u00f1adi\u00f3 que hay disposici\u00f3n a mantener el di\u00e1logo y a trabajar en\nconjunto con el Gobierno Federal, sin embargo, enfatiz\u00f3:<\/p>\n\n\n\n<p>\u201cSi no hay di\u00e1logo y respuestas claras, estamos preparados para\nemprender la batalla legal y pol\u00edtica.<\/p>\n\n\n\n<p>\u201cEntonces, nuestra lucha podr\u00e1 ser el inicio del rompimiento legal\ndel Pacto Federal con graves consecuencias para el Pa\u00eds\u201d, advirti\u00f3.<\/p>\n\n\n\n<p>Previamente, se\u00f1al\u00f3 que no obstante que el a\u00f1o pasado Coahuila fue\nprimer lugar nacional en crecimiento porcentual en los ingresos estatales, tuvo\nrecortes importantes en los a\u00f1os 2019 y 2020 y se espera una cuesti\u00f3n similar\nel entrante 2021.<\/p>\n\n\n\n<p>Mientras que Coahuila destin\u00f3 mil millones de pesos para enfrentar\nla pandemia, no se recibi\u00f3 recurso alguno de la Federaci\u00f3n para ese concepto,\na\u00f1adi\u00f3 Riquelme Sol\u00eds, y cit\u00f3 que la desaparici\u00f3n de 109 fideicomisos \u2014por\nalrededor de 68 mil millones de pesos\u2014 resulta grave para el desarrollo\ncient\u00edfico y tecnol\u00f3gico.<\/p>\n\n\n\n<p>\u201cEn Coahuila, esta extinci\u00f3n representa la eliminaci\u00f3n anual de\n815 millones de pesos respecto a lo que recib\u00edamos en el 2018\u201d, agreg\u00f3.&nbsp;<\/p>\n\n\n\n<p>Mientras que en los Ramos 28 y 33, correspondientes a los\nprincipales programas sociales y educativos, se estima un decremento real de\nmil 571 millones de pesos entre 2020 y 2021, detall\u00f3.&nbsp;<\/p>\n\n\n\n<p>\u201cEn cuanto a convenios y subsidios, de 4 mil 600 millones que recib\u00edamos\ns\u00f3lo se tiene la certeza de la asignaci\u00f3n para el sector educativo de las\nuniversidades aut\u00f3nomas de Coahuila y la Agraria Antonio Narro por un total de\n2 mil 493 millones 400 mil pesos\u201d, especific\u00f3.&nbsp;<\/p>\n\n\n\n<p>\u201cEl resto de los sectores depender\u00e1n del acuerdo final, estimando\nuna disminuci\u00f3n total de 2 mil 107 millones de pesos\u201d.<\/p>\n\n\n\n<p>El gobernador Miguel Riquelme a\u00f1adi\u00f3 que en el rubro de\nComunicaciones y Transportes, as\u00ed como en Infraestructura, Coahuila qued\u00f3 fuera\ndel presupuesto: \u201cEn los Proyectos Nacionales y Construcci\u00f3n de Carreteras se\npodr\u00eda descender a 18 mil 700 millones de pesos\u201d.<\/p>\n\n\n\n<p>En cuanto al Convenio de Colaboraci\u00f3n Administrativa en materia\nFiscal Federal, en lo que corresponde a 2020 se tienen retrasos que\n\u201cdif\u00edcilmente se cumplir\u00e1n\u201d, advirti\u00f3.<\/p>\n\n\n\n<p>Sucede lo mismo en la autoliquidaci\u00f3n de ingresos federales, donde\npara el pr\u00f3ximo a\u00f1o se estima una afectaci\u00f3n por 544.7 millones de pesos.<\/p>\n\n\n\n<p>Todos los sectores del crecimiento y desarrollo enfrentan severas\nreducciones.<\/p>\n\n\n\n<p>En seguridad, precis\u00f3 el Mandatario estatal, \u201cel Fondo de\nAportaciones para la Seguridad P\u00fablica (FASP) no tiene incremento, por lo que\nlos municipios no dispondr\u00e1n de mayores recursos para prevenci\u00f3n de la\nviolencia, profesionalizaci\u00f3n, certificaci\u00f3n policial, infraestructura y\nequipo. El FORTAMUN disminuye 4.6 por ciento a nivel nacional\u201d.&nbsp;<\/p>\n\n\n\n<p>En Registro Civil se adeudan en este a\u00f1o mil 253 millones,\nafectando a los programas de actualizaci\u00f3n, operaci\u00f3n y servicios electr\u00f3nicos.<\/p>\n\n\n\n<p>En deporte, se dejaron de recibir 5.49 millones en este a\u00f1o, y\nderivado de la extinci\u00f3n de los fideicomisos a partir del pr\u00f3ximo se dejar\u00e1n de\nrecibir 7.12 millones.<\/p>\n\n\n\n<p>Asimismo, se prev\u00e9n dr\u00e1sticas reducciones en los programas de\ncapacitaci\u00f3n para el trabajo, vivienda y cultura.<\/p>\n\n\n\n<p>\u201cEl Fondo Nacional de Desastres Naturales (FONDEN) se establecer\u00e1\nde acuerdo al importe del rubro del cat\u00e1logo federal definido como desastre, y\nla aportaci\u00f3n depender\u00e1 de la gravedad de los hechos\u201d, apunt\u00f3.<\/p>\n\n\n\n<p>En el encuentro, las y los representantes de todos los sectores de\nla entidad patentizaron su respaldo a la determinaci\u00f3n del gobernador Riquelme\nSol\u00eds de mantener su disposici\u00f3n de trabajar porque a Coahuila el Gobierno\nFederal le regrese lo justo, en un \u00e1mbito de equidad.<\/p>\n\n\n\n<p>Asimismo, celebraron el pronunciamiento del Gobernador de iniciar\nla batalla legal para la mejor distribuci\u00f3n de los recursos federales a Coahuila.<\/p>\n\n\n\n<p>Participaron en este evento los alcaldes de Saltillo, Manolo\nJim\u00e9nez Salinas, y de Torre\u00f3n, Jorge Zerme\u00f1o Infante; el magistrado Ignacio\nM\u00e1ynez, y el diputado Marcelo Torres Cofi\u00f1o, a nombre de los Poderes Judicial y\nLegislativo del Estado.<\/p>\n\n\n\n<p>As\u00ed como el dirigente estatal de la CTM, Tereso Medina Ram\u00edrez; el\npresidente de Canacintra-Coahuila Sureste, Antonio Lazcano Ponce; el Secretario\nGeneral de la Secci\u00f3n 38 del SNTE, -Xicot\u00e9ncatl de la Cruz; el Rector de la UA\nde C, Salvador Hern\u00e1ndez V\u00e9lez; Blas Ruiz Mart\u00ednez, a nombre de deportistas de\nAlto Rendimiento de Coahuila, y Ana Karla Botello Soto, representante de\nEstancias Infantiles de La Laguna.<\/p>\n\n\n\n<p>PRONUNCIAMIENTOS<\/p>\n\n\n\n<p>En este sentido, el Alcalde de Saltillo, Manolo Jim\u00e9nez Salinas,\nresalt\u00f3 que de contarse con recursos federales se podr\u00eda haber construido un\ncomplejo similar al \u201cSarape\u201d, de la Colonia Teresitas, en las colonias\nMirsierra y en Saltillo 2000.<\/p>\n\n\n\n<p>Esto s\u00f3lo es un ejemplo, se\u00f1al\u00f3, de c\u00f3mo afecta la falta de\nsolidaridad de parte de la Federaci\u00f3n.&nbsp;<\/p>\n\n\n\n<p>Por ello, expres\u00f3: \u201cSe hace este llamado en\u00e9rgico al Gobierno\ncentral para que se respeten los recursos que nos corresponden a cada entidad,\nporque eso es lo justo y lo correcto. Aqu\u00ed no queremos nada regalado,\n\u00fanicamente lo que nos corresponde\u201d.<\/p>\n\n\n\n<p>Asever\u00f3 que en Coahuila la coordinaci\u00f3n es fundamental para\nconcretar acciones importantes en beneficio de la comunidad, y apunt\u00f3 que los\nconsolidados \u201cen Coahuila los hemos logrado gracias al trabajo en equipo, la\nsociedad y los tres \u00f3rdenes de Gobierno\u201d.<\/p>\n\n\n\n<p>\u201cMandamos un mensaje claro y contundente: Los coahuilenses estamos\nen el rechazo a las decisiones que nos afectan, y pedimos a la Federaci\u00f3n\nprofundice y sea consciente con los municipios del Pa\u00eds\u201d.&nbsp;<\/p>\n\n\n\n<p>Por su parte, el Alcalde de Torre\u00f3n, Jorge Zerme\u00f1o Infante, indic\u00f3\nque actualmente M\u00e9xico vive momentos dif\u00edciles por problemas de salud y\necon\u00f3micos, pero sobre todo por pol\u00edticos, unos de fuera y otros por la\ncerraz\u00f3n al di\u00e1logo, y a una visi\u00f3n equivocada de entender la responsabilidad\nde gobernar una naci\u00f3n pluri\u00e9tnica, pluricultural, democr\u00e1tica, republicana y\nfederal.<\/p>\n\n\n\n<p>Indic\u00f3 que en las definiciones del Presidente s\u00f3lo caben los que\npiensan como \u00e9l.&nbsp;<\/p>\n\n\n\n<p>\u201cA d\u00f3nde nos lleva la definici\u00f3n manifiesta entre buenos y malos?\nTodos los gobernantes tenemos una legitimidad de origen y estamos obligados a\ngobernar para todos, sin distingos\u201d, enfatiz\u00f3.<\/p>\n\n\n\n<p>\u201cHoy es momento para revisar el Federalismo y la divisi\u00f3n de\nPoderes, as\u00ed como la Ley de Coordinaci\u00f3n Fiscal con criterios de equidad que\ndeber reconocer la eficiencia en la contribuci\u00f3n del ingreso nacional.<\/p>\n\n\n\n<p>\u201cA Coahuila no se le devuelve lo que aporta a nivel nacional. En\nCoahuila nos sentimos marginados en el dise\u00f1o y distribuci\u00f3n del gasto p\u00fablico\nfederal\u201d,&nbsp;<\/p>\n\n\n\n<p>Al tiempo que se\u00f1al\u00f3 que a Torre\u00f3n se le hizo un recorte de\nparticipaciones federales de m\u00e1s de 50 millones de pesos.<\/p>\n\n\n\n<p>En tanto, el magistrado&nbsp;&nbsp;Ignacio M\u00e1ynez Varela, a nombre\ndel Poder Judicial del Estado, indic\u00f3 que los Tribunales del Pa\u00eds han\nparticipado en un di\u00e1logo nacional que busca la reforma del Art\u00edculo 116\nconstitucional, para que estos organismos a nivel local \u201ccontemos con los\nrecursos suficientes y necesarios para tener una justicia efectiva. Esto,\nestableciendo un m\u00ednimo del 2 por ciento del presupuesto de cada entidad\u201d.<\/p>\n\n\n\n<p>\u201cLa disminuci\u00f3n de los recursos que las entidades sufren por parte\nde la Federaci\u00f3n para atender desastres o fomentar sectores econ\u00f3micos para\ngarantizar el desarrollo y seguridad de su poblaci\u00f3n,&nbsp;&nbsp;comprometen\na\u00fan m\u00e1s las capacidades locales para enfrentar estos retos\u201d.<\/p>\n\n\n\n<p>Mientras que el diputado local, Marcelo Torres Cofi\u00f1o, a nombre\ndel Congreso del Estado, coment\u00f3 que Coahuila es la s\u00e9ptima entidad que m\u00e1s\naporta al PIB nacional, generando 845 mil millones de pesos y recibiendo por\nparte de la Federaci\u00f3n 44 mil millones.<\/p>\n\n\n\n<p>\u201cEs decir, tan s\u00f3lo el 5.2 por ciento de lo que Coahuila le aporta\na toda la econom\u00eda nacional. Y a pesar de ellos somos la sexta entidad que m\u00e1s\nha sufrido recortes presupuestales. Se estima que hasta 2 mil 500 millones de\npesos en este 2020, unos 4 o 5 mil millones el a\u00f1o pr\u00f3ximo.<\/p>\n\n\n\n<p>\u201cNos han quitado 388 millones para carreteras, 90 millones para\napoyar al campo, 56 millones para el agua, 16 millones para migrantes, 6\nmillones para transporte de discapacitados, y un largo etc\u00e9tera\u201d, a\u00f1adi\u00f3.<\/p>\n\n\n\n<p>Recalc\u00f3 las p\u00e9simas decisiones tomadas desde Palacio Nacional.<\/p>\n\n\n\n<p>\u201cLe costaron a Coahuila m\u00e1s de 43 mil empleos formales y le doble\nde los informales, por lo menos. Un 12 por ciento de los negocios tuvo que\ncerrar sus puertas en forma definitiva, esto afecta negativamente el ingreso\nreal en los hogares coahuilenses, cuando menos en un 8 por ciento, y esto por\nsupuesto que tambi\u00e9n campea en la cuesti\u00f3n de impuestos y derechos en la\nentidad\u201d, indic\u00f3.<\/p>\n\n\n\n<p>Por su parte, el presidente de CANACINTRA Coahuila Sureste,\nAntonio Lazcano Ponce, mencion\u00f3 que empresarios e industriales de Coahuila se\npronuncian en contra de la reducci\u00f3n del presupuesto federal de mil 400\nmillones de pesos, que impactar\u00e1 en proyectos de infraestructura p\u00fablica,\neducaci\u00f3n, salud y desarrollo econ\u00f3mico, al tiempo que extern\u00f3 su rechazo a la\ndesaparici\u00f3n de fideicomisos y programas enfocados a la ciencia, la tecnolog\u00eda\ny la innovaci\u00f3n, a la salud, a la educaci\u00f3n y al campo.<\/p>\n\n\n\n<p>Tereso Medina Ram\u00edrez, dirigente de la CTM en Coahuila, a\u00f1adi\u00f3 que\nM\u00e9xico no puede caminar por la polarizaci\u00f3n ni por el encono, y no se puede\ngobernar el Pa\u00eds con rencor: \u201cPareciera que se est\u00e1 utilizando el Gobierno de\nla Rep\u00fablica para cobrar facturas que no debemos\u201d.<\/p>\n\n\n\n<p>A\u00f1adi\u00f3 que no se puede gobernar dando la espalda a la estabilidad\nlaboral, argument\u00e1ndose de reformas que lejos de avanzar van en retroceso, y\nafirm\u00f3 que M\u00e9xico vive la peor encrucijada de su historia, al momento que\ndestac\u00f3 la deficiencia demostrada para atender el pandemia por el Covid-19.<\/p>\n\n\n\n<p>En tanto, a nombre de la Secci\u00f3n 38 del SNTE, Xicot\u00e9ncatl de la\nCruz Garc\u00eda, indic\u00f3 que el actual es uno de los momentos m\u00e1s complicados en la\nhistoria del Pa\u00eds: \u201cNos encontramos en medio de una pandemia que azota a cada\nuna de las naciones; somos el cuarto pa\u00eds con m\u00e1s muertos en el mundo\u201d.&nbsp;<\/p>\n\n\n\n<p>\u201cAdem\u00e1s, la inseguridad p\u00fablica est\u00e1 en sus niveles m\u00e1s altos, y\nla crisis econ\u00f3mica producto de la pandemia se agudiza por las err\u00e1ticas\npol\u00edticas que generan desconfianza\u201d.<\/p>\n\n\n\n<p>El Rector de la UAdeC, Salvador Hern\u00e1ndez V\u00e9lez, se pronunci\u00f3 por\nel trato equitativo de manera urgente a trav\u00e9s de una pol\u00edtica de\nfinanciamiento, en donde la aportaci\u00f3n sea igual para todos.<\/p>\n\n\n\n<p>\u201cCoahuila, sus j\u00f3venes y sociedad en general, requieren de un\nsistema de educaci\u00f3n superior s\u00f3lido para fortalecer la mano de obra calificada\nque el Pa\u00eds y el Estado requieren, por ello los universitarios nos unimos al\nllamado del Gobernador para que en el Presupuesto de Egresos de la Federaci\u00f3n\n2021 Coahuila reciba lo que merece, y lo que es necesario para atender las\ndemandas de sus habitantes\u201d.<\/p>\n\n\n\n<p>Luego, Blas Ruiz Mart\u00ednez y Ana Karla Botello Soto, coincidieron\nen que los recortes del presupuesto federal afectar\u00e1n de gran manera al\ndesarrollo de los programas de alto rendimiento de los atletas de Coahuila y de\ntodos sus deportistas, adem\u00e1s del trabajo que realizan las estancias infantiles\nde todo el estado en beneficio de miles de madres trabajadoras.<\/p>\n","protected":false},"excerpt":{"rendered":"<p>\u00b7&nbsp;&nbsp;&nbsp;&nbsp;&nbsp;&nbsp;Gobernador Miguel Riquelme preside acto donde todos los sectores del estado se pronuncian por la equidad. \u00b7&nbsp;&nbsp;&nbsp;&nbsp;&nbsp;&nbsp;Anticipa posible rompimiento del Pacto Federal. Saltillo, Coahuila de Zaragoza; a 26 de Octubre de 2020.- En virtud de que los recortes presupuestales y la eliminaci\u00f3n de fideicomisos por parte del Gobierno Federal atentan en contra de todos los [&hellip;]<\/p>\n","protected":false},"author":1,"featured_media":12513,"comment_status":"closed","ping_status":"closed","sticky":false,"template":"","format":"standard","meta":{"footnotes":""},"categories":[21],"tags":[],"class_list":["post-12512","post","type-post","status-publish","format-standard","has-post-thumbnail","hentry","category-coahuila"],"_links":{"self":[{"href":"https:\/\/elperiodicodesaltillo.com\/wp\/wp-json\/wp\/v2\/posts\/12512","targetHints":{"allow":["GET"]}}],"collection":[{"href":"https:\/\/elperiodicodesaltillo.com\/wp\/wp-json\/wp\/v2\/posts"}],"about":[{"href":"https:\/\/elperiodicodesaltillo.com\/wp\/wp-json\/wp\/v2\/types\/post"}],"author":[{"embeddable":true,"href":"https:\/\/elperiodicodesaltillo.com\/wp\/wp-json\/wp\/v2\/users\/1"}],"replies":[{"embeddable":true,"href":"https:\/\/elperiodicodesaltillo.com\/wp\/wp-json\/wp\/v2\/comments?post=12512"}],"version-history":[{"count":1,"href":"https:\/\/elperiodicodesaltillo.com\/wp\/wp-json\/wp\/v2\/posts\/12512\/revisions"}],"predecessor-version":[{"id":12514,"href":"https:\/\/elperiodicodesaltillo.com\/wp\/wp-json\/wp\/v2\/posts\/12512\/revisions\/12514"}],"wp:featuredmedia":[{"embeddable":true,"href":"https:\/\/elperiodicodesaltillo.com\/wp\/wp-json\/wp\/v2\/media\/12513"}],"wp:attachment":[{"href":"https:\/\/elperiodicodesaltillo.com\/wp\/wp-json\/wp\/v2\/media?parent=12512"}],"wp:term":[{"taxonomy":"category","embeddable":true,"href":"https:\/\/elperiodicodesaltillo.com\/wp\/wp-json\/wp\/v2\/categories?post=12512"},{"taxonomy":"post_tag","embeddable":true,"href":"https:\/\/elperiodicodesaltillo.com\/wp\/wp-json\/wp\/v2\/tags?post=12512"}],"curies":[{"name":"wp","href":"https:\/\/api.w.org\/{rel}","templated":true}]}}