{"id":15742,"date":"2021-06-15T16:26:40","date_gmt":"2021-06-15T16:26:40","guid":{"rendered":"https:\/\/elperiodicodesaltillo.com\/wp\/?p=15742"},"modified":"2021-06-15T16:26:41","modified_gmt":"2021-06-15T16:26:41","slug":"que-es-la-oposicion","status":"publish","type":"post","link":"https:\/\/elperiodicodesaltillo.com\/wp\/2021\/06\/15\/que-es-la-oposicion\/","title":{"rendered":"\u00bfQu\u00e9 es la oposici\u00f3n?"},"content":{"rendered":"\n<p><strong><em>Fernando Rangel de Le\u00f3n.<\/em><\/strong><\/p>\n\n\n\n<p>Dentro de un mismo todo, hay una afirmaci\u00f3n y una negaci\u00f3n, a un mismo tiempo; que se llaman tesis y ant\u00edtesis, respectivamente, las que en su confrontaci\u00f3n natural producen la s\u00edntesis que a su turno se convierte en tesis que a la vez crea su ant\u00edtesis, y as\u00ed sucesivamente sin soluci\u00f3n de continuidad, y es a lo que se le llama dial\u00e9ctica; que se ha definido como la lucha de los contrarios.<\/p>\n\n\n\n<div class=\"wp-block-image\"><figure class=\"aligncenter size-large is-resized\"><img loading=\"lazy\" decoding=\"async\" src=\"https:\/\/elperiodicodesaltillo.com\/wp\/wp-content\/uploads\/2021\/06\/Rf44f7a203bdab9a45dfa925028ebb587.jpg\" alt=\"\" class=\"wp-image-15743\" width=\"512\" height=\"342\" srcset=\"https:\/\/elperiodicodesaltillo.com\/wp\/wp-content\/uploads\/2021\/06\/Rf44f7a203bdab9a45dfa925028ebb587.jpg 1024w, https:\/\/elperiodicodesaltillo.com\/wp\/wp-content\/uploads\/2021\/06\/Rf44f7a203bdab9a45dfa925028ebb587-300x200.jpg 300w, https:\/\/elperiodicodesaltillo.com\/wp\/wp-content\/uploads\/2021\/06\/Rf44f7a203bdab9a45dfa925028ebb587-768x512.jpg 768w, https:\/\/elperiodicodesaltillo.com\/wp\/wp-content\/uploads\/2021\/06\/Rf44f7a203bdab9a45dfa925028ebb587-696x464.jpg 696w, https:\/\/elperiodicodesaltillo.com\/wp\/wp-content\/uploads\/2021\/06\/Rf44f7a203bdab9a45dfa925028ebb587-630x420.jpg 630w\" sizes=\"auto, (max-width: 512px) 100vw, 512px\" \/><figcaption><em>El resultado general de las pasadas elecciones es una lecci\u00f3n de democracia en M\u00e9xico, dada por el Presidente de la Rep\u00fablica, que no meti\u00f3 para nada las manos en el proceso electoral ni antes ni durante, ni despu\u00e9s de la jorna<\/em>da<\/figcaption><\/figure><\/div>\n\n\n\n<p>De la dial\u00e9ctica nada se escapa, ni la naturaleza, ni lo social, ni lo pol\u00edtico, ni lo gubernamental; como es el caso de los partidos que est\u00e1n en el gobierno, que cuando no estaban en \u00e9l eran de oposici\u00f3n; pero al llegar al poder los otros partidos son sus opositores; d\u00e1ndose la situaci\u00f3n de que como en M\u00e9xico, el gobierno es de tres \u00e1mbitos, en el Federal se tiene a partidos opositores que en los estados, son gobiernos; y que en las mismas entidades federativas hay ayuntamientos del gobierno del estado y ayuntamientos de la oposici\u00f3n; como por ejemplo en Coahuila, que el gobierno estatal es priista y el ayuntamiento de Francisco I. Madero, es morenista.<\/p>\n\n\n\n<p>Es conveniente que cuando hablemos de oposici\u00f3n tengamos cuidado en ubicarnos a cu\u00e1l oposici\u00f3n nos estamos refiriendo; toda vez que esta relatividad nos puede llevar a confusiones tales como hablar bien de un gobierno que fue oposici\u00f3n o viceversa; lo que nos hace impedir ver objetivamente; es decir, ver lo que est\u00e1 afuera de nuestras cabezas.<\/p>\n\n\n\n<p>Desde luego que es m\u00e1s f\u00e1cil ser oposici\u00f3n que gobierno; pues en la oposici\u00f3n no se tiene ninguna responsabilidad p\u00fablica; siendo su principal papel se\u00f1alar los errores del gobierno para aprovecharse de ellos, desprestigiarlo, difamarlo, calumniarlo y llegar al poder; que una vez estando en \u00e9l la oposici\u00f3n no cumple todas las promesas de campa\u00f1a; m\u00e1xime cuando \u00e9stas fueron muchas.<\/p>\n\n\n\n<p>El saldo de las elecciones del 6 de junio, en lo federal le fue favorable al gobierno de&nbsp; MORENA, pues conserv\u00f3 su mayor\u00eda en la C\u00e1mara de Diputados federal; pero en la ciudad de M\u00e9xico, le fue mal, porque la oposici\u00f3n gan\u00f3 nueve alcald\u00edas, de las 16; en cambio, en el pa\u00eds le fue muy bien alcanzando ya 19 gubernaturas y 19 legislaturas locales en las 32 entidades federativas, incluyendo la capital; lo que le permitir\u00e1 al r\u00e9gimen de la 4T hacer las reformas legislativas y constitucionales necesarias para continuar realizando el proyecto de naci\u00f3n que le prometi\u00f3 a la sociedad.<\/p>\n\n\n\n<p>El resultado general de las pasadas elecciones es una lecci\u00f3n de democracia en M\u00e9xico, dada por el Presidente de la Rep\u00fablica, que no meti\u00f3 para nada las manos en el proceso electoral ni antes ni durante, ni despu\u00e9s de la jornada electoral; pues nunca ejerci\u00f3 su autoridad ni en el INE, ni en el TEPJF, ni en ninguna autoridad electoral local, para favorecer a los candidatos de MORENA; como se demuestra con la negativa del registro a muchos candidatos de su partido; siendo absolutamente respetuoso del voto libre de los alrededor de 46 millones de&nbsp; ciudadanos que ejercieron su sufragio.<\/p>\n\n\n\n<p>Esta actitud del Presidente, no es ninguna gracia ni haza\u00f1a, es lo que todos los anteriores presidentes debieron de haber hecho para que avanzara la democracia; pues es as\u00ed como debe conducirse un presidente dem\u00f3crata.<\/p>\n","protected":false},"excerpt":{"rendered":"<p>Fernando Rangel de Le\u00f3n. Dentro de un mismo todo, hay una afirmaci\u00f3n y una negaci\u00f3n, a un mismo tiempo; que se llaman tesis y ant\u00edtesis, respectivamente, las que en su confrontaci\u00f3n natural producen la s\u00edntesis que a su turno se convierte en tesis que a la vez crea su ant\u00edtesis, y as\u00ed sucesivamente sin soluci\u00f3n [&hellip;]<\/p>\n","protected":false},"author":38,"featured_media":15743,"comment_status":"closed","ping_status":"closed","sticky":false,"template":"","format":"standard","meta":{"footnotes":""},"categories":[284],"tags":[],"class_list":["post-15742","post","type-post","status-publish","format-standard","has-post-thumbnail","hentry","category-15-de-junio-de-2021-ed-401"],"_links":{"self":[{"href":"https:\/\/elperiodicodesaltillo.com\/wp\/wp-json\/wp\/v2\/posts\/15742","targetHints":{"allow":["GET"]}}],"collection":[{"href":"https:\/\/elperiodicodesaltillo.com\/wp\/wp-json\/wp\/v2\/posts"}],"about":[{"href":"https:\/\/elperiodicodesaltillo.com\/wp\/wp-json\/wp\/v2\/types\/post"}],"author":[{"embeddable":true,"href":"https:\/\/elperiodicodesaltillo.com\/wp\/wp-json\/wp\/v2\/users\/38"}],"replies":[{"embeddable":true,"href":"https:\/\/elperiodicodesaltillo.com\/wp\/wp-json\/wp\/v2\/comments?post=15742"}],"version-history":[{"count":1,"href":"https:\/\/elperiodicodesaltillo.com\/wp\/wp-json\/wp\/v2\/posts\/15742\/revisions"}],"predecessor-version":[{"id":15744,"href":"https:\/\/elperiodicodesaltillo.com\/wp\/wp-json\/wp\/v2\/posts\/15742\/revisions\/15744"}],"wp:featuredmedia":[{"embeddable":true,"href":"https:\/\/elperiodicodesaltillo.com\/wp\/wp-json\/wp\/v2\/media\/15743"}],"wp:attachment":[{"href":"https:\/\/elperiodicodesaltillo.com\/wp\/wp-json\/wp\/v2\/media?parent=15742"}],"wp:term":[{"taxonomy":"category","embeddable":true,"href":"https:\/\/elperiodicodesaltillo.com\/wp\/wp-json\/wp\/v2\/categories?post=15742"},{"taxonomy":"post_tag","embeddable":true,"href":"https:\/\/elperiodicodesaltillo.com\/wp\/wp-json\/wp\/v2\/tags?post=15742"}],"curies":[{"name":"wp","href":"https:\/\/api.w.org\/{rel}","templated":true}]}}