{"id":16064,"date":"2021-07-01T20:11:04","date_gmt":"2021-07-01T20:11:04","guid":{"rendered":"http:\/\/elperiodicodesaltillo.com\/wp\/?p=16064"},"modified":"2021-07-15T18:14:28","modified_gmt":"2021-07-15T18:14:28","slug":"parras-de-la-fuente-coahuila","status":"publish","type":"post","link":"https:\/\/elperiodicodesaltillo.com\/wp\/2021\/07\/01\/parras-de-la-fuente-coahuila\/","title":{"rendered":"Parras de la Fuente, Coahuila"},"content":{"rendered":"\n<p><strong>Parras de la Fuente<\/strong>, es la cabecera municipal del municipio hom\u00f3nimo en el estado <a href=\"https:\/\/es.wikipedia.org\/wiki\/M%C3%A9xico\">mexicano<\/a> de <a href=\"https:\/\/es.wikipedia.org\/wiki\/Coahuila_de_Zaragoza\">Coahuila<\/a>, localizado en la regi\u00f3n sur del estado. La ciudad es reconocida por ser donde se estableci\u00f3 la primera <a href=\"https:\/\/es.wikipedia.org\/wiki\/Bodega_(vitivinicultura)\">bodega vitivin\u00edcola<\/a> del Continente Americano al igual de ser la Cuna de Nacimiento del H\u00e9roe Revolucionario <a href=\"https:\/\/es.wikipedia.org\/wiki\/Francisco_I._Madero\">Francisco I. Madero<\/a>.<\/p>\n\n\n\n<p>Al sur de Coahuila, en medio del desierto, Parras de la Fuente es un oasis rodeado de vi\u00f1edos, nogales y calles hist\u00f3ricas que invitan a los visitantes a recorrerlas con tranquilidad. Su gran historia y sus tradiciones, se conjugan no s\u00f3lo en la arquitectura y gastronom\u00eda, sino creando una atm\u00f3sfera que identifica a Parras de la Fuente como una experiencia \u00fanica enmarcada en el desierto.<\/p>\n\n\n\n<p>Fundado hace m\u00e1s de 400 a\u00f1os y beneficiado por los mantos fre\u00e1ticos que hacen de esta tierra una franja f\u00e9rtil en el desierto, Parras es famoso por su historia vitivin\u00edcola, aqu\u00ed se encuentra la vin\u00edcola m\u00e1s antigua del continente: Vin\u00edcola San Lorenzo fundada en 1597; es la cuna de Casa Madero que data de 1893.<\/p>\n\n\n\n[rl_gallery id=\u00bb16048&#8243;]\n\n\n\n<p><\/p>\n","protected":false},"excerpt":{"rendered":"<p>Parras de la Fuente, es la cabecera municipal del municipio hom\u00f3nimo en el estado mexicano de Coahuila, localizado en la regi\u00f3n sur del estado. La ciudad es reconocida por ser donde se estableci\u00f3 la primera bodega vitivin\u00edcola del Continente Americano al igual de ser la Cuna de Nacimiento del H\u00e9roe Revolucionario Francisco I. Madero. Al [&hellip;]<\/p>\n","protected":false},"author":44,"featured_media":16049,"comment_status":"closed","ping_status":"closed","sticky":false,"template":"","format":"standard","meta":{"footnotes":""},"categories":[286,41],"tags":[],"class_list":["post-16064","post","type-post","status-publish","format-standard","has-post-thumbnail","hentry","category-1-de-julio-de-2021-ed-402","category-recomendaciones"],"_links":{"self":[{"href":"https:\/\/elperiodicodesaltillo.com\/wp\/wp-json\/wp\/v2\/posts\/16064","targetHints":{"allow":["GET"]}}],"collection":[{"href":"https:\/\/elperiodicodesaltillo.com\/wp\/wp-json\/wp\/v2\/posts"}],"about":[{"href":"https:\/\/elperiodicodesaltillo.com\/wp\/wp-json\/wp\/v2\/types\/post"}],"author":[{"embeddable":true,"href":"https:\/\/elperiodicodesaltillo.com\/wp\/wp-json\/wp\/v2\/users\/44"}],"replies":[{"embeddable":true,"href":"https:\/\/elperiodicodesaltillo.com\/wp\/wp-json\/wp\/v2\/comments?post=16064"}],"version-history":[{"count":2,"href":"https:\/\/elperiodicodesaltillo.com\/wp\/wp-json\/wp\/v2\/posts\/16064\/revisions"}],"predecessor-version":[{"id":16177,"href":"https:\/\/elperiodicodesaltillo.com\/wp\/wp-json\/wp\/v2\/posts\/16064\/revisions\/16177"}],"wp:featuredmedia":[{"embeddable":true,"href":"https:\/\/elperiodicodesaltillo.com\/wp\/wp-json\/wp\/v2\/media\/16049"}],"wp:attachment":[{"href":"https:\/\/elperiodicodesaltillo.com\/wp\/wp-json\/wp\/v2\/media?parent=16064"}],"wp:term":[{"taxonomy":"category","embeddable":true,"href":"https:\/\/elperiodicodesaltillo.com\/wp\/wp-json\/wp\/v2\/categories?post=16064"},{"taxonomy":"post_tag","embeddable":true,"href":"https:\/\/elperiodicodesaltillo.com\/wp\/wp-json\/wp\/v2\/tags?post=16064"}],"curies":[{"name":"wp","href":"https:\/\/api.w.org\/{rel}","templated":true}]}}