{"id":18608,"date":"2021-11-12T15:23:41","date_gmt":"2021-11-12T15:23:41","guid":{"rendered":"https:\/\/elperiodicodesaltillo.com\/wp\/?p=18608"},"modified":"2021-11-12T15:23:47","modified_gmt":"2021-11-12T15:23:47","slug":"higinio-gonzalez-calderon-fue-un-coahuilense-ejemplar-miguel-riquelme","status":"publish","type":"post","link":"https:\/\/elperiodicodesaltillo.com\/wp\/2021\/11\/12\/higinio-gonzalez-calderon-fue-un-coahuilense-ejemplar-miguel-riquelme\/","title":{"rendered":"\u2018HIGINIO GONZ\u00c1LEZ CALDER\u00d3N FUE UN COAHUILENSE EJEMPLAR\u2019: MIGUEL RIQUELME"},"content":{"rendered":"\n<p>\u25cf&nbsp;&nbsp;&nbsp;&nbsp;&nbsp; <strong><em>El Gobernador de Coahuila encabeza el Homenaje Luctuoso al Secretario de Educaci\u00f3n del Estado<\/em><\/strong><\/p>\n\n\n\n<p>Saltillo, Coahuila de Zaragoza; a 5 de Noviembre de 2021.- El gobernador Miguel \u00c1ngel Riquelme Sol\u00eds, al encabezar el Homenaje Luctuoso que el pueblo y el Gobierno de Coahuila rindieron a Higinio Gonz\u00e1lez Calder\u00f3n, reconoci\u00f3 la determinaci\u00f3n y consejos del extinto servidor p\u00fablico para enriquecer la educaci\u00f3n en el estado.<\/p>\n\n\n\n<p>Ante su esposa, la se\u00f1ora&nbsp; B\u00e1rbara Garc\u00eda de Gonz\u00e1lez, y sus hijos Ana Isabel, Luis Alberto y \u00c1ngela Mar\u00eda; hermanos y familiares cercanos; colaboradores en la Secretar\u00eda de Educaci\u00f3n y de la Universidad Aut\u00f3noma del Noreste (UANE), cuya Rector\u00eda ocup\u00f3 por varios a\u00f1os, Riquelme Sol\u00eds patentiz\u00f3 su profundo pesar por el lamentable deceso del distinguido funcionario estatal.<\/p>\n\n\n\n<div class=\"wp-block-image\"><figure class=\"aligncenter size-full is-resized\"><img loading=\"lazy\" decoding=\"async\" src=\"https:\/\/elperiodicodesaltillo.com\/wp\/wp-content\/uploads\/2021\/11\/higinioejemplar.jpg\" alt=\"\" class=\"wp-image-18609\" width=\"512\" height=\"332\" srcset=\"https:\/\/elperiodicodesaltillo.com\/wp\/wp-content\/uploads\/2021\/11\/higinioejemplar.jpg 1024w, https:\/\/elperiodicodesaltillo.com\/wp\/wp-content\/uploads\/2021\/11\/higinioejemplar-300x195.jpg 300w, https:\/\/elperiodicodesaltillo.com\/wp\/wp-content\/uploads\/2021\/11\/higinioejemplar-768x498.jpg 768w, https:\/\/elperiodicodesaltillo.com\/wp\/wp-content\/uploads\/2021\/11\/higinioejemplar-696x451.jpg 696w, https:\/\/elperiodicodesaltillo.com\/wp\/wp-content\/uploads\/2021\/11\/higinioejemplar-648x420.jpg 648w\" sizes=\"auto, (max-width: 512px) 100vw, 512px\" \/><\/figure><\/div>\n\n\n\n<p>Previamente, el Mandatario coahuilense encabez\u00f3 la primera Guardia de Honor en el patio central de Palacio de Gobierno, para el homenaje al que tambi\u00e9n asistieron miembros del Gabinete Legal y Ampliado, alcaldes de la regi\u00f3n y funcionarios p\u00fablicos.<\/p>\n\n\n\n<p>En la emotiva ceremonia, donde qued\u00f3 patente el cari\u00f1o, respeto y admiraci\u00f3n a la vida y legado del maestro Higinio Gonz\u00e1lez, el gobernador Miguel Riquelme resalt\u00f3 su valiosa trayectoria y el gran amor que profes\u00f3 por la educaci\u00f3n.<\/p>\n\n\n\n<p>HIGINIO: CLAVE EN EL PROYECTO DE GOBIERNO<\/p>\n\n\n\n<p>\u201cHiginio fue clave en nuestro proyecto de Gobierno\u201d, refiri\u00f3, \u201clos tres Poderes del Estado, la comunidad acad\u00e9mica y la sociedad honramos la vida y la obra de un coahuilense de excepci\u00f3n\u201d.<\/p>\n\n\n\n<p>\u201cUn hombre de s\u00f3lida formaci\u00f3n y poseedor de una cultura extraordinaria, que comparti\u00f3 con nuestra comunidad a trav\u00e9s de m\u00faltiples proyectos\u201d, a\u00f1adi\u00f3 al recordar que en todos los cargos y responsabilidades dej\u00f3 huella imborrable.<\/p>\n\n\n\n<p>Destac\u00f3 como dirigente de un instituto pol\u00edtico, coordinador de asesores de la Subsecretar\u00eda de Desarrollo Pol\u00edtico del Gobierno Federal, o como diputado-presidente de la LII Legislatura, hasta su participaci\u00f3n en m\u00faltiples organizaciones sociales de la entidad, como la Asociaci\u00f3n&nbsp; de Administradores P\u00fablicos, el Consejo de Planeaci\u00f3n Estrat\u00e9gica de la Regi\u00f3n Sureste, COPARMEX o la Comisi\u00f3n de Derechos Humanos del Estado.<\/p>\n\n\n\n<p>Adem\u00e1s de promotor de diversos organismos civiles en Saltillo, record\u00f3 Miguel Riquelme, como la Alianza Franco-Mexicana, el Patronato de la Cruz Roja o del Centro Cultural Vito Alessio Robles, y la educaci\u00f3n fue la pasi\u00f3n de su vida y le llev\u00f3 a construir una de las mejores instituciones de Educaci\u00f3n Superior de Coahuila: la UANE.<\/p>\n\n\n\n<p>Bajo su direcci\u00f3n, esta universidad consolid\u00f3 un notable prestigio acad\u00e9mico, apunt\u00f3: \u201cY como titular de Educaci\u00f3n en Coahuila, Higinio Gonz\u00e1lez puso todo su talento y experiencia al servicio de los coahuilenses\u201d.<\/p>\n\n\n\n<p>\u201cEntendi\u00f3 la importancia de atender de manera distinta a los diferentes integrantes del sistema educativo, para reconocer y apoyar a los docentes, innovar para atender a alumnos con diferentes entornos y requerimientos para su educaci\u00f3n.<\/p>\n\n\n\n<p>\u201cPromovi\u00f3 la participaci\u00f3n de los padres de familia, abriendo amplios canales de informaci\u00f3n para ellos; impuls\u00f3 la certificaci\u00f3n de las escuelas y programas para elevar el aprovechamiento acad\u00e9mico\u201d, resalt\u00f3 el Gobernador.<\/p>\n\n\n\n<p>Adem\u00e1s, gracias a su acci\u00f3n Coahuila enfrent\u00f3 con \u00e9xito el enorme reto de adaptarse a la pandemia mediante el desarrollo de programas educativos en l\u00ednea o clases a distancia.<\/p>\n\n\n\n<p>Para evitar el impacto negativo en la educaci\u00f3n de ni\u00f1os y j\u00f3venes, dise\u00f1\u00f3 programas para salvaguardar los equipos en las instalaciones escolares, y posteriormente contribuy\u00f3 al dise\u00f1o de lineamientos para el retorno seguro a clases presenciales.<\/p>\n\n\n\n<p>\u201cIndudablemente Coahuila tuvo en Higinio a un verdadero educador en toda la extensi\u00f3n de la palabra\u201d, enfatiz\u00f3 Miguel Riquelme.<\/p>\n\n\n\n<p>\u201cHoy reconocemos su larga y fruct\u00edfera trayectoria, pero tambi\u00e9n al compa\u00f1ero, al amigo, al extraordinario ser humano de coraz\u00f3n generoso, siempre afable y cordial\u201d, expres\u00f3.<\/p>\n\n\n\n<p>Riquelme Sol\u00eds asent\u00f3 que su experiencia y talento no le imped\u00edan hacer equipo, escuchar diferentes puntos de vista, hacer sinergia con los m\u00e1s j\u00f3venes y de formaciones distintas.<\/p>\n\n\n\n<p>\u201cHiginio Gonz\u00e1lez Calder\u00f3n siempre asumi\u00f3 una actitud positiva ante los retos, y buscaba c\u00f3mo s\u00ed hacer las cosas, inspirando con su ejemplo a todos quienes lo conocimos\u201d, subray\u00f3 Miguel Riquelme.<\/p>\n\n\n\n<p>Record\u00f3 su franqueza, \u201ctrato directo y respetuoso\u201d, que hac\u00eda interesante intercambiar puntos de vista, porque siempre pon\u00eda en el centro los argumentos, los razonamientos para llegar a lo importante y dar soluciones.<\/p>\n\n\n\n<p>Luego, el Mandatario estatal se\u00f1al\u00f3 que en el d\u00eda a d\u00eda de las decisiones fr\u00edas de un gobierno, de los problemas que enfrenta de distintos temas, de las decisiones que toma, probablemente, unas buenas para algunos y otras no tanto para otros, jam\u00e1s imagin\u00f3 que uno de sus colaboradores emprender\u00eda la partida antes de terminar lo que empezaron juntos.<\/p>\n\n\n\n<p>Luego destac\u00f3 que pese a que fue v\u00edctima de la epidemia por el Covid-19, siempre estuvo al tanto de su responsabilidad y preocupado por el IV Informe de Gobierno.<\/p>\n\n\n\n<p>\u201cAs\u00ed pas\u00f3 su convalecencia y as\u00ed termin\u00f3 su camino; con responsabilidad y cari\u00f1o a su trabajo\u201d, a\u00f1adi\u00f3 conmovido el Gobernador de Coahuila, y destac\u00f3 que recordar\u00e1 siempre su llamada telef\u00f3nica: \u201cPara decirme que desde ah\u00ed, desde el hospital, estar\u00eda al pendiente de la Secretar\u00eda\u201d.<\/p>\n\n\n\n<p>Tambi\u00e9n anticip\u00f3 la pr\u00f3xima apertura a clases presenciales de m\u00e1s escuelas: \u201cAs\u00ed me dijo, y como dije al principio, jam\u00e1s lo imagin\u00e9, y mucho menos que nunca m\u00e1s lo volver\u00eda a ver\u201d.<\/p>\n\n\n\n<p>Expuso que la mejor forma de honrar la vida y obra de Higinio es continuar con los grandes proyectos que emprendi\u00f3, para hacer del nuestro, un Sistema Educativo Estatal moderno, eficiente, de igualdad y de inclusi\u00f3n social, que haga efectivo el derecho a la educaci\u00f3n de calidad para todas y todos los coahuilenses de las cinco regiones.<\/p>\n\n\n\n<p>Y con gran consternaci\u00f3n, concluy\u00f3: \u201cHiginio, t\u00fa sigues aqu\u00ed con nosotros; en las instituciones que engrandeciste, en las miles de personas que pasaron por tus aulas, en las pol\u00edticas p\u00fablicas que hoy marcan el rumbo de la Educaci\u00f3n en Coahuila\u201d.<\/p>\n\n\n\n<p>\u201cEn el coraz\u00f3n de tu familia y de quienes tuvimos el privilegio de ser tus amigos. Que en paz descanse el maestro Higinio Gonz\u00e1lez Calder\u00f3n\u201d, finaliz\u00f3.<\/p>\n\n\n\n<p>Mientras que a nombre de la comunidad universitaria de la UANE, el profesor H\u00e9ctor Gil M\u00fcller comparti\u00f3 experiencias personales con el fallecido funcionario coahuilense; y su hijo Luis Alberto Gonz\u00e1lez Garc\u00eda cit\u00f3 emotivos pasajes de la vida familiar y profesional de su padre.<\/p>\n\n\n\n<p>Durante el Homenaje Luctuoso del servidor p\u00fablico estatal montaron Guardias de Honor ante su f\u00e9retro miembros del Gabinete Legal; compa\u00f1eros en la UANE y autoridades de la Secretar\u00eda de Educaci\u00f3n.<\/p>\n\n\n\n<p>En tanto, la Banda de Guerra de la UANE tuvo a su cargo el Toque de Silencio, y finalmente el gobernador Miguel Riquelme entreg\u00f3 el Estandarte de Coahuila que cubri\u00f3 el f\u00e9retro del maestro Higinio Gonz\u00e1lez, a la se\u00f1ora B\u00e1rbara Garc\u00eda.<\/p>\n","protected":false},"excerpt":{"rendered":"<p>\u25cf&nbsp;&nbsp;&nbsp;&nbsp;&nbsp; El Gobernador de Coahuila encabeza el Homenaje Luctuoso al Secretario de Educaci\u00f3n del Estado Saltillo, Coahuila de Zaragoza; a 5 de Noviembre de 2021.- El gobernador Miguel \u00c1ngel Riquelme Sol\u00eds, al encabezar el Homenaje Luctuoso que el pueblo y el Gobierno de Coahuila rindieron a Higinio Gonz\u00e1lez Calder\u00f3n, reconoci\u00f3 la determinaci\u00f3n y consejos del [&hellip;]<\/p>\n","protected":false},"author":1,"featured_media":18609,"comment_status":"closed","ping_status":"closed","sticky":false,"template":"","format":"standard","meta":{"footnotes":""},"categories":[21],"tags":[],"class_list":["post-18608","post","type-post","status-publish","format-standard","has-post-thumbnail","hentry","category-coahuila"],"_links":{"self":[{"href":"https:\/\/elperiodicodesaltillo.com\/wp\/wp-json\/wp\/v2\/posts\/18608","targetHints":{"allow":["GET"]}}],"collection":[{"href":"https:\/\/elperiodicodesaltillo.com\/wp\/wp-json\/wp\/v2\/posts"}],"about":[{"href":"https:\/\/elperiodicodesaltillo.com\/wp\/wp-json\/wp\/v2\/types\/post"}],"author":[{"embeddable":true,"href":"https:\/\/elperiodicodesaltillo.com\/wp\/wp-json\/wp\/v2\/users\/1"}],"replies":[{"embeddable":true,"href":"https:\/\/elperiodicodesaltillo.com\/wp\/wp-json\/wp\/v2\/comments?post=18608"}],"version-history":[{"count":1,"href":"https:\/\/elperiodicodesaltillo.com\/wp\/wp-json\/wp\/v2\/posts\/18608\/revisions"}],"predecessor-version":[{"id":18610,"href":"https:\/\/elperiodicodesaltillo.com\/wp\/wp-json\/wp\/v2\/posts\/18608\/revisions\/18610"}],"wp:featuredmedia":[{"embeddable":true,"href":"https:\/\/elperiodicodesaltillo.com\/wp\/wp-json\/wp\/v2\/media\/18609"}],"wp:attachment":[{"href":"https:\/\/elperiodicodesaltillo.com\/wp\/wp-json\/wp\/v2\/media?parent=18608"}],"wp:term":[{"taxonomy":"category","embeddable":true,"href":"https:\/\/elperiodicodesaltillo.com\/wp\/wp-json\/wp\/v2\/categories?post=18608"},{"taxonomy":"post_tag","embeddable":true,"href":"https:\/\/elperiodicodesaltillo.com\/wp\/wp-json\/wp\/v2\/tags?post=18608"}],"curies":[{"name":"wp","href":"https:\/\/api.w.org\/{rel}","templated":true}]}}