{"id":18781,"date":"2021-11-22T16:13:00","date_gmt":"2021-11-22T16:13:00","guid":{"rendered":"https:\/\/elperiodicodesaltillo.com\/wp\/?p=18781"},"modified":"2021-11-23T16:14:00","modified_gmt":"2021-11-23T16:14:00","slug":"exhorta-mars-a-que-las-proximas-posadas-se-celebren-al-aire-libre","status":"publish","type":"post","link":"https:\/\/elperiodicodesaltillo.com\/wp\/2021\/11\/22\/exhorta-mars-a-que-las-proximas-posadas-se-celebren-al-aire-libre\/","title":{"rendered":"EXHORTA MARS A QUE LAS PR\u00d3XIMAS POSADAS SE CELEBREN AL AIRE LIBRE"},"content":{"rendered":"\n<p>\u00b7&nbsp;&nbsp;&nbsp;&nbsp;&nbsp; <strong><em>Invita gobernador Miguel Riquelme a los aficionados del Santos Laguna a cumplir medidas en Cuartos de Final<\/em><\/strong><\/p>\n\n\n\n<p>Torre\u00f3n, Coahuila de Zaragoza; a 22 de Noviembre de 2021.- El gobernador Miguel \u00c1ngel Riquelme Sol\u00eds presidi\u00f3 la septuag\u00e9sima cuarta reuni\u00f3n del Subcomit\u00e9 T\u00e9cnico Regional Covid-19 Laguna, en la que hizo un llamado a la poblaci\u00f3n a seguir manteniendo las medidas sanitarias para evitar contagios.<\/p>\n\n\n\n<div class=\"wp-block-image\"><figure class=\"aligncenter size-full is-resized\"><img loading=\"lazy\" decoding=\"async\" src=\"https:\/\/elperiodicodesaltillo.com\/wp\/wp-content\/uploads\/2021\/11\/exortha.jpg\" alt=\"\" class=\"wp-image-18782\" width=\"512\" height=\"341\" srcset=\"https:\/\/elperiodicodesaltillo.com\/wp\/wp-content\/uploads\/2021\/11\/exortha.jpg 1024w, https:\/\/elperiodicodesaltillo.com\/wp\/wp-content\/uploads\/2021\/11\/exortha-300x200.jpg 300w, https:\/\/elperiodicodesaltillo.com\/wp\/wp-content\/uploads\/2021\/11\/exortha-768x512.jpg 768w, https:\/\/elperiodicodesaltillo.com\/wp\/wp-content\/uploads\/2021\/11\/exortha-696x464.jpg 696w, https:\/\/elperiodicodesaltillo.com\/wp\/wp-content\/uploads\/2021\/11\/exortha-631x420.jpg 631w\" sizes=\"auto, (max-width: 512px) 100vw, 512px\" \/><\/figure><\/div>\n\n\n\n<p>El Mandatario estatal coment\u00f3 que hay un incremento en la positividad de casos de Covid-19 en esta regi\u00f3n, pero nada que alarme; se\u00f1al\u00f3 que las tres olas que han pasado indican que no han sido por la liberaci\u00f3n de actividades, sino que es algo normal que se incrementa en esta \u00e9poca invernal.<\/p>\n\n\n\n<p>\u201cSi la semana entrante hay un incremento en los casos se deber\u00e1n ir controlando las partes muy encerradas para contener el que vayan a aumentar en diciembre\u201d, sostuvo.<\/p>\n\n\n\n<p>Riquelme Sol\u00eds mencion\u00f3 que la temporada puede elevar los casos, pero que en Coahuila ya se est\u00e1 acostumbrado a c\u00f3mo tratarlos, por lo que analizar\u00e1n para la siguiente reuni\u00f3n c\u00f3mo se comportan los indicadores, para tomar decisiones y hacer las recomendaciones pertinentes.<\/p>\n\n\n\n<p>Por ejemplo, exhortar a que las posadas se celebren en lugares al aire libre o menos encerrados, lo que, llegado su momento, va a recomendar a la poblaci\u00f3n estatal.<\/p>\n\n\n\n<p>En otro tema, al llegar Santos Laguna a Cuartos de Final del futbol mexicano, invit\u00f3 a seguir cumpliendo con las medidas como la directiva del Club lo ha hecho hasta ahora, y que ha contado con la respuesta de la afici\u00f3n.<\/p>\n\n\n\n<p>Envi\u00f3 un mensaje a las y los coahuilenses, en la parte navide\u00f1a, a seguir atendiendo los protocolos por el bien de todas y todos.<\/p>\n\n\n\n<p>ACUERDOS<\/p>\n\n\n\n<p>Durante la sesi\u00f3n se lleg\u00f3 a los siguientes acuerdos:<\/p>\n\n\n\n<p>+ Se autoriza el pr\u00f3ximo partido entre Santos Vs Tigres, de Cuartos de Final, el d\u00eda jueves 25 de noviembre a las 21:05 horas bajo los mismos t\u00e9rminos y condiciones en los que se han venido desarrollando las \u00faltimas jornadas.<\/p>\n\n\n\n<p>+ El pr\u00f3ximo viernes habr\u00e1 una reuni\u00f3n con los due\u00f1os de quintas y salones para exhortarlos a seguir cumpliendo con las medidas preventivas, sobre todo en la temporada de posadas.<\/p>\n\n\n\n<p>VACUNACI\u00d3N COVID E INFLUENZA<\/p>\n\n\n\n<p>Fernando Sim\u00f3n Guti\u00e9rrez P\u00e9rez, titular de la Unidad de Comunicaci\u00f3n e Imagen Institucional del<\/p>\n\n\n\n<p>Gobierno de Coahuila y Coordinador de esta mesa, inform\u00f3 que del 16 al 20 de noviembre se aplicaron 3 mil 166 vacunas AstraZeneca y Pfizer en el Hospital General de Torre\u00f3n, al tiempo que aprovech\u00f3 para detallar que contra la Influenza, tras el inicio de la campa\u00f1a que fue el 3 de noviembre, se han brindado 20 mil 190 dosis por parte de la Jurisdicci\u00f3n Sanitaria VI.<\/p>\n\n\n\n<p>OBESIDAD Y SU IMPACTO<\/p>\n\n\n\n<p>El titular de la Secretar\u00eda de Salud del Estado (SS), Roberto Bernal G\u00f3mez, coment\u00f3 que es crucial vacunar a los rezagados, pues esto es importante para lograr la inmunidad de reba\u00f1o.<\/p>\n\n\n\n<p>Coment\u00f3 que en Coahuila, noviembre es el Mes de la Lucha contra la Obesidad, y habl\u00f3 del impacto que \u00e9sta ha tenido en el Covid-19.<\/p>\n\n\n\n<p>Es tan mala, destac\u00f3, que las personas con mayor obesidad tienen 93 veces m\u00e1s probabilidades de padecer diabetes, tres veces m\u00e1s probabilidad de padecer una enfermedad cardiovascular, y reducci\u00f3n de entre 5 y 8 a\u00f1os en la esperanza de vida.<\/p>\n\n\n\n<p>En cuanto al Covid-19, el titular de la SS se\u00f1al\u00f3 que la obesidad provoca una mayor producci\u00f3n de receptores para el SARS-CoV-2; en M\u00e9xico, un estudio demostr\u00f3 que es el predictor m\u00e1s importante para la severidad por el coronavirus, ocasiona menor respuesta inmune, mayor susceptibilidad a las infecciones y menor respuesta al tratamiento.<\/p>\n\n\n\n<p>Bernal G\u00f3mez concluy\u00f3 que se requiere de un manejo multidisciplinario para combatir el sobrepeso y la obesidad; la cirug\u00eda bari\u00e1trica es el m\u00e9todo m\u00e1s eficaz para tratarla y la cirug\u00eda metab\u00f3lica ha sido altamente efectiva en el tratamiento de la diabetes y sus consecuencias.<\/p>\n\n\n\n<p>PREVENCI\u00d3N Y CONTROL<\/p>\n\n\n\n<p>En esta reuni\u00f3n se inform\u00f3 sobre la revisi\u00f3n del protocolo en el Ejido Santa Ana del Pilar por el festejo de aniversario; adem\u00e1s de que hubo una reuni\u00f3n operativa en el TSM para el pasado encuentro entre Santos Vs San Luis, adem\u00e1s se revisa el protocolo el d\u00eda del partido y se suspendi\u00f3 un evento de Quince A\u00f1os en el Ejido Arenales por no contar con las medidas sanitarias.<\/p>\n\n\n\n<p>Fue parte de lo que explic\u00f3 Luis Morales Cort\u00e9s, titular de Control de Padrones de la Secretar\u00eda de Finanzas, quien destac\u00f3 el prop\u00f3sito de las acciones que se emprendieron para prevenir y contralar la propagaci\u00f3n del virus durante la semana pasada.<\/p>\n\n\n\n<p>En cuanto al Operativo \u201cCero Tolerancia\u201d, coment\u00f3 que en el inicio de su segundo a\u00f1o, en coordinaci\u00f3n con Secretar\u00eda de Finanzas, la Polic\u00eda de Civil de Coahuila, la Polic\u00eda de Acci\u00f3n y Reacci\u00f3n, la Polic\u00eda Municipal e Inspecci\u00f3n y Verificaci\u00f3n, as\u00ed como PRONNIF recibieron 4 reportes de fiestas sin medias sanitarias.<\/p>\n\n\n\n<p>\u201cLo m\u00e1s importante es el evento de Los Arenales y de una vinater\u00eda. Van 69 clausuras en lo que va de este a\u00f1o\u201d, se\u00f1al\u00f3.<\/p>\n\n\n\n<p>ASISTENCIA<\/p>\n\n\n\n<p>A esta reuni\u00f3n del Subcomit\u00e9 T\u00e9cnico Regional Laguna asistieron, adem\u00e1s, los presidentes municipales de Matamoros, Horacio Pi\u00f1a \u00c1vila; de Francisco I. Madero, Jonathan \u00c1valos Rodr\u00edguez, y de Torre\u00f3n, Jorge Zerme\u00f1o Infante.<\/p>\n\n\n\n<p>As\u00ed como funcionarios estatales, municipales, representantes de empresas, de comercios, de universidades, de equipos profesionales deportivos, de nosocomios p\u00fablicos y privados y del Ej\u00e9rcito Mexicano.<\/p>\n","protected":false},"excerpt":{"rendered":"<p>\u00b7&nbsp;&nbsp;&nbsp;&nbsp;&nbsp; Invita gobernador Miguel Riquelme a los aficionados del Santos Laguna a cumplir medidas en Cuartos de Final Torre\u00f3n, Coahuila de Zaragoza; a 22 de Noviembre de 2021.- El gobernador Miguel \u00c1ngel Riquelme Sol\u00eds presidi\u00f3 la septuag\u00e9sima cuarta reuni\u00f3n del Subcomit\u00e9 T\u00e9cnico Regional Covid-19 Laguna, en la que hizo un llamado a la poblaci\u00f3n a [&hellip;]<\/p>\n","protected":false},"author":1,"featured_media":18782,"comment_status":"closed","ping_status":"closed","sticky":false,"template":"","format":"standard","meta":{"footnotes":""},"categories":[21],"tags":[],"class_list":["post-18781","post","type-post","status-publish","format-standard","has-post-thumbnail","hentry","category-coahuila"],"_links":{"self":[{"href":"https:\/\/elperiodicodesaltillo.com\/wp\/wp-json\/wp\/v2\/posts\/18781","targetHints":{"allow":["GET"]}}],"collection":[{"href":"https:\/\/elperiodicodesaltillo.com\/wp\/wp-json\/wp\/v2\/posts"}],"about":[{"href":"https:\/\/elperiodicodesaltillo.com\/wp\/wp-json\/wp\/v2\/types\/post"}],"author":[{"embeddable":true,"href":"https:\/\/elperiodicodesaltillo.com\/wp\/wp-json\/wp\/v2\/users\/1"}],"replies":[{"embeddable":true,"href":"https:\/\/elperiodicodesaltillo.com\/wp\/wp-json\/wp\/v2\/comments?post=18781"}],"version-history":[{"count":1,"href":"https:\/\/elperiodicodesaltillo.com\/wp\/wp-json\/wp\/v2\/posts\/18781\/revisions"}],"predecessor-version":[{"id":18783,"href":"https:\/\/elperiodicodesaltillo.com\/wp\/wp-json\/wp\/v2\/posts\/18781\/revisions\/18783"}],"wp:featuredmedia":[{"embeddable":true,"href":"https:\/\/elperiodicodesaltillo.com\/wp\/wp-json\/wp\/v2\/media\/18782"}],"wp:attachment":[{"href":"https:\/\/elperiodicodesaltillo.com\/wp\/wp-json\/wp\/v2\/media?parent=18781"}],"wp:term":[{"taxonomy":"category","embeddable":true,"href":"https:\/\/elperiodicodesaltillo.com\/wp\/wp-json\/wp\/v2\/categories?post=18781"},{"taxonomy":"post_tag","embeddable":true,"href":"https:\/\/elperiodicodesaltillo.com\/wp\/wp-json\/wp\/v2\/tags?post=18781"}],"curies":[{"name":"wp","href":"https:\/\/api.w.org\/{rel}","templated":true}]}}