{"id":18809,"date":"2021-11-14T16:42:00","date_gmt":"2021-11-14T16:42:00","guid":{"rendered":"https:\/\/elperiodicodesaltillo.com\/wp\/?p=18809"},"modified":"2021-11-23T16:43:21","modified_gmt":"2021-11-23T16:43:21","slug":"aplica-dif-coahuila-metodo-para-prevenir-efectos-de-discapacidad-marcela-gorgon","status":"publish","type":"post","link":"https:\/\/elperiodicodesaltillo.com\/wp\/2021\/11\/14\/aplica-dif-coahuila-metodo-para-prevenir-efectos-de-discapacidad-marcela-gorgon\/","title":{"rendered":"APLICA DIF COAHUILA M\u00c9TODO PARA PREVENIR EFECTOS DE DISCAPACIDAD: MARCELA GORG\u00d3N"},"content":{"rendered":"\n<div class=\"wp-block-image\"><figure class=\"aligncenter size-full\"><img loading=\"lazy\" decoding=\"async\" width=\"469\" height=\"312\" src=\"https:\/\/elperiodicodesaltillo.com\/wp\/wp-content\/uploads\/2021\/11\/aplicadif.jpg\" alt=\"\" class=\"wp-image-18810\" srcset=\"https:\/\/elperiodicodesaltillo.com\/wp\/wp-content\/uploads\/2021\/11\/aplicadif.jpg 469w, https:\/\/elperiodicodesaltillo.com\/wp\/wp-content\/uploads\/2021\/11\/aplicadif-300x200.jpg 300w\" sizes=\"auto, (max-width: 469px) 100vw, 469px\" \/><\/figure><\/div>\n\n\n\n<p>\u00b7&nbsp;&nbsp;&nbsp;&nbsp;&nbsp; <strong><em>&nbsp;La tasa de \u00e9xito del \u2018M\u00e9todo Katona\u2019 es superior al 80%<\/em><\/strong><\/p>\n\n\n\n<p>Saltillo, Coahuila de Zaragoza; a 14 de Noviembre de 2021.- A trav\u00e9s del M\u00e9todo de Neurorehabilitaci\u00f3n \u201cKatona\u201d, el DIF Coahuila atiende a ni\u00f1as y ni\u00f1os con diagn\u00f3sticos tempranos sobre alteraciones en el funcionamiento del sistema nervioso, para disminuir e incluso impedir la discapacidad desde la primera infancia, destac\u00f3 Marcela Gorg\u00f3n de Riquelme, Presidenta Honoraria del DIF estatal.<\/p>\n\n\n\n<p>Indic\u00f3 que este m\u00e9todo est\u00e1 basado en la aplicaci\u00f3n de estrategias terap\u00e9uticas que permitan reducir las secuelas de&nbsp; da\u00f1o neurol\u00f3gico en la primera infancia.<\/p>\n\n\n\n<p>\u201cEntre m\u00e1s temprano se diagnostique un da\u00f1o de este tipo, mejor ser\u00e1 su atenci\u00f3n, ya que en los primeros meses de vida la plasticidad cerebral de las ni\u00f1as y ni\u00f1os permite la intervenci\u00f3n de nuestros especialistas para prevenir da\u00f1os neurol\u00f3gicos que provoquen alg\u00fan grado de discapacidad severo\u201d, explic\u00f3.<\/p>\n\n\n\n<p>Marcela Gorg\u00f3n se\u00f1al\u00f3 que este m\u00e9todo tiene una tasa de \u00e9xito en los pacientes superior al 80 por ciento, siempre y cuando se implemente de forma oportuna.<\/p>\n\n\n\n<p>Detall\u00f3 que gracias al apoyo del gobernador Miguel \u00c1ngel Riquelme Sol\u00eds, este m\u00e9todo se aplica en el Centro de Rehabilitaci\u00f3n y Educaci\u00f3n Especial (CREE) de Saltillo y en el CRI de Monclova, en donde se atiende tambi\u00e9n a ni\u00f1as y ni\u00f1os del resto del estado.<\/p>\n\n\n\n<p>Para ello, record\u00f3, personal del DIF Coahuila fue capacitado en el Instituto de Neurobiolog\u00eda de la UNAM en Juriquilla, Quer\u00e9taro, que es en su tipo el centro m\u00e1s avanzado en esta materia.<\/p>\n\n\n\n<p>Roberto C\u00e1rdenas Zavala, Director General del DIF Coahuila, apunt\u00f3 que las y los lactantes prematuros, de parto en embarazo m\u00faltiple o \u201cdoble cord\u00f3n\u201d umbilical tienen factores de riesgo de da\u00f1o neurol\u00f3gico, y se recomienda sean intervenidos bajo este m\u00e9todo.<\/p>\n\n\n\n<p>\u201cEl tiempo adecuado para nuestra intervenci\u00f3n es de los cero a los seis meses de vida de los infantes, pues al traerlos a una atenci\u00f3n temprana el ni\u00f1o o ni\u00f1a tiene la probabilidad de reducir su riesgo de da\u00f1o neurol\u00f3gico. Podemos prevenir, a cierto tiempo, una discapacidad si se atiende a tiempo\u201d, remarc\u00f3.<\/p>\n\n\n\n<p>\u201cSi los padres de familia nos traen a sus hijos despu\u00e9s de los seis meses, el tiempo la eficacia disminuye con este m\u00e9todo, y aplicamos neurodesarrollo mixto\u201d, explic\u00f3, tras indicar que las y los ni\u00f1os en esta condici\u00f3n pueden ingresar a su terapia de manera inmediata.<\/p>\n\n\n\n<p>El funcionario indic\u00f3 que si alguien requiere la intervenci\u00f3n de este m\u00e9todo para sus hijos, puede acudir a la Coordinaci\u00f3n Regional del DIF Coahuila m\u00e1s cercana o solicitar informes en los Sistemas Municipales del DIF en la entidad.<\/p>\n","protected":false},"excerpt":{"rendered":"<p>\u00b7&nbsp;&nbsp;&nbsp;&nbsp;&nbsp; &nbsp;La tasa de \u00e9xito del \u2018M\u00e9todo Katona\u2019 es superior al 80% Saltillo, Coahuila de Zaragoza; a 14 de Noviembre de 2021.- A trav\u00e9s del M\u00e9todo de Neurorehabilitaci\u00f3n \u201cKatona\u201d, el DIF Coahuila atiende a ni\u00f1as y ni\u00f1os con diagn\u00f3sticos tempranos sobre alteraciones en el funcionamiento del sistema nervioso, para disminuir e incluso impedir la discapacidad [&hellip;]<\/p>\n","protected":false},"author":1,"featured_media":18810,"comment_status":"closed","ping_status":"closed","sticky":false,"template":"","format":"standard","meta":{"footnotes":""},"categories":[21],"tags":[],"class_list":["post-18809","post","type-post","status-publish","format-standard","has-post-thumbnail","hentry","category-coahuila"],"_links":{"self":[{"href":"https:\/\/elperiodicodesaltillo.com\/wp\/wp-json\/wp\/v2\/posts\/18809","targetHints":{"allow":["GET"]}}],"collection":[{"href":"https:\/\/elperiodicodesaltillo.com\/wp\/wp-json\/wp\/v2\/posts"}],"about":[{"href":"https:\/\/elperiodicodesaltillo.com\/wp\/wp-json\/wp\/v2\/types\/post"}],"author":[{"embeddable":true,"href":"https:\/\/elperiodicodesaltillo.com\/wp\/wp-json\/wp\/v2\/users\/1"}],"replies":[{"embeddable":true,"href":"https:\/\/elperiodicodesaltillo.com\/wp\/wp-json\/wp\/v2\/comments?post=18809"}],"version-history":[{"count":1,"href":"https:\/\/elperiodicodesaltillo.com\/wp\/wp-json\/wp\/v2\/posts\/18809\/revisions"}],"predecessor-version":[{"id":18811,"href":"https:\/\/elperiodicodesaltillo.com\/wp\/wp-json\/wp\/v2\/posts\/18809\/revisions\/18811"}],"wp:featuredmedia":[{"embeddable":true,"href":"https:\/\/elperiodicodesaltillo.com\/wp\/wp-json\/wp\/v2\/media\/18810"}],"wp:attachment":[{"href":"https:\/\/elperiodicodesaltillo.com\/wp\/wp-json\/wp\/v2\/media?parent=18809"}],"wp:term":[{"taxonomy":"category","embeddable":true,"href":"https:\/\/elperiodicodesaltillo.com\/wp\/wp-json\/wp\/v2\/categories?post=18809"},{"taxonomy":"post_tag","embeddable":true,"href":"https:\/\/elperiodicodesaltillo.com\/wp\/wp-json\/wp\/v2\/tags?post=18809"}],"curies":[{"name":"wp","href":"https:\/\/api.w.org\/{rel}","templated":true}]}}