{"id":18812,"date":"2021-11-12T16:44:00","date_gmt":"2021-11-12T16:44:00","guid":{"rendered":"https:\/\/elperiodicodesaltillo.com\/wp\/?p=18812"},"modified":"2021-11-23T16:47:15","modified_gmt":"2021-11-23T16:47:15","slug":"coahuila-es-una-entidad-emblematica-para-la-eduacion-dual-mars","status":"publish","type":"post","link":"https:\/\/elperiodicodesaltillo.com\/wp\/2021\/11\/12\/coahuila-es-una-entidad-emblematica-para-la-eduacion-dual-mars\/","title":{"rendered":"COAHUILA ES UNA ENTIDAD EMBLEM\u00c1TICA PARA LA EDUACI\u00d3N DUAL: MARS"},"content":{"rendered":"\n<div class=\"wp-block-image\"><figure class=\"aligncenter size-full\"><img loading=\"lazy\" decoding=\"async\" width=\"504\" height=\"336\" src=\"https:\/\/elperiodicodesaltillo.com\/wp\/wp-content\/uploads\/2021\/11\/coahuilaes123.jpg\" alt=\"\" class=\"wp-image-18813\" srcset=\"https:\/\/elperiodicodesaltillo.com\/wp\/wp-content\/uploads\/2021\/11\/coahuilaes123.jpg 504w, https:\/\/elperiodicodesaltillo.com\/wp\/wp-content\/uploads\/2021\/11\/coahuilaes123-300x200.jpg 300w\" sizes=\"auto, (max-width: 504px) 100vw, 504px\" \/><\/figure><\/div>\n\n\n\n<p>\u00b7&nbsp;&nbsp;&nbsp;&nbsp;&nbsp;&nbsp;<strong><em>&nbsp;Se pone en marcha el Escalamiento de la Educaci\u00f3n Dual en los CECiTEs.<\/em><\/strong><\/p>\n\n\n\n<p>Saltillo, Coahuila de Zaragoza; a 12 de Noviembre de 2021.- Con la presencia de representantes de 21 estados de la Rep\u00fablica, este d\u00eda el gobernador Miguel \u00c1ngel Riquelme Sol\u00eds encabez\u00f3 la ceremonia con la que se puso en marcha, de manera oficial, el Escalamiento de la Educaci\u00f3n Dual en los Colegios de Estudios Cient\u00edficos y Tecnol\u00f3gicos (CECyTes) en estas entidades federativas.<\/p>\n\n\n\n<p>El compromiso es incorporar para octubre de 2022 a 3 mil 500 estudiantes de 21 estados al Sistema de Educaci\u00f3n Dual.&nbsp;<\/p>\n\n\n\n<p>Este proyecto se lleva a cabo de la mano con la Cooperaci\u00f3n Alemana al Desarrollo Sustentable (GIZ, por sus siglas en alem\u00e1n).<\/p>\n\n\n\n<p>Riquelme Sol\u00eds expres\u00f3 que Coahuila y Saltillo son una entidad y un Municipio emblem\u00e1ticos para la Educaci\u00f3n Dual, y que adem\u00e1s se sigue d\u00eda a d\u00eda tratando de mejorarla y de seguir con el enlace con el sector empresarial para mejorar la mano de obra y la oferta hacia la inversi\u00f3n extranjera y local.&nbsp;<\/p>\n\n\n\n<p>Mencion\u00f3 que la seguridad que se vive en Coahuila genera empleos y da oportunidades a la gente, y se puede ser m\u00e1s competitivo.<\/p>\n\n\n\n<p>\u201cEse c\u00edrculo virtuoso, Coahuila lo va encadenando poco a poco tambi\u00e9n con su relaci\u00f3n con los empresarios. El resultado de todo este trabajo coordinado es que Coahuila tiene una gran oferta de mano de obra calificada, y que semana tras semana seguimos generando empleo\u201d, reiter\u00f3.<\/p>\n\n\n\n<p>De la misma manera, expuso que el evento de este d\u00eda es importante para la entidad, ya que es parte de los acuerdos de colaboraci\u00f3n necesarios que requiere Coahuila para seguir ofertando mano de obra calificada.<\/p>\n\n\n\n<p>\u201cLa necesitamos porque aqu\u00ed producimos m\u00e1s de 1.2 millones de motores al a\u00f1o y casi 600 mil veh\u00edculos; 30 millones de cervezas diarias de exportaci\u00f3n, entre otros datos. Por eso requerimos la Educaci\u00f3n Dual, por eso la mano de obra calificada para nosotros es un factor imprescindible\u201d, recalc\u00f3.<\/p>\n\n\n\n<p>El Gobernador coahuilense mencion\u00f3 que gracias a las decisiones tomadas en los Subcomit\u00e9s T\u00e9cnicos Regionales, a la fecha poco m\u00e1s de 650 mil alumnos ya se encuentran en clases presenciales en la entidad.<\/p>\n\n\n\n<p>Agreg\u00f3 que Coahuila est\u00e1 enfocado como prioridad a la educaci\u00f3n, pero que los temas que dan pie a la educaci\u00f3n, como la seguridad, la salud o la reactivaci\u00f3n econ\u00f3mica, son temas que tratan en conjunto sociedad, Gobierno y empresarios.<\/p>\n\n\n\n<p>\u201cEste evento nos permite ratificar nuestra convicci\u00f3n de que lo mejor es trabajar de manera coordinada y producir la mano de obra necesaria a trav\u00e9s de distintos programas\u201d, dijo Riquelme Sol\u00eds.&nbsp;<\/p>\n\n\n\n<p>\u201cHoy Coahuila est\u00e1 de pie, llegan a un Estado que es una potencia en desarrollo econ\u00f3mico, que es gran aportador de nuestro pa\u00eds con distintas vocaciones\u201d, manifest\u00f3 el Mandatario coahuilense.<\/p>\n\n\n\n<p>Agradeci\u00f3 a la Cooperaci\u00f3n Alemana al Desarrollo Sustentable, ya que viene a fortalecer la Educaci\u00f3n Dual y con ello aumentar el n\u00famero de estudiantes en esta modalidad educativa a trav\u00e9s de diversas l\u00edneas de acci\u00f3n.<\/p>\n\n\n\n<p>\u201cHoy confirmo mi convicci\u00f3n de que juntos, empresas, sistema educativo y Gobierno, vamos a potenciar a\u00fan m\u00e1s este encuentro entre las necesidades del tejido empresarial y la preparaci\u00f3n de los j\u00f3venes que se disponen a ser los protagonistas, transformadores del Coahuila de hoy y del ma\u00f1ana\u201d, subray\u00f3 el gobernador Miguel Riquelme.<\/p>\n\n\n\n<p>Por su parte, Roc\u00edo Margarita Serrano Barrios, Coordinadora de los Organismos Descentralizados Estatales de los CECyTEs, mencion\u00f3 que este es un d\u00eda de fiesta para estas instituciones y agradeci\u00f3 el Gobernador del Estado por su anfitrion\u00eda y por todo el apoyo que da a la educaci\u00f3n.<\/p>\n\n\n\n<p>\u201cCon estas acciones estamos dando cumplimiento a lo que nos marca nuestro programa; por primera vez la Educaci\u00f3n Dual est\u00e1 en el programa sectorial, por primera vez se le da el lugar que tiene en la Educaci\u00f3n Media Superior\u201d, mencion\u00f3.<\/p>\n\n\n\n<p>Se\u00f1al\u00f3 que est\u00e1n convencidos de que trabajar\u00e1n d\u00eda a d\u00eda, transitando a que sea una cultura: \u201cConvocarlos a que le apostemos m\u00e1s a la Educaci\u00f3n Dual, porque ese realmente es el camino para los j\u00f3venes\u201d.<\/p>\n\n\n\n<p>Inform\u00f3 que en los 30 CECyTEs del Pa\u00eds se est\u00e1 trabajando ya en con Educaci\u00f3n Dual.<\/p>\n\n\n\n<p>Torsten Klinke, Director del Programa para la Consolidaci\u00f3n y Escalamiento del Sistema Educaci\u00f3n Dual en M\u00e9xico, por parte de la Cooperaci\u00f3n Alemana al Desarrollo Sustentable, reiter\u00f3 que los j\u00f3venes formados en Educaci\u00f3n Dual est\u00e1n mejor preparados para el mercado laboral, lo que se refleja en n\u00fameros reducidos y menos costos para las empresas.<\/p>\n\n\n\n<p>\u201cSaltillo es un buen lugar para la Educaci\u00f3n Dual, porque aqu\u00ed trabajan muy de la mano los sectores en conjunto. Se tiene aqu\u00ed una econom\u00eda bien formalizada que es bastante importante para la Educaci\u00f3n Dual\u201d, asegur\u00f3.<\/p>\n\n\n\n<p>Demetrio Z\u00fa\u00f1iga S\u00e1nchez, Director General del CECyTE EMSAD Coahuila, agradeci\u00f3 el compromiso y apoyo del gobernador Miguel Riquelme, y a los empresarios por la posibilidad de que los estudiantes puedan llevar a cabo la Educaci\u00f3n Dual, ya que esa confianza da la posibilidad de que suceda.<\/p>\n\n\n\n<p>Acompa\u00f1aron al Gobernador en el pres\u00eddium, adem\u00e1s, Eduardo Olmos Castro, diputado presidente de la Junta de Gobierno del Congreso local; Manolo Jim\u00e9nez Salinas, Presidente Municipal de Saltillo; Mar\u00eda del Carmen Ruiz Esparza Contreras, encargada del Despacho de la Secretar\u00eda de Educaci\u00f3n del Estado; Nazira Zogbi Castro, Secretaria del Trabajo, y Guillermo Antonio Sol\u00eds S\u00e1nchez, Coordinador del Sistema Dual de la Subsecretar\u00eda de Educaci\u00f3n Media Superior de la SEP.<\/p>\n","protected":false},"excerpt":{"rendered":"<p>\u00b7&nbsp;&nbsp;&nbsp;&nbsp;&nbsp;&nbsp;&nbsp;Se pone en marcha el Escalamiento de la Educaci\u00f3n Dual en los CECiTEs. Saltillo, Coahuila de Zaragoza; a 12 de Noviembre de 2021.- Con la presencia de representantes de 21 estados de la Rep\u00fablica, este d\u00eda el gobernador Miguel \u00c1ngel Riquelme Sol\u00eds encabez\u00f3 la ceremonia con la que se puso en marcha, de manera oficial, [&hellip;]<\/p>\n","protected":false},"author":1,"featured_media":18813,"comment_status":"closed","ping_status":"closed","sticky":false,"template":"","format":"standard","meta":{"footnotes":""},"categories":[21],"tags":[],"class_list":["post-18812","post","type-post","status-publish","format-standard","has-post-thumbnail","hentry","category-coahuila"],"_links":{"self":[{"href":"https:\/\/elperiodicodesaltillo.com\/wp\/wp-json\/wp\/v2\/posts\/18812","targetHints":{"allow":["GET"]}}],"collection":[{"href":"https:\/\/elperiodicodesaltillo.com\/wp\/wp-json\/wp\/v2\/posts"}],"about":[{"href":"https:\/\/elperiodicodesaltillo.com\/wp\/wp-json\/wp\/v2\/types\/post"}],"author":[{"embeddable":true,"href":"https:\/\/elperiodicodesaltillo.com\/wp\/wp-json\/wp\/v2\/users\/1"}],"replies":[{"embeddable":true,"href":"https:\/\/elperiodicodesaltillo.com\/wp\/wp-json\/wp\/v2\/comments?post=18812"}],"version-history":[{"count":1,"href":"https:\/\/elperiodicodesaltillo.com\/wp\/wp-json\/wp\/v2\/posts\/18812\/revisions"}],"predecessor-version":[{"id":18814,"href":"https:\/\/elperiodicodesaltillo.com\/wp\/wp-json\/wp\/v2\/posts\/18812\/revisions\/18814"}],"wp:featuredmedia":[{"embeddable":true,"href":"https:\/\/elperiodicodesaltillo.com\/wp\/wp-json\/wp\/v2\/media\/18813"}],"wp:attachment":[{"href":"https:\/\/elperiodicodesaltillo.com\/wp\/wp-json\/wp\/v2\/media?parent=18812"}],"wp:term":[{"taxonomy":"category","embeddable":true,"href":"https:\/\/elperiodicodesaltillo.com\/wp\/wp-json\/wp\/v2\/categories?post=18812"},{"taxonomy":"post_tag","embeddable":true,"href":"https:\/\/elperiodicodesaltillo.com\/wp\/wp-json\/wp\/v2\/tags?post=18812"}],"curies":[{"name":"wp","href":"https:\/\/api.w.org\/{rel}","templated":true}]}}