{"id":18929,"date":"2021-11-29T16:49:00","date_gmt":"2021-11-29T16:49:00","guid":{"rendered":"https:\/\/elperiodicodesaltillo.com\/wp\/?p=18929"},"modified":"2021-11-30T16:50:32","modified_gmt":"2021-11-30T16:50:32","slug":"entregan-mars-y-karla-quintana-laboratorio-de-genetica-en-el-crih","status":"publish","type":"post","link":"https:\/\/elperiodicodesaltillo.com\/wp\/2021\/11\/29\/entregan-mars-y-karla-quintana-laboratorio-de-genetica-en-el-crih\/","title":{"rendered":"ENTREGAN MARS Y KARLA QUINTANA LABORATORIO DE GEN\u00c9TICA EN EL CRIH"},"content":{"rendered":"\n<p>Saltillo, Coahuila de Zaragoza; a 29 de Noviembre de 2021.- Con una inversi\u00f3n conjunta entre el Gobierno del Estado y la Comisi\u00f3n Nacional de B\u00fasqueda de 45.4 millones de pesos, el gobernador Miguel \u00c1ngel Riquelme Sol\u00eds, acompa\u00f1ado por Karla Quintana Osuna, Comisionada Nacional de B\u00fasqueda, inauguraron el Laboratorio de Gen\u00e9tica del Centro Regional de Identificaci\u00f3n Humana (CRIH) de la Comisi\u00f3n de B\u00fasqueda del Estado.<\/p>\n\n\n\n<div class=\"wp-block-image\"><figure class=\"aligncenter size-full\"><img loading=\"lazy\" decoding=\"async\" width=\"581\" height=\"392\" src=\"https:\/\/elperiodicodesaltillo.com\/wp\/wp-content\/uploads\/2021\/11\/entregakarla.jpg\" alt=\"\" class=\"wp-image-18930\" srcset=\"https:\/\/elperiodicodesaltillo.com\/wp\/wp-content\/uploads\/2021\/11\/entregakarla.jpg 581w, https:\/\/elperiodicodesaltillo.com\/wp\/wp-content\/uploads\/2021\/11\/entregakarla-300x202.jpg 300w\" sizes=\"auto, (max-width: 581px) 100vw, 581px\" \/><\/figure><\/div>\n\n\n\n<p>El Laboratorio de Gen\u00e9tica operar\u00e1 con la tecnolog\u00eda en biolog\u00eda molecular m\u00e1s avanzada y con un equipo de genetistas forenses, quienes fueron especializadas por la Fundaci\u00f3n de Antropolog\u00eda Forense de Guatemala.<\/p>\n\n\n\n<p>Con esta herramienta, las muestras referenciales de familiares de personas desaparecidas y los cuerpos y\/o restos humanos de personas sin identificar recuperados por el CRIH ser\u00e1n analizados en materia gen\u00e9tica en este laboratorio.<\/p>\n\n\n\n<p>El trabajar las muestras al interior del centro permitir\u00e1 que el CRIH consolide la instalaci\u00f3n de su capacidad local en materia de b\u00fasqueda forense con fines de identificaci\u00f3n humana, lo que posiciona a Coahuila como referente nacional e internacional.<\/p>\n\n\n\n<p>De la misma manera, en este mismo evento la Comisi\u00f3n Estatal del B\u00fasqueda de Coahuila y la Academia Interamericana de Derechos Humanos, que dirige Irene Spigno, firmaron una carta de intenci\u00f3n para la ejecuci\u00f3n de la Especialidad sobre el Derecho a la B\u00fasqueda, dirigida a funcionarios p\u00fablicos, defensores de derechos humanos y v\u00edctimas indirectas del delito de desaparici\u00f3n.<\/p>\n\n\n\n<p>En su mensaje, el gobernador Miguel Riquelme record\u00f3 que se debe mantener siempre presente que el objetivo central de todos los esfuerzos, pues no s\u00f3lo es recuperar los cuerpos para resguardarlos en el CRIH, sino lograr su correcta identificaci\u00f3n y el retorno con sus familias.<\/p>\n\n\n\n<p>\u201cEn Coahuila siempre hemos reconocido la crisis forense que M\u00e9xico enfrenta, pero adem\u00e1s hemos coordinado esfuerzos para poder enfrentar los retos que en esta materia tenemos que perseguir d\u00eda a d\u00eda\u201d, mencion\u00f3.<\/p>\n\n\n\n<p>Riquelme Sol\u00eds se\u00f1al\u00f3 que la complejidad que reviste la desapariciaci\u00f3n de personas requiere una atenci\u00f3n integral para conrtibuir a la soluci\u00f3n a esta tragedia de la historia contempor\u00e1nea de nuestro pa\u00eds.<\/p>\n\n\n\n<p>\u201cNuestra pol\u00edtica se sustenta en el trabajo coordinado entre los tres \u00f3rdenes de Gobierno, los organismos p\u00fablicos aut\u00f3nomos, los organismos internacionales y la sociedad civil\u201d, expuso.<\/p>\n\n\n\n<p>Riquelme Sol\u00eds destac\u00f3 que las familias que tienen un ser querido desaparecido han participado en las estrategias de b\u00fasqueda de las personas y en la investigaci\u00f3n de los hechos, el acceso a la verdad y la justicia, as\u00ed como en la reparaci\u00f3n integral.<\/p>\n\n\n\n<p>El Gobernador de Coahuila inform\u00f3 que este a\u00f1o se emprendi\u00f3 un amplio trabajo de identificaci\u00f3n que se inici\u00f3 en el desarrollo de una base de datos, que contar\u00e1 con toda aquella informaci\u00f3n relativa a las personas desaparecidas y no localizadas en la entidad, desde se\u00f1as particulares, vestimenta, circunstancias de desparici\u00f3n y las diligencias que se relizan para lograr su localizaci\u00f3n.<\/p>\n\n\n\n<p>\u201cCon el Centro Regional de Identificaci\u00f3n Humana, que ha sido impulsado por las propias familias, empezamos la recuperacion y an\u00e1lisis de cuerpos inhumados sin identificar; se han desarrollado operativos de Exhumaciones con Enfoque Masivo en los panteones muncipales 1 y 2 de Torre\u00f3n, en el de Matamoros, as\u00ed como en La Paz, de Saltillo, y San Ignacio, de Ramos Arizpe\u201d, dijo.<\/p>\n\n\n\n<p>Agreg\u00f3 que arriba de 700 cuerpos y restos humanos hoy est\u00e1n en proceso de analisis forense por el personal especializado de este Centro para su debida identificaci\u00f3n.<\/p>\n\n\n\n<p>Asimismo, tambi\u00e9n con el prop\u00f3sito de crear un banco gen\u00e9tico que permita realizar confrontas entre los cuerpos localizados y recuperados con las muestras gen\u00e9ticas de familiares.<\/p>\n\n\n\n<p>Record\u00f3 que se efectuaron campa\u00f1as de recolecci\u00f3n en las regiones Centro-Desierto, Laguna, Norte, Cinco Manantiales y Sureste, as\u00ed como en los estados de Durango y Nuevo Le\u00f3n.<\/p>\n\n\n\n<p>\u201cHoy se da un paso firme en estos procesos al fortalcer las acciones de este CRIH\u201d, subray\u00f3.&nbsp;&nbsp;&nbsp;&nbsp;&nbsp;<\/p>\n\n\n\n<p>El Mandatario estatal resalt\u00f3 la coordinaci\u00f3n y la voluntad del Gobierno Federal, el Gobierno Estatal y la coordinacion con los municipios, especialmente con el de Saltillo, para llevar a cabo un proyecto como este.<\/p>\n\n\n\n<p>Agradeci\u00f3 y reconoci\u00f3 el trabajo tanto de Karla Quintana como el de Alejandro Encinas, Subsecretario de Derechos Humanos, Poblaci\u00f3n y Migraci\u00f3n del Gobierno Federal, quienes han sido muy solidarios con estos proyectos.<\/p>\n\n\n\n<p>Mencion\u00f3 que el Centro Regional de Indetificaci\u00f3n Humana de Coahuila es uno de los proyectos y retos m\u00e1s importantes del Estado Mexicano impulsado por las propias familias.<\/p>\n\n\n\n<p>COAHUILA, UNA NUEVA VISI\u00d3N<\/p>\n\n\n\n<p>En su intervenci\u00f3n, la Comisionada Nacional de B\u00fasqueda, Karla Quintana Osuna, expres\u00f3 que con la entrega de este laboratorio gen\u00e9tico dan un paso m\u00e1s a este proyecto de Estado que se ha cosntruido desde la Federaci\u00f3n con el Gobierno de Coahuila.<\/p>\n\n\n\n<p>\u201cHemos construido en estos tres a\u00f1os una nueva visi\u00f3n de ver la b\u00fasqueda forense. Aqu\u00ed se ha construido un grupo de profesionales que se ha entrenado con la capacitaci\u00f3n de la Fundaci\u00f3n de Antropolog\u00eda Forense de Guatemala en una nueva metodolog\u00eda para encontrar a las personas nos hacen falta\u201d, expres\u00f3 Quintana Osuna.<\/p>\n\n\n\n<p>La titular de la Comisi\u00f3n Nacional de B\u00fasqueda reconoci\u00f3 la voluntad del gobernador Miguel Riquelme en este tema, voluntad que no se replica en otras entidades, y destac\u00f3 que la experiencia del CRIH fue reconocida y se\u00f1alada como una buena pr\u00e1ctica por el Comit\u00e9 Contra las Desapariciones Forzadas de las Naciones Unidas, que estuvo en esta ciudad la semana pasada.&nbsp;&nbsp;<\/p>\n\n\n\n<p>\u201cEs el \u00fanico proyecto de Estado no s\u00f3lo en M\u00e9xico, sino en toda Am\u00e9rica Latina, con esa visi\u00f3n: la de buscar personas desaparecidas\u201d, se\u00f1al\u00f3 Quintana Osuna.<\/p>\n\n\n\n<p>\u201cEsperamos que esto se replique en otros estados, tenemos qu\u00e9 hacer eso a nivel nacional, es una obligaci\u00f3n del Estado Mexicano\u201d, subray\u00f3, al tempo de felicitar a todo el equipo del Gobierno del Estado y del CRIH por su trabajo en la materia.&nbsp;<\/p>\n\n\n\n<p>Por su parte, Yezka Garza Ram\u00edrez, Coordinadora General del CRIH, inform\u00f3 que este centro cuenta con un equipo de mujeres peritas en gen\u00e9tica forense, quienes durante m\u00e1s de un a\u00f1o han recibido entrenamiento y capacitaci\u00f3n espec\u00edfica por parte de la Fundaci\u00f3n de Antopolog\u00eda Forense de Guatemala para el procesamiento de muestras, perfiles, en manejo de base de datos, comparaci\u00f3n e interpretacion estad\u00edstica.<\/p>\n\n\n\n<p>Estuvieron en esta inauguraci\u00f3n del laboratorio, adem\u00e1s, la Directora de la Academia Interamericana de Derechos Humanos, Irene Spigno; el Comisionado Estatal de B\u00fasqueda, Ricardo Mart\u00ednez Loyola; el Alcalde de Saltillo, Manolo Jim\u00e9nez; el Secretario de Infraestructura, Miguel \u00c1ngel Algara Acosta; la diputada local Luz Elena Morales y el diputado federal Jaime Bueno.<\/p>\n\n\n\n<p>As\u00ed como el magistrado Luis Efr\u00e9n R\u00edos Vega, y el Presidente de la Comisi\u00f3n Estatal de Derechos Humanos, Hugo Morales Vald\u00e9s, entre otras personalidades.<\/p>\n","protected":false},"excerpt":{"rendered":"<p>Saltillo, Coahuila de Zaragoza; a 29 de Noviembre de 2021.- Con una inversi\u00f3n conjunta entre el Gobierno del Estado y la Comisi\u00f3n Nacional de B\u00fasqueda de 45.4 millones de pesos, el gobernador Miguel \u00c1ngel Riquelme Sol\u00eds, acompa\u00f1ado por Karla Quintana Osuna, Comisionada Nacional de B\u00fasqueda, inauguraron el Laboratorio de Gen\u00e9tica del Centro Regional de Identificaci\u00f3n [&hellip;]<\/p>\n","protected":false},"author":1,"featured_media":18930,"comment_status":"closed","ping_status":"closed","sticky":false,"template":"","format":"standard","meta":{"footnotes":""},"categories":[21],"tags":[],"class_list":["post-18929","post","type-post","status-publish","format-standard","has-post-thumbnail","hentry","category-coahuila"],"_links":{"self":[{"href":"https:\/\/elperiodicodesaltillo.com\/wp\/wp-json\/wp\/v2\/posts\/18929","targetHints":{"allow":["GET"]}}],"collection":[{"href":"https:\/\/elperiodicodesaltillo.com\/wp\/wp-json\/wp\/v2\/posts"}],"about":[{"href":"https:\/\/elperiodicodesaltillo.com\/wp\/wp-json\/wp\/v2\/types\/post"}],"author":[{"embeddable":true,"href":"https:\/\/elperiodicodesaltillo.com\/wp\/wp-json\/wp\/v2\/users\/1"}],"replies":[{"embeddable":true,"href":"https:\/\/elperiodicodesaltillo.com\/wp\/wp-json\/wp\/v2\/comments?post=18929"}],"version-history":[{"count":1,"href":"https:\/\/elperiodicodesaltillo.com\/wp\/wp-json\/wp\/v2\/posts\/18929\/revisions"}],"predecessor-version":[{"id":18931,"href":"https:\/\/elperiodicodesaltillo.com\/wp\/wp-json\/wp\/v2\/posts\/18929\/revisions\/18931"}],"wp:featuredmedia":[{"embeddable":true,"href":"https:\/\/elperiodicodesaltillo.com\/wp\/wp-json\/wp\/v2\/media\/18930"}],"wp:attachment":[{"href":"https:\/\/elperiodicodesaltillo.com\/wp\/wp-json\/wp\/v2\/media?parent=18929"}],"wp:term":[{"taxonomy":"category","embeddable":true,"href":"https:\/\/elperiodicodesaltillo.com\/wp\/wp-json\/wp\/v2\/categories?post=18929"},{"taxonomy":"post_tag","embeddable":true,"href":"https:\/\/elperiodicodesaltillo.com\/wp\/wp-json\/wp\/v2\/tags?post=18929"}],"curies":[{"name":"wp","href":"https:\/\/api.w.org\/{rel}","templated":true}]}}