{"id":19061,"date":"2021-12-06T14:24:00","date_gmt":"2021-12-06T14:24:00","guid":{"rendered":"https:\/\/elperiodicodesaltillo.com\/wp\/?p=19061"},"modified":"2021-12-07T14:26:49","modified_gmt":"2021-12-07T14:26:49","slug":"actuemos-como-si-la-variante-omicron-ya-estuviera-en-coahuila-mars","status":"publish","type":"post","link":"https:\/\/elperiodicodesaltillo.com\/wp\/2021\/12\/06\/actuemos-como-si-la-variante-omicron-ya-estuviera-en-coahuila-mars\/","title":{"rendered":"ACTUEMOS COMO SI LA VARIANTE OMICR\u00d3N YA ESTUVIERA EN COAHUILA: MARS"},"content":{"rendered":"\n<p>\u00b7&nbsp;&nbsp;&nbsp;&nbsp;&nbsp;&nbsp;<strong><em>&nbsp;Gobernador Miguel Riquelme pide mantener las medidas preventivas contra el Covid<\/em><\/strong><\/p>\n\n\n\n<p>Torre\u00f3n, Coahuila de Zaragoza; a 6 de Diciembre de 2021.- El gobernador Miguel \u00c1ngel Riquelme Sol\u00eds encabez\u00f3 la septuag\u00e9sima quinta reuni\u00f3n de Subcomit\u00e9 T\u00e9cnico Regional Covid-19 en la Regi\u00f3n Laguna, desde donde invit\u00f3 a la poblaci\u00f3n a seguir actuando de forma responsable: \u201cActuemos como si el Omicr\u00f3n ya estuviera aqu\u00ed, sin que eso signifique alarmar a las y los coahuilenses\u201d.<\/p>\n\n\n\n<div class=\"wp-block-image\"><figure class=\"aligncenter size-full is-resized\"><img loading=\"lazy\" decoding=\"async\" src=\"https:\/\/elperiodicodesaltillo.com\/wp\/wp-content\/uploads\/2021\/12\/actuemos.jpg\" alt=\"\" class=\"wp-image-19062\" width=\"600\" height=\"395\" srcset=\"https:\/\/elperiodicodesaltillo.com\/wp\/wp-content\/uploads\/2021\/12\/actuemos.jpg 800w, https:\/\/elperiodicodesaltillo.com\/wp\/wp-content\/uploads\/2021\/12\/actuemos-300x197.jpg 300w, https:\/\/elperiodicodesaltillo.com\/wp\/wp-content\/uploads\/2021\/12\/actuemos-768x505.jpg 768w, https:\/\/elperiodicodesaltillo.com\/wp\/wp-content\/uploads\/2021\/12\/actuemos-696x458.jpg 696w, https:\/\/elperiodicodesaltillo.com\/wp\/wp-content\/uploads\/2021\/12\/actuemos-741x486.jpg 741w, https:\/\/elperiodicodesaltillo.com\/wp\/wp-content\/uploads\/2021\/12\/actuemos-639x420.jpg 639w\" sizes=\"auto, (max-width: 600px) 100vw, 600px\" \/><\/figure><\/div>\n\n\n\n<p>El Mandatario estatal reconoci\u00f3 que muy probablemente las compras se incrementen con motivo de la Navidad, y exhort\u00f3 a seguir cumpliendo los protocolos. A los empresarios y comerciantes les insisti\u00f3: \u201cEstemos preparados para dar horarios, que la gente sepa perfectamente c\u00f3mo actuar sin saturar los centros comerciales\u201d.<\/p>\n\n\n\n<p>Riquelme Sol\u00eds record\u00f3 que ya casi se cumple un a\u00f1o de haber iniciado la vacunaci\u00f3n para el personal m\u00e9dico, y mencion\u00f3 que su Administraci\u00f3n pondr\u00e1 atenci\u00f3n en ello.<\/p>\n\n\n\n<p>En lo referente al reci\u00e9n inaugurado \u201cPuerto Noas\u201d hace dos semanas, dijo que m\u00e1s de 245 mil personas lo visitaron por distintas v\u00edas de acceso, y agradeci\u00f3 el respaldo del Ayuntamiento de Torre\u00f3n y de la CANIRAC.<\/p>\n\n\n\n<p>\u201cVamos a generar distintas actividades para seguir impulsando ese lugar tur\u00edstico y religioso\u201d, se\u00f1al\u00f3 Riquelme Sol\u00eds.<\/p>\n\n\n\n<p>El Gobernador de Coahuila agradeci\u00f3 a las y los alcaldes que terminan su gesti\u00f3n (en La Laguna) por su respaldo en este Subcomit\u00e9, por su colaboraci\u00f3n ante la pandemia: \u201cEl Subcomit\u00e9 es un modelo de participaci\u00f3n muy v\u00e1lido, y lo vamos a mantener\u201d.<\/p>\n\n\n\n<p>De la misma manera, dio la bienvenida al nuevo titular del Mando Especial de La Laguna, General Brigadier Rogelio Garc\u00eda P\u00e9rez: \u201cUsted manda en la coordinaci\u00f3n entre Coahuila y Durango para seguir conservando la paz y la tranquilidad en esta zona\u201d, indic\u00f3.<\/p>\n\n\n\n<p>ACUERDOS<\/p>\n\n\n\n<p>+ Se autoriza al Club Santos Laguna el inicio del Torneo Clausura 2022 entre el 7 y 9 de enero (fecha por definir), bajo las mismas condiciones en que los partidos se ven\u00edan desarrollando.<\/p>\n\n\n\n<p>+ Se autoriza al Coliseo Centenario la realizaci\u00f3n del evento deportivo \u201cLas Estrellas Mundiales de P\u00e1del\u201d el d\u00eda 11 de diciembre, en punto de las 21:00 horas, con un aforo final del 80 por ciento de su capacidad.<\/p>\n\n\n\n<p>+ Se autoriza al Ayuntamiento de Torre\u00f3n lleve a cabo el Informe de Resultados del alcalde Jorge Zerme\u00f1o Infante el pr\u00f3ximo 14 de diciembre en el Teatro Nazas, con un aforo de un 75 por ciento.<\/p>\n\n\n\n<p>VACUNACI\u00d3N EN LA LAGUNA<\/p>\n\n\n\n<p>Fernando Sim\u00f3n Guti\u00e9rrez P\u00e9rez, titular de la Unidad de Comunicaci\u00f3n e Imagen Institucional del Gobierno de Coahuila y Coordinador de esta mesa, inform\u00f3 que del 29 de noviembre al 4 de diciembre se aplicaron 34 mil 555 del biol\u00f3gicos de las marcas Pfizer y AstraZeneca, donde se tuv\u00f3 como sede de vacunaci\u00f3n el Hospital General de Torre\u00f3n.<\/p>\n\n\n\n<p>As\u00ed como las instituciones Luzac, UAL, CBTA 1, CETIS 55, PVC, CETIS 83, CECATI 85, CECYTEC, CONALEP, Tec de Monterrey, Tec Milenio y CBTIS 196.<\/p>\n\n\n\n<p>Se\u00f1al\u00f3 que se han recibido 40 mil 600 dosis de la vacuna, y se han suministrado 33 mil 600 por parte de la Jurisdicci\u00f3n Sanitaria VI.<\/p>\n\n\n\n<p>INFORMA SALUD SOBRE OMICR\u00d3N&nbsp;<\/p>\n\n\n\n<p>La vir\u00f3loga Violeta Rodr\u00edguez, de la Secretar\u00eda de Salud del Estado, inform\u00f3 que existen diversas variantes de preocupaci\u00f3n, entre ellas la Omicr\u00f3n, misma que se detect\u00f3 en la tercera semana de noviembre en Sud\u00e1frica, y es de preocupaci\u00f3n por su desplazamiento r\u00e1pido, pero tambi\u00e9n por su alt\u00edsima cantidad de mutaciones.<\/p>\n\n\n\n<p>Lo que a\u00fan no se conoce, afirm\u00f3, es la severidad de la enfermedad, la efectividad de las vacunas y el efecto de los tratamientos.<\/p>\n\n\n\n<p>Por lo que invit\u00f3 a vacunarse a las personas que a\u00fan no lo hacen, toda vez que la inoculaci\u00f3n sirve; el exhorto es para los rezagados o a quienes se les va permitiendo recibirla.<\/p>\n\n\n\n<p>Recalc\u00f3 que la combinaci\u00f3n de las siguientes medidas es crucial: La aplicaci\u00f3n de la vacuna; la utilizaci\u00f3n del cubrebocas bien ajustado; continuar la ventilaci\u00f3n de los hogares y oficinas, y cumplir con la distancia social: \u201cSi falta una hay m\u00e1s riesgo de infecci\u00f3n\u201d, advirti\u00f3.<\/p>\n\n\n\n<p>La vir\u00f3loga sostuvo que Omicr\u00f3n le recuerda a la poblaci\u00f3n que la pandemia a\u00fan no termina, y que se debe estar preparado.<\/p>\n\n\n\n<p>Para una Navidad segura, exhort\u00f3 a los ciudadanos a elegir una o dos posadas, no acudir a todas, que sean de corta duraci\u00f3n y con pocas personas. Que sean lugares abiertos y nunca en sitios sin ventilaci\u00f3n; evitar m\u00fasica alta y el exceso del alcohol.&nbsp;<\/p>\n\n\n\n<p>Mientras no se coma ni se beba, se debe portar el cubrebocas bien ajustado.&nbsp;&nbsp;Evitar reuniones masivas, como complemento para lo que se debe cumplir en estas fiestas.<\/p>\n\n\n\n<p>Si existen s\u00edntomas que parezcan alergia o gripa, no acudir a reuniones, incluso con prueba negativa, recalc\u00f3.<\/p>\n\n\n\n<p>Ante el m\u00ednimo factor de riesgo: viajes, reuniones masivas, exceso de posadas, impulsa a realizarse una prueba ya sea PCR o Ant\u00edgeno (que negativa es vigente 24 horas).<\/p>\n\n\n\n<p>De ser posible aplicar la vacuna de refuerzo a los 6 meses de la segunda dosis a mayores de 60 a\u00f1os, con comorbilidades o con obesidad, finaliz\u00f3.<\/p>\n\n\n\n<p>EVENTOS QUE SOLICITAN AUTORIZACI\u00d3N<\/p>\n\n\n\n<p>Luis Gurza Jaidar, Administrador General de Recaudaci\u00f3n y titular de la Mesa Operativa, coment\u00f3 que se celebr\u00f3 una reuni\u00f3n con los propietarios de los salones de fiestas, quintas y wedding planners, para reforzar el cuidado de las medidas preventivas con motivo de las posadas u otro tipo de fiestas t\u00edpicas de la fecha decembrina, instrucci\u00f3n que se les brind\u00f3 desde este Subcomit\u00e9.<\/p>\n\n\n\n<p>ACUDEN A REUNI\u00d3N DE SUBCOMIT\u00c9<\/p>\n\n\n\n<p>A esta reuni\u00f3n del Subcomit\u00e9 T\u00e9cnico Regional, asistieron, adem\u00e1s, los presidentes municipales de San Pedro de las Colonias, Viesca, Matamoros y Torre\u00f3n; Patricia Grado Falc\u00f3n, Nadia Jaramillo Rodr\u00edguez, Horacio Pi\u00f1a \u00c1vila y Jorge Zerme\u00f1o Infante, de manera respectiva.<\/p>\n\n\n\n<p>As\u00ed como otros funcionarios estatales, municipales, representantes de empresas, de comercios, de universidades, de equipos profesionales deportivos, de nosocomios p\u00fablicos y privados y del Ej\u00e9rcito Mexicano: de la XI Regi\u00f3n Militar y del Mando Especial de La Laguna.<\/p>\n","protected":false},"excerpt":{"rendered":"<p>\u00b7&nbsp;&nbsp;&nbsp;&nbsp;&nbsp;&nbsp;&nbsp;Gobernador Miguel Riquelme pide mantener las medidas preventivas contra el Covid Torre\u00f3n, Coahuila de Zaragoza; a 6 de Diciembre de 2021.- El gobernador Miguel \u00c1ngel Riquelme Sol\u00eds encabez\u00f3 la septuag\u00e9sima quinta reuni\u00f3n de Subcomit\u00e9 T\u00e9cnico Regional Covid-19 en la Regi\u00f3n Laguna, desde donde invit\u00f3 a la poblaci\u00f3n a seguir actuando de forma responsable: \u201cActuemos como [&hellip;]<\/p>\n","protected":false},"author":1,"featured_media":19062,"comment_status":"closed","ping_status":"closed","sticky":false,"template":"","format":"standard","meta":{"footnotes":""},"categories":[21],"tags":[],"class_list":["post-19061","post","type-post","status-publish","format-standard","has-post-thumbnail","hentry","category-coahuila"],"_links":{"self":[{"href":"https:\/\/elperiodicodesaltillo.com\/wp\/wp-json\/wp\/v2\/posts\/19061","targetHints":{"allow":["GET"]}}],"collection":[{"href":"https:\/\/elperiodicodesaltillo.com\/wp\/wp-json\/wp\/v2\/posts"}],"about":[{"href":"https:\/\/elperiodicodesaltillo.com\/wp\/wp-json\/wp\/v2\/types\/post"}],"author":[{"embeddable":true,"href":"https:\/\/elperiodicodesaltillo.com\/wp\/wp-json\/wp\/v2\/users\/1"}],"replies":[{"embeddable":true,"href":"https:\/\/elperiodicodesaltillo.com\/wp\/wp-json\/wp\/v2\/comments?post=19061"}],"version-history":[{"count":1,"href":"https:\/\/elperiodicodesaltillo.com\/wp\/wp-json\/wp\/v2\/posts\/19061\/revisions"}],"predecessor-version":[{"id":19063,"href":"https:\/\/elperiodicodesaltillo.com\/wp\/wp-json\/wp\/v2\/posts\/19061\/revisions\/19063"}],"wp:featuredmedia":[{"embeddable":true,"href":"https:\/\/elperiodicodesaltillo.com\/wp\/wp-json\/wp\/v2\/media\/19062"}],"wp:attachment":[{"href":"https:\/\/elperiodicodesaltillo.com\/wp\/wp-json\/wp\/v2\/media?parent=19061"}],"wp:term":[{"taxonomy":"category","embeddable":true,"href":"https:\/\/elperiodicodesaltillo.com\/wp\/wp-json\/wp\/v2\/categories?post=19061"},{"taxonomy":"post_tag","embeddable":true,"href":"https:\/\/elperiodicodesaltillo.com\/wp\/wp-json\/wp\/v2\/tags?post=19061"}],"curies":[{"name":"wp","href":"https:\/\/api.w.org\/{rel}","templated":true}]}}