{"id":19086,"date":"2021-12-16T17:06:04","date_gmt":"2021-12-16T17:06:04","guid":{"rendered":"https:\/\/elperiodicodesaltillo.com\/wp\/?p=19086"},"modified":"2021-12-16T17:06:07","modified_gmt":"2021-12-16T17:06:07","slug":"honrar-a-los-padres","status":"publish","type":"post","link":"https:\/\/elperiodicodesaltillo.com\/wp\/2021\/12\/16\/honrar-a-los-padres\/","title":{"rendered":"Honrar a los padres\u2026"},"content":{"rendered":"\n<p><strong><em>&nbsp;&nbsp;&nbsp;&nbsp;&nbsp;&nbsp;&nbsp;&nbsp;&nbsp;&nbsp; Profesor Evaristo Velasco \u00c1lvarez.<\/em><\/strong><\/p>\n\n\n\n<p>Una de las m\u00e1s frecuentes recomendaciones que todos los adultos nos hacen es: \u201c<strong>DEBER\u00c1S HONRAR A TU PADRE Y A TU MADRE<\/strong>\u201d. Y yo estoy totalmente de acuerdo en hacerlo, buscar por todos los medios el cumplir con creces este mandato, el cual es fundamental en el desarrollo de una sociedad fina, limpia y creciente, con aspiraciones de grandeza, en la que figuren siempre como la gu\u00eda de todo a los padres.<\/p>\n\n\n\n<div class=\"wp-block-image\"><figure class=\"aligncenter size-full is-resized\"><img loading=\"lazy\" decoding=\"async\" src=\"https:\/\/elperiodicodesaltillo.com\/wp\/wp-content\/uploads\/2021\/12\/honrar.jpg\" alt=\"\" class=\"wp-image-19087\" width=\"300\" height=\"300\" srcset=\"https:\/\/elperiodicodesaltillo.com\/wp\/wp-content\/uploads\/2021\/12\/honrar.jpg 600w, https:\/\/elperiodicodesaltillo.com\/wp\/wp-content\/uploads\/2021\/12\/honrar-300x300.jpg 300w, https:\/\/elperiodicodesaltillo.com\/wp\/wp-content\/uploads\/2021\/12\/honrar-150x150.jpg 150w, https:\/\/elperiodicodesaltillo.com\/wp\/wp-content\/uploads\/2021\/12\/honrar-420x420.jpg 420w\" sizes=\"auto, (max-width: 300px) 100vw, 300px\" \/><\/figure><\/div>\n\n\n\n<p>Pero indiscutiblemente que este mandato conlleva en s\u00ed una obligaci\u00f3n ulterior: que los padres deber\u00e1n hacer todo cuanto est\u00e9 a su alcance para ser merecedores de tal distinci\u00f3n y devoci\u00f3n de los hijos. Los padres deber\u00e1n hacer lo que les corresponde en la crianza y buena formaci\u00f3n de sus hijos, concentr\u00e1ndose en el deber adquirido de hacer de sus hijos los ciudadanos responsables y respetuosos que la sociedad necesita.<\/p>\n\n\n\n<p>Porque resulta totalmente incongruente la exigencia del cumplimiento del mandato inicial, cuando los hijos han sido el producto de una aventura irresponsable de los generadores de la vida de alguien, cuando ha sido s\u00f3lo por la calentura de una emoci\u00f3n sin raz\u00f3n m\u00e1s que el impulso animal de dos personas que ni se aman ni desean formar ning\u00fan v\u00ednculo familiar y que no les interesa crear una nueva vida, sino solo la satisfacci\u00f3n carnal de disfrutar de su sexo.<\/p>\n\n\n\n<p>Hago la aclaraci\u00f3n de que no estoy en contra de que se disfrute de la satisfacci\u00f3n del deseo carnal, y que no censuro el que alguien lo realice, sino en contra de que se haga irresponsablemente y que no se tomen las medidas necesarias para s\u00f3lo disfrutar sin exponer a la mujer a ser madre de un ser que el engendrador ni quiere ni necesita. Porque \u00bfSi lo que se quiere es disfrutar, por qu\u00e9 no hacerlo con protecci\u00f3n?<\/p>\n\n\n\n<p>Pero cuando el hecho est\u00e1 ya consumado y estamos ante dos seres que por su debilidad e irresponsable actitud, son los padres de un nuevo ser y no adquieren por voluntad propia, la patria potestad del nuevo ser, no son dignos de considerarse personas que quieran honrar a sus padres, porque los est\u00e1n defraudando al enfrentarlos a la censura de una sociedad implacable. Los padres entonces, son los que sufren las consecuencias, y no son honrados por sus hijos.<\/p>\n\n\n\n<p>Entonces, honrar a los padres empieza con la educaci\u00f3n que les demos a nuestros hijos; que los hagamos responsables de todos sus actos; que los alentemos a la valent\u00eda de ser ciudadanos conscientes respetuosos de las leyes. Solo entonces podremos exigir a los hijos que honren a sus padres, para que, en su momento, puedan ser honrados por los propios. Solo entonces lograremos hacer \u00a1Que viva M\u00e9xico!<\/p>\n\n\n\n<p><a href=\"mailto:velasco_alvarez@yahoo.com\"><strong><em>velasco_alvarez@yahoo.com<\/em><\/strong><\/a><strong><em><\/em><\/strong><\/p>\n","protected":false},"excerpt":{"rendered":"<p>&nbsp;&nbsp;&nbsp;&nbsp;&nbsp;&nbsp;&nbsp;&nbsp;&nbsp;&nbsp; Profesor Evaristo Velasco \u00c1lvarez. Una de las m\u00e1s frecuentes recomendaciones que todos los adultos nos hacen es: \u201cDEBER\u00c1S HONRAR A TU PADRE Y A TU MADRE\u201d. Y yo estoy totalmente de acuerdo en hacerlo, buscar por todos los medios el cumplir con creces este mandato, el cual es fundamental en el desarrollo de una [&hellip;]<\/p>\n","protected":false},"author":26,"featured_media":19087,"comment_status":"closed","ping_status":"closed","sticky":false,"template":"","format":"standard","meta":{"footnotes":""},"categories":[299],"tags":[],"class_list":["post-19086","post","type-post","status-publish","format-standard","has-post-thumbnail","hentry","category-16-de-diciembre-de-2021-ed-413"],"_links":{"self":[{"href":"https:\/\/elperiodicodesaltillo.com\/wp\/wp-json\/wp\/v2\/posts\/19086","targetHints":{"allow":["GET"]}}],"collection":[{"href":"https:\/\/elperiodicodesaltillo.com\/wp\/wp-json\/wp\/v2\/posts"}],"about":[{"href":"https:\/\/elperiodicodesaltillo.com\/wp\/wp-json\/wp\/v2\/types\/post"}],"author":[{"embeddable":true,"href":"https:\/\/elperiodicodesaltillo.com\/wp\/wp-json\/wp\/v2\/users\/26"}],"replies":[{"embeddable":true,"href":"https:\/\/elperiodicodesaltillo.com\/wp\/wp-json\/wp\/v2\/comments?post=19086"}],"version-history":[{"count":1,"href":"https:\/\/elperiodicodesaltillo.com\/wp\/wp-json\/wp\/v2\/posts\/19086\/revisions"}],"predecessor-version":[{"id":19088,"href":"https:\/\/elperiodicodesaltillo.com\/wp\/wp-json\/wp\/v2\/posts\/19086\/revisions\/19088"}],"wp:featuredmedia":[{"embeddable":true,"href":"https:\/\/elperiodicodesaltillo.com\/wp\/wp-json\/wp\/v2\/media\/19087"}],"wp:attachment":[{"href":"https:\/\/elperiodicodesaltillo.com\/wp\/wp-json\/wp\/v2\/media?parent=19086"}],"wp:term":[{"taxonomy":"category","embeddable":true,"href":"https:\/\/elperiodicodesaltillo.com\/wp\/wp-json\/wp\/v2\/categories?post=19086"},{"taxonomy":"post_tag","embeddable":true,"href":"https:\/\/elperiodicodesaltillo.com\/wp\/wp-json\/wp\/v2\/tags?post=19086"}],"curies":[{"name":"wp","href":"https:\/\/api.w.org\/{rel}","templated":true}]}}