{"id":19795,"date":"2022-02-03T19:18:40","date_gmt":"2022-02-03T19:18:40","guid":{"rendered":"https:\/\/elperiodicodesaltillo.com\/wp\/?p=19795"},"modified":"2022-02-03T19:18:42","modified_gmt":"2022-02-03T19:18:42","slug":"coahuila-cuenta-con-modelo-de-coordinacion-policial-ejemplar-mars","status":"publish","type":"post","link":"https:\/\/elperiodicodesaltillo.com\/wp\/2022\/02\/03\/coahuila-cuenta-con-modelo-de-coordinacion-policial-ejemplar-mars\/","title":{"rendered":"COAHUILA CUENTA CON MODELO DE COORDINACI\u00d3N POLICIAL EJEMPLAR: MARS"},"content":{"rendered":"\n<p>\u00b7&nbsp;&nbsp;&nbsp;&nbsp;&nbsp;&nbsp;<strong><em>Encabeza gobernador Miguel Riquelme el pase de lista\/revista a efectivos de la Polic\u00eda de Saltillo.<\/em><\/strong><\/p>\n\n\n\n<p>\u00b7&nbsp;&nbsp;&nbsp;&nbsp;&nbsp;&nbsp;<strong><em>Entrega al alcalde Jos\u00e9 Mar\u00eda Fraustro Siller cuatro oficinas m\u00f3viles para la corporaci\u00f3n.<\/em><\/strong><\/p>\n\n\n\n<p>Saltillo, Coahuila de Zaragoza; a 3 de Febrero de 2022.- El gobernador Miguel \u00c1ngel Riquelme Sol\u00eds se\u00f1al\u00f3 que Saltillo y Coahuila son ejemplos nacionales en materia de seguridad p\u00fablica, cuyo modelo de coordinaci\u00f3n tambi\u00e9n es referente nacional.<\/p>\n\n\n\n<p>Lo&nbsp;&nbsp;anterior al encabezar, junto al Alcalde de Saltillo, Jos\u00e9 Mar\u00eda Fraustro Siller, el pase de lista\/revista de las y los elementos de los diferentes agrupamientos de la Polic\u00eda Preventiva Municipal.<\/p>\n\n\n\n<div class=\"wp-block-image\"><figure class=\"aligncenter size-full is-resized\"><img loading=\"lazy\" decoding=\"async\" src=\"https:\/\/elperiodicodesaltillo.com\/wp\/wp-content\/uploads\/2022\/02\/coordinacion.jpg\" alt=\"\" class=\"wp-image-19796\" width=\"512\" height=\"342\" srcset=\"https:\/\/elperiodicodesaltillo.com\/wp\/wp-content\/uploads\/2022\/02\/coordinacion.jpg 1024w, https:\/\/elperiodicodesaltillo.com\/wp\/wp-content\/uploads\/2022\/02\/coordinacion-300x200.jpg 300w, https:\/\/elperiodicodesaltillo.com\/wp\/wp-content\/uploads\/2022\/02\/coordinacion-768x513.jpg 768w, https:\/\/elperiodicodesaltillo.com\/wp\/wp-content\/uploads\/2022\/02\/coordinacion-696x465.jpg 696w, https:\/\/elperiodicodesaltillo.com\/wp\/wp-content\/uploads\/2022\/02\/coordinacion-629x420.jpg 629w\" sizes=\"auto, (max-width: 512px) 100vw, 512px\" \/><\/figure><\/div>\n\n\n\n<p>En la ceremonia, Miguel Riquelme entreg\u00f3 las llaves de cuatro oficinas m\u00f3viles de la corporaci\u00f3n, que se adquirieron con inversi\u00f3n estatal de 1.6 millones de pesos, totalmente equipadas, y que se instalar\u00e1n en igual n\u00famero de entradas y salidas de Saltillo.<\/p>\n\n\n\n<p>Ah\u00ed, el Presidente Municipal anunci\u00f3 que para mantener a la Capital de Coahuila como una de las m\u00e1s seguras de M\u00e9xico, se adquirir\u00e1n 200 c\u00e1maras urbanas m\u00e1s que se colocar\u00e1n en puntos estrat\u00e9gicos de la localidad.<\/p>\n\n\n\n<p>En su intervenci\u00f3n, el Gobernador destac\u00f3 la \u201ccadena virtuosa\u201d que se practica en Coahuila para garantizar la paz y la tranquilidad a la poblaci\u00f3n, como se demuestra en Saltillo.<\/p>\n\n\n\n<p>Riquelme Sol\u00eds se refiri\u00f3 a los indicadores positivos que registra la entidad en seguridad, que se reflejan en la generaci\u00f3n de m\u00e1s empleos, el desarrollo econ\u00f3mico y en la Inversi\u00f3n Extranjera Directa.<\/p>\n\n\n\n<p>\u201cEsto no es obra de la casualidad; obedece al trabajo conjunto, a las pol\u00edticas integrales, muy bien dirigidas, para el bienestar de las familias coahuilenses\u201d.<\/p>\n\n\n\n<p>Adem\u00e1s, expres\u00f3 que a ello se suman las condiciones de seguridad y de orden p\u00fablico que tiene Coahuila, que se ponen de manifiesto en los grandes municipios que reflejan los principales indicadores en todos los rubros de la administraci\u00f3n p\u00fablica.<\/p>\n\n\n\n<p>\u201cEstos grandes municipios de la entidad son los que m\u00e1s han cuidado los indicadores que a nivel nacional determinan a una entidad segura, como es Coahuila\u201d, se\u00f1al\u00f3.<\/p>\n\n\n\n<p>En ese sentido, enfatiz\u00f3 que Coahuila tiene las Polic\u00edas m\u00e1s confiables, y que el formato de coordinaci\u00f3n tambi\u00e9n es ejemplo nacional.<\/p>\n\n\n\n<p>Riquelme Sol\u00eds reconoci\u00f3 la labor de las y los elementos de la Polic\u00eda Municipal de Saltillo, y el modelo de coordinaci\u00f3n que existe en materia de seguridad p\u00fablica.<\/p>\n\n\n\n<p>Record\u00f3 que en la corporaci\u00f3n hay una Polic\u00eda Especializada para cada tipo de delito, y por eso \u201cla de Saltillo es fuerte y de las mejores del Pa\u00eds.<\/p>\n\n\n\n<p>\u201cAdem\u00e1s, es de las que coadyuva con nuestras Polic\u00edas de manera directa, al igual que con el Ej\u00e9rcito Mexicano y la Guardia Nacional, para prevenir y combatir los delitos\u201d, indic\u00f3.<\/p>\n\n\n\n<p>Miguel Riquelme subray\u00f3 que Coahuila est\u00e1 de pie gracias a las distintas pol\u00edticas p\u00fablicas desarrolladas, como es la seguridad p\u00fablica, prioridad del Gobierno del Estado.<\/p>\n\n\n\n<p>Por otra parte, el Gobernador del Estado indic\u00f3 que la coordinaci\u00f3n y trabajo en equipo redundan en resultados positivos en favor de la seguridad para los coahuilenses.<\/p>\n\n\n\n<p>\u201cY no es nada m\u00e1s de dientes para afuera, ni en convenios firmados sentados en el escritorio; es la demostraci\u00f3n territorial de la fuerza policial y los resultados generados diariamente en Coahuila\u201d, asent\u00f3.<\/p>\n\n\n\n<p>Por lo que respecta a Saltillo, record\u00f3 que cuenta con resultados positivos en la baja delincuencial, \u201cya que muestra buenos n\u00fameros en 2020, dif\u00edciles de superar\u201d.<\/p>\n\n\n\n<p>En ese sentido, expres\u00f3 que, por ejemplo, entre 2020 y 2021 la incidencia delictiva en homicidios dolosos registr\u00f3 una reducci\u00f3n del 27 por ciento (37 contra 24); en lesiones dolosas, se tuvo una baja del 41 por ciento (906 en 2020 y 887 en 2021).<\/p>\n\n\n\n<p>Mientras que en el rengl\u00f3n de robo a casa habitaci\u00f3n, la estad\u00edstica indica un descenso de 123 en 2020 y 79 en 2021, es decir, un 29 por ciento menos.<\/p>\n\n\n\n<p>Riquelme Sol\u00eds reconoci\u00f3 la disposici\u00f3n del alcalde Fraustro Siller para mantener la coordinaci\u00f3n y el trabajo conjunto en favor de la paz y la tranquilidad de la poblaci\u00f3n, y record\u00f3 que desde su campa\u00f1a pol\u00edtica anticip\u00f3 que la seguridad p\u00fablica ser\u00eda su principal prioridad.<\/p>\n\n\n\n<p>A las y los elementos de la corporaci\u00f3n, Miguel Riquelme les reiter\u00f3 su reconocimiento por sus esfuerzos para la salvaguarda f\u00edsica y patrimonial de las familias saltillenses.<\/p>\n\n\n\n<p>UNI\u00d3N, ES LA CLAVE<\/p>\n\n\n\n<p>Jos\u00e9 Mar\u00eda Fraustro Siller dijo que la uni\u00f3n de esfuerzos permite a esta ciudad y al estado general logros importantes en diversos rubros de la administraci\u00f3n p\u00fablica, pese a la pandemia por el Covid-19.<\/p>\n\n\n\n<p>A\u00f1adi\u00f3 que los resultados son perceptibles, al comentar que en enero pasado se registr\u00f3 un 43 por ciento menos de delitos por robo contra enero de 2021; adem\u00e1s, se han realizado nueve reconocimientos a elementos de Seguridad por acciones solidarias en lo que va del a\u00f1o.<\/p>\n\n\n\n<p>El estado de fuerza de la Polic\u00eda Municipal, refiri\u00f3, es de mil 154 elementos entre sus diversas agrupaciones, como la Preventiva, Tr\u00e1nsito y Vialidad, Especializadas y del Grupo de Reacci\u00f3n Sureste.<\/p>\n\n\n\n<p>El uso de la tecnolog\u00eda, este a\u00f1o permiti\u00f3 evitar mil 200 delitos en Saltillo, inform\u00f3, y anticip\u00f3 que a lo largo de 2022 se adquirir\u00e1n e instalar\u00e1n otras 200 c\u00e1maras de vigilancia en distintos puntos del municipio.<\/p>\n\n\n\n<p>Previamente, el Comisionado de Seguridad y Protecci\u00f3n Ciudadana, Federico Fern\u00e1ndez Monta\u00f1ez, destac\u00f3 la coordinaci\u00f3n que se tiene con el Ej\u00e9rcito Mexicano y la Guardia Nacional para garantizar la paz y la tranquilidad a las y los saltillenses.<\/p>\n","protected":false},"excerpt":{"rendered":"<p>\u00b7&nbsp;&nbsp;&nbsp;&nbsp;&nbsp;&nbsp;Encabeza gobernador Miguel Riquelme el pase de lista\/revista a efectivos de la Polic\u00eda de Saltillo. \u00b7&nbsp;&nbsp;&nbsp;&nbsp;&nbsp;&nbsp;Entrega al alcalde Jos\u00e9 Mar\u00eda Fraustro Siller cuatro oficinas m\u00f3viles para la corporaci\u00f3n. Saltillo, Coahuila de Zaragoza; a 3 de Febrero de 2022.- El gobernador Miguel \u00c1ngel Riquelme Sol\u00eds se\u00f1al\u00f3 que Saltillo y Coahuila son ejemplos nacionales en materia de [&hellip;]<\/p>\n","protected":false},"author":1,"featured_media":19796,"comment_status":"closed","ping_status":"closed","sticky":false,"template":"","format":"standard","meta":{"footnotes":""},"categories":[21],"tags":[],"class_list":["post-19795","post","type-post","status-publish","format-standard","has-post-thumbnail","hentry","category-coahuila"],"_links":{"self":[{"href":"https:\/\/elperiodicodesaltillo.com\/wp\/wp-json\/wp\/v2\/posts\/19795","targetHints":{"allow":["GET"]}}],"collection":[{"href":"https:\/\/elperiodicodesaltillo.com\/wp\/wp-json\/wp\/v2\/posts"}],"about":[{"href":"https:\/\/elperiodicodesaltillo.com\/wp\/wp-json\/wp\/v2\/types\/post"}],"author":[{"embeddable":true,"href":"https:\/\/elperiodicodesaltillo.com\/wp\/wp-json\/wp\/v2\/users\/1"}],"replies":[{"embeddable":true,"href":"https:\/\/elperiodicodesaltillo.com\/wp\/wp-json\/wp\/v2\/comments?post=19795"}],"version-history":[{"count":1,"href":"https:\/\/elperiodicodesaltillo.com\/wp\/wp-json\/wp\/v2\/posts\/19795\/revisions"}],"predecessor-version":[{"id":19797,"href":"https:\/\/elperiodicodesaltillo.com\/wp\/wp-json\/wp\/v2\/posts\/19795\/revisions\/19797"}],"wp:featuredmedia":[{"embeddable":true,"href":"https:\/\/elperiodicodesaltillo.com\/wp\/wp-json\/wp\/v2\/media\/19796"}],"wp:attachment":[{"href":"https:\/\/elperiodicodesaltillo.com\/wp\/wp-json\/wp\/v2\/media?parent=19795"}],"wp:term":[{"taxonomy":"category","embeddable":true,"href":"https:\/\/elperiodicodesaltillo.com\/wp\/wp-json\/wp\/v2\/categories?post=19795"},{"taxonomy":"post_tag","embeddable":true,"href":"https:\/\/elperiodicodesaltillo.com\/wp\/wp-json\/wp\/v2\/tags?post=19795"}],"curies":[{"name":"wp","href":"https:\/\/api.w.org\/{rel}","templated":true}]}}