{"id":19987,"date":"2022-02-18T15:02:27","date_gmt":"2022-02-18T15:02:27","guid":{"rendered":"https:\/\/elperiodicodesaltillo.com\/wp\/?p=19987"},"modified":"2022-02-18T15:02:29","modified_gmt":"2022-02-18T15:02:29","slug":"atestigua-mars-convenio-de-colaboracion-entre-certturc-y-el-colegio-de-notarios-de-coahuila","status":"publish","type":"post","link":"https:\/\/elperiodicodesaltillo.com\/wp\/2022\/02\/18\/atestigua-mars-convenio-de-colaboracion-entre-certturc-y-el-colegio-de-notarios-de-coahuila\/","title":{"rendered":"ATESTIGUA MARS CONVENIO DE COLABORACI\u00d3N ENTRE CERTTURC Y EL COLEGIO DE NOTARIOS DE COAHUILA"},"content":{"rendered":"\n<p>Ciudad Acu\u00f1a, Coahuila de Zaragoza; a 17 de Febrero de 2022.- Al destacar que brindar certeza legal a los coahuilenses es prioridad de la Administraci\u00f3n Estatal, el gobernador Miguel \u00c1ngel Riquelme Sol\u00eds firm\u00f3 un convenio de colaboraci\u00f3n con el Colegio de Notarios de Coahuila.<\/p>\n\n\n\n<p>En su mensaje, el Mandatario manifest\u00f3 que la coordinaci\u00f3n con el Colegio de Notarios contribuir\u00e1 para dar tr\u00e1mite a la escrituraci\u00f3n en los 38 municipios.<\/p>\n\n\n\n<div class=\"wp-block-image\"><figure class=\"aligncenter size-full is-resized\"><img loading=\"lazy\" decoding=\"async\" src=\"https:\/\/elperiodicodesaltillo.com\/wp\/wp-content\/uploads\/2022\/02\/atestigua.jpg\" alt=\"\" class=\"wp-image-19988\" width=\"512\" height=\"384\" srcset=\"https:\/\/elperiodicodesaltillo.com\/wp\/wp-content\/uploads\/2022\/02\/atestigua.jpg 1024w, https:\/\/elperiodicodesaltillo.com\/wp\/wp-content\/uploads\/2022\/02\/atestigua-300x225.jpg 300w, https:\/\/elperiodicodesaltillo.com\/wp\/wp-content\/uploads\/2022\/02\/atestigua-768x576.jpg 768w, https:\/\/elperiodicodesaltillo.com\/wp\/wp-content\/uploads\/2022\/02\/atestigua-80x60.jpg 80w, https:\/\/elperiodicodesaltillo.com\/wp\/wp-content\/uploads\/2022\/02\/atestigua-265x198.jpg 265w, https:\/\/elperiodicodesaltillo.com\/wp\/wp-content\/uploads\/2022\/02\/atestigua-696x522.jpg 696w, https:\/\/elperiodicodesaltillo.com\/wp\/wp-content\/uploads\/2022\/02\/atestigua-560x420.jpg 560w\" sizes=\"auto, (max-width: 512px) 100vw, 512px\" \/><\/figure><\/div>\n\n\n\n<p>\u201cEste es uno de los momentos que da m\u00e1s satisfacci\u00f3n a un gobernante\u201d, expres\u00f3 Riquelme Sol\u00eds, al felicitar a las familias que obtuvieron la certeza de su patrimonio.<\/p>\n\n\n\n<p>\u201cEstoy seguro que cada escritura tiene una historia de vida\u201d, manifest\u00f3 a las familias.<\/p>\n\n\n\n<p>Miguel Riquelme se\u00f1al\u00f3 que este tr\u00e1mite en el Estado se agiliza para los ciudadanos que \u201choy son due\u00f1os de un pedacito de Coahuila\u201d.<\/p>\n\n\n\n<p>Destac\u00f3 que con el convenio establecido se ampl\u00edan los alcances en materia de escrituraci\u00f3n de bienes por los que se ha luchado.<\/p>\n\n\n\n<p>De la misma manera, afirm\u00f3 que con la suma de esfuerzos se continuar\u00e1 con el desarrollo de pol\u00edticas y programas integrales en beneficio de las familias coahuilenses.<\/p>\n\n\n\n<p>Por su parte, el Ayuntamiento de Ciudad Acu\u00f1a afirm\u00f3 que, para los ciudadanos, tener las escrituras en sus manos les ofrece la posibilidad de contar con un patrimonio para su familia.<\/p>\n\n\n\n<p>Anticip\u00f3 que se formalizar\u00e1 un convenio con el Gobierno del Estado para regularizar m\u00e1s predios en el municipio.<\/p>\n\n\n\n<p>En su intervenci\u00f3n, la Secretar\u00eda de Vivienda y Ordenamiento Territorial del Estado explic\u00f3 que el convenio establecido con el Colegio de Notarios promueve la obtenci\u00f3n de escrituras p\u00fablicas de personas que as\u00ed lo necesiten.<\/p>\n\n\n\n<p>Agradeci\u00f3 a los notarios p\u00fablicos el sumarse a este proyecto, con precios accesibles para la poblaci\u00f3n.<\/p>\n\n\n\n<p>Dio a conocer que, de acuerdo al INEGI, alrededor del 86 por ciento de las viviendas habitadas en Coahuila ya cuentan con escrituras.<\/p>\n\n\n\n<p>Armando Luna Canales, presidente del Colegio de Notarios de Coahuila, agradeci\u00f3 al Gobierno del Estado el poder participar en el convenio para trabajar en favor de la sociedad.<\/p>\n\n\n\n<p>Subray\u00f3 que es la mejor muestra de que el trabajo en conjunto contribuye a ofrecer servicios al alcance de la comunidad.<\/p>\n\n\n\n<p>A esta firma de convenio asistieron, adem\u00e1s, la Direcci\u00f3n del Instituto Registral y Catastral del Estado, la Direcci\u00f3n del Instituto Estatal de la Vivienda, el Ayuntamiento de Jim\u00e9nez, la Comisi\u00f3n Estatal para la Regularizaci\u00f3n de la Tenencia de la Tierra y familias que recibieron escrituras.<\/p>\n","protected":false},"excerpt":{"rendered":"<p>Ciudad Acu\u00f1a, Coahuila de Zaragoza; a 17 de Febrero de 2022.- Al destacar que brindar certeza legal a los coahuilenses es prioridad de la Administraci\u00f3n Estatal, el gobernador Miguel \u00c1ngel Riquelme Sol\u00eds firm\u00f3 un convenio de colaboraci\u00f3n con el Colegio de Notarios de Coahuila. En su mensaje, el Mandatario manifest\u00f3 que la coordinaci\u00f3n con el [&hellip;]<\/p>\n","protected":false},"author":1,"featured_media":19988,"comment_status":"closed","ping_status":"closed","sticky":false,"template":"","format":"standard","meta":{"footnotes":""},"categories":[21],"tags":[],"class_list":["post-19987","post","type-post","status-publish","format-standard","has-post-thumbnail","hentry","category-coahuila"],"_links":{"self":[{"href":"https:\/\/elperiodicodesaltillo.com\/wp\/wp-json\/wp\/v2\/posts\/19987","targetHints":{"allow":["GET"]}}],"collection":[{"href":"https:\/\/elperiodicodesaltillo.com\/wp\/wp-json\/wp\/v2\/posts"}],"about":[{"href":"https:\/\/elperiodicodesaltillo.com\/wp\/wp-json\/wp\/v2\/types\/post"}],"author":[{"embeddable":true,"href":"https:\/\/elperiodicodesaltillo.com\/wp\/wp-json\/wp\/v2\/users\/1"}],"replies":[{"embeddable":true,"href":"https:\/\/elperiodicodesaltillo.com\/wp\/wp-json\/wp\/v2\/comments?post=19987"}],"version-history":[{"count":1,"href":"https:\/\/elperiodicodesaltillo.com\/wp\/wp-json\/wp\/v2\/posts\/19987\/revisions"}],"predecessor-version":[{"id":19989,"href":"https:\/\/elperiodicodesaltillo.com\/wp\/wp-json\/wp\/v2\/posts\/19987\/revisions\/19989"}],"wp:featuredmedia":[{"embeddable":true,"href":"https:\/\/elperiodicodesaltillo.com\/wp\/wp-json\/wp\/v2\/media\/19988"}],"wp:attachment":[{"href":"https:\/\/elperiodicodesaltillo.com\/wp\/wp-json\/wp\/v2\/media?parent=19987"}],"wp:term":[{"taxonomy":"category","embeddable":true,"href":"https:\/\/elperiodicodesaltillo.com\/wp\/wp-json\/wp\/v2\/categories?post=19987"},{"taxonomy":"post_tag","embeddable":true,"href":"https:\/\/elperiodicodesaltillo.com\/wp\/wp-json\/wp\/v2\/tags?post=19987"}],"curies":[{"name":"wp","href":"https:\/\/api.w.org\/{rel}","templated":true}]}}