{"id":20327,"date":"2022-03-15T14:55:00","date_gmt":"2022-03-15T14:55:00","guid":{"rendered":"https:\/\/elperiodicodesaltillo.com\/wp\/?p=20327"},"modified":"2022-03-16T14:56:33","modified_gmt":"2022-03-16T14:56:33","slug":"supervisa-mars-obras-de-infraestructura-vial-en-la-region-carbonifera","status":"publish","type":"post","link":"https:\/\/elperiodicodesaltillo.com\/wp\/2022\/03\/15\/supervisa-mars-obras-de-infraestructura-vial-en-la-region-carbonifera\/","title":{"rendered":"SUPERVISA MARS OBRAS DE INFRAESTRUCTURA VIAL EN LA REGI\u00d3N CARBON\u00cdFERA"},"content":{"rendered":"\n<p>Sabinas, Coahuila de Zaragoza; a 15 de Marzo de 2022.- En un recorrido de supervisi\u00f3n de obras en la Regi\u00f3n Carbon\u00edfera, el gobernador Miguel \u00c1ngel Riquelme Sol\u00eds constat\u00f3 los trabajos de infraestructura que se realizan por parte del Gobierno del Estado en coordinaci\u00f3n con los municipios.&nbsp;<\/p>\n\n\n\n<div class=\"wp-block-image\"><figure class=\"aligncenter size-full is-resized\"><img loading=\"lazy\" decoding=\"async\" src=\"https:\/\/elperiodicodesaltillo.com\/wp\/wp-content\/uploads\/2022\/03\/carbonife.jpg\" alt=\"\" class=\"wp-image-20328\" width=\"512\" height=\"418\" srcset=\"https:\/\/elperiodicodesaltillo.com\/wp\/wp-content\/uploads\/2022\/03\/carbonife.jpg 1024w, https:\/\/elperiodicodesaltillo.com\/wp\/wp-content\/uploads\/2022\/03\/carbonife-300x245.jpg 300w, https:\/\/elperiodicodesaltillo.com\/wp\/wp-content\/uploads\/2022\/03\/carbonife-768x627.jpg 768w, https:\/\/elperiodicodesaltillo.com\/wp\/wp-content\/uploads\/2022\/03\/carbonife-696x568.jpg 696w, https:\/\/elperiodicodesaltillo.com\/wp\/wp-content\/uploads\/2022\/03\/carbonife-514x420.jpg 514w\" sizes=\"auto, (max-width: 512px) 100vw, 512px\" \/><\/figure><\/div>\n\n\n\n<p>En Sabinas, el Mandatario estatal manifest\u00f3 que mediante la conjunci\u00f3n de esfuerzos se podr\u00e1n obtener nuevas fuentes de abastecimiento de agua para atender las necesidades de la poblaci\u00f3n.<\/p>\n\n\n\n<p>Afirm\u00f3 que, en materia de seguridad p\u00fablica, se invierte todo el a\u00f1o: \u201cPor ello Coahuila mantiene la seguridad y la paz, ya que es una prioridad\u201d<\/p>\n\n\n\n<p>\u201cTenemos elementos con fortaleza institucional probada\u201d, se\u00f1al\u00f3 el Gobernador.<\/p>\n\n\n\n<p>Por su parte, la Alcaldesa de Sabinas, Diana Haro Mart\u00ednez, expres\u00f3 que con las acciones que el Gobierno del Estado impulsa y apoya, se desarrollar\u00e1n obras de relevancia.<\/p>\n\n\n\n<p>En Sabinas, se lleva a cabo la pavimentaci\u00f3n de 21 mil 167 metros cuadrados, con inversi\u00f3n de 10 millones de pesos.&nbsp;<\/p>\n\n\n\n<p>El Secretario de Infraestructura, Desarrollo Urbano y Movilidad del Estado (SIDUM), Miguel Algara Acosta, detall\u00f3 que los trabajos incluyen guarniciones, carpeta asf\u00e1ltica y nomenclatura, y se suman al proyecto en vialidades con inversi\u00f3n de m\u00e1s de 70 millones de pesos.<\/p>\n\n\n\n<p>REHABILITAN TRAMO CARRETERO EN M\u00daZQUIZ<\/p>\n\n\n\n<p>En esta localidad, en la que supervisaron los trabajos de rehabilitaci\u00f3n de 10 kil\u00f3metros de la Carretera a Boquillas del Carmen, tramo M\u00fazquiz-El Mel\u00f3n, el gobernador Miguel Riquelme expres\u00f3 el respaldo de su Administraci\u00f3n a los 38 municipios.<\/p>\n\n\n\n<p>\u201cTenemos que solucionar las prioridades de nuestra gente, entre ellas, los servicios b\u00e1sicos\u201d, dijo el Gobernador de Coahuila.<\/p>\n\n\n\n<p>Riquelme Sol\u00eds se\u00f1al\u00f3 que con planeaci\u00f3n y de forma coordinada se atienden las necesidades de la poblaci\u00f3n.<\/p>\n\n\n\n<p>Detall\u00f3 que gracias a las acciones conjuntas en materia de salud, se logr\u00f3 que en la entidad el uso de cubrebocas en espacios p\u00fablicos ya no sea obligatorio.<\/p>\n\n\n\n<p>Invit\u00f3 a los habitantes a seguirse cuidando para mantener al estado con bajos niveles en la incidencia de contagios de Covid-19.<\/p>\n\n\n\n<p>De la misma manera, resalt\u00f3 la labor de los Subcomit\u00e9s de Salud de cada regi\u00f3n y de las alcaldesas y alcaldes, que ha permitido la reactivaci\u00f3n de diversos sectores.<\/p>\n\n\n\n<p>En su intervenci\u00f3n, el titular de la SIDUM inform\u00f3 que se rehabilitan 10 kil\u00f3metros de la Carretera a Boquillas del Carmen, tramo M\u00fazquiz-El Mel\u00f3n, donde se ha realizado el desmonte, recuperaci\u00f3n del pavimento, carpeta asf\u00e1ltica, instalaci\u00f3n de se\u00f1alamientos verticales y horizontales. La inversi\u00f3n en estas obras es de 9.7 millones de pesos.<\/p>\n\n\n\n<p>Algara Acosta a\u00f1adi\u00f3 que, en otros trabajos, se rehabilitan dos vados, Los Comandantes y Don Guillermo, con recursos por 48 millones de pesos, en los Minerales de Pala\u00fa, Barroter\u00e1n y La Florida.&nbsp;&nbsp;<\/p>\n\n\n\n<p>La Presidenta Municipal de M\u00fazquiz, Tania Vanessa Flores Guerra, agradeci\u00f3 a nombre de la poblaci\u00f3n la obra realizada y solicit\u00f3 la gesti\u00f3n del Gobierno del Estado para la instalaci\u00f3n de un relleno sanitario, para dar soluci\u00f3n a la problem\u00e1tica de la recolecci\u00f3n de basura.<\/p>\n\n\n\n<p>En esta gira de trabajo por la Regi\u00f3n Carbon\u00edfera, acompa\u00f1aron al Gobernador, adem\u00e1s, el diputado local Jes\u00fas Mar\u00eda Montemayor Garza; Marco Antonio V\u00e1zquez Garc\u00eda, en representaci\u00f3n de vecinos de Sabinas; Dulce Robles, de la Comunidad Negros Mascogos en M\u00fazquiz; empresarios y miembros de la comunidad.<\/p>\n","protected":false},"excerpt":{"rendered":"<p>Sabinas, Coahuila de Zaragoza; a 15 de Marzo de 2022.- En un recorrido de supervisi\u00f3n de obras en la Regi\u00f3n Carbon\u00edfera, el gobernador Miguel \u00c1ngel Riquelme Sol\u00eds constat\u00f3 los trabajos de infraestructura que se realizan por parte del Gobierno del Estado en coordinaci\u00f3n con los municipios.&nbsp; En Sabinas, el Mandatario estatal manifest\u00f3 que mediante la [&hellip;]<\/p>\n","protected":false},"author":1,"featured_media":20328,"comment_status":"closed","ping_status":"closed","sticky":false,"template":"","format":"standard","meta":{"footnotes":""},"categories":[21],"tags":[],"class_list":["post-20327","post","type-post","status-publish","format-standard","has-post-thumbnail","hentry","category-coahuila"],"_links":{"self":[{"href":"https:\/\/elperiodicodesaltillo.com\/wp\/wp-json\/wp\/v2\/posts\/20327","targetHints":{"allow":["GET"]}}],"collection":[{"href":"https:\/\/elperiodicodesaltillo.com\/wp\/wp-json\/wp\/v2\/posts"}],"about":[{"href":"https:\/\/elperiodicodesaltillo.com\/wp\/wp-json\/wp\/v2\/types\/post"}],"author":[{"embeddable":true,"href":"https:\/\/elperiodicodesaltillo.com\/wp\/wp-json\/wp\/v2\/users\/1"}],"replies":[{"embeddable":true,"href":"https:\/\/elperiodicodesaltillo.com\/wp\/wp-json\/wp\/v2\/comments?post=20327"}],"version-history":[{"count":1,"href":"https:\/\/elperiodicodesaltillo.com\/wp\/wp-json\/wp\/v2\/posts\/20327\/revisions"}],"predecessor-version":[{"id":20329,"href":"https:\/\/elperiodicodesaltillo.com\/wp\/wp-json\/wp\/v2\/posts\/20327\/revisions\/20329"}],"wp:featuredmedia":[{"embeddable":true,"href":"https:\/\/elperiodicodesaltillo.com\/wp\/wp-json\/wp\/v2\/media\/20328"}],"wp:attachment":[{"href":"https:\/\/elperiodicodesaltillo.com\/wp\/wp-json\/wp\/v2\/media?parent=20327"}],"wp:term":[{"taxonomy":"category","embeddable":true,"href":"https:\/\/elperiodicodesaltillo.com\/wp\/wp-json\/wp\/v2\/categories?post=20327"},{"taxonomy":"post_tag","embeddable":true,"href":"https:\/\/elperiodicodesaltillo.com\/wp\/wp-json\/wp\/v2\/tags?post=20327"}],"curies":[{"name":"wp","href":"https:\/\/api.w.org\/{rel}","templated":true}]}}