{"id":20636,"date":"2022-04-12T20:22:00","date_gmt":"2022-04-12T20:22:00","guid":{"rendered":"https:\/\/elperiodicodesaltillo.com\/wp\/?p=20636"},"modified":"2022-04-15T20:23:13","modified_gmt":"2022-04-15T20:23:13","slug":"da-inicio-mars-al-programa-alimentario-2022","status":"publish","type":"post","link":"https:\/\/elperiodicodesaltillo.com\/wp\/2022\/04\/12\/da-inicio-mars-al-programa-alimentario-2022\/","title":{"rendered":"DA INICIO MARS AL PROGRAMA ALIMENTARIO 2022"},"content":{"rendered":"\n<p>\u00b7&nbsp;&nbsp;&nbsp;&nbsp;&nbsp;&nbsp;<strong><em>Gobernador Miguel Riquelme destaca que la seguridad que se vive en Coahuila permite tener m\u00e1s oportunidades de desarrollo.<\/em><\/strong><\/p>\n\n\n\n<p>Arteaga, Coahuila de Zaragoza; a 12 de Abril de 2022.- El gobernador Miguel \u00c1ngel Riquelme Sol\u00eds destac\u00f3 que con el Programa Mejora se atender\u00e1n las necesidades apremiantes de la poblaci\u00f3n, desde acciones de salud, becas, de desarrollo social, obra p\u00fablica y turismo, entre otras, sin dejar de atender la contingencia sanitaria.<\/p>\n\n\n\n<p>En la comunidad ejidal de San Antonio de las Alazanas, en este municipio, el Mandatario estatal dio arranque de manera oficial al Programa Alimentario y entreg\u00f3, adem\u00e1s, unidades de reacci\u00f3n para la lucha contra incendios forestales.<\/p>\n\n\n\n<div class=\"wp-block-image\"><figure class=\"aligncenter size-full is-resized\"><img loading=\"lazy\" decoding=\"async\" src=\"https:\/\/elperiodicodesaltillo.com\/wp\/wp-content\/uploads\/2022\/04\/dainicio.jpg\" alt=\"\" class=\"wp-image-20637\" width=\"512\" height=\"348\" srcset=\"https:\/\/elperiodicodesaltillo.com\/wp\/wp-content\/uploads\/2022\/04\/dainicio.jpg 1024w, https:\/\/elperiodicodesaltillo.com\/wp\/wp-content\/uploads\/2022\/04\/dainicio-300x204.jpg 300w, https:\/\/elperiodicodesaltillo.com\/wp\/wp-content\/uploads\/2022\/04\/dainicio-768x521.jpg 768w, https:\/\/elperiodicodesaltillo.com\/wp\/wp-content\/uploads\/2022\/04\/dainicio-696x472.jpg 696w, https:\/\/elperiodicodesaltillo.com\/wp\/wp-content\/uploads\/2022\/04\/dainicio-619x420.jpg 619w\" sizes=\"auto, (max-width: 512px) 100vw, 512px\" \/><\/figure><\/div>\n\n\n\n<p>Riquelme Sol\u00eds se\u00f1al\u00f3 que en Coahuila se trabaja en unidad y en equipo, adem\u00e1s de ser una de las entidades federativas con mejor percepci\u00f3n de seguridad.<\/p>\n\n\n\n<p>En ese sentido, destac\u00f3 que la seguridad que tiene Coahuila permite generar oportunidades de desarrollo, atracci\u00f3n de inversiones, generaci\u00f3n de empleos y atracci\u00f3n de turismo.<\/p>\n\n\n\n<p>\u00abHoy en d\u00eda, Coahuila es unos de los estados m\u00e1s seguros de M\u00e9xico, y lo hemos logrado entre todos. Sabemos que tenemos que mejorar muchas cosas, pero ahora estamos o somos uno de los estados que m\u00e1s seguridad o mejor percepci\u00f3n tiene en seguridad de la ciudadan\u00eda\u00bb, declar\u00f3.<\/p>\n\n\n\n<p>Expuso que la entrega de unidades es para evitar que se tengan da\u00f1os y evitar incendios forestales, por lo que exhort\u00f3 a la poblaci\u00f3n en general y autoridades a sumarse en la prevenci\u00f3n y en la lucha oportuna contra este tipo de siniestros.<\/p>\n\n\n\n<p>Por su parte, el Secretario de Inclusi\u00f3n y Desarrollo Social del Estado, Manolo Jim\u00e9nez Salinas, explic\u00f3 los objetivos del Programa Mejora y dio a conocer que en Arteaga se ejercen 19 millones de pesos por parte del Gobierno del Estado.<\/p>\n\n\n\n<p>Aadem\u00e1s, que con este Programa Alimentario 2022 se podr\u00e1 atender a un mayor n\u00famero de personas y mejorar su calidad de vida.<\/p>\n\n\n\n<p>El Alcalde de Arteaga, Ramiro Dur\u00e1n Garc\u00eda, agradeci\u00f3 el trabajo en conjunto que se efect\u00faa con el Gobierno del Estado para brindar mejores oportunidades de desarrollo y en bienestar de los adultos mayores, adem\u00e1s de poder vigilar de manera oportuna la sierra con la entrega de las nuevas unidades de reacci\u00f3n.<\/p>\n","protected":false},"excerpt":{"rendered":"<p>\u00b7&nbsp;&nbsp;&nbsp;&nbsp;&nbsp;&nbsp;Gobernador Miguel Riquelme destaca que la seguridad que se vive en Coahuila permite tener m\u00e1s oportunidades de desarrollo. Arteaga, Coahuila de Zaragoza; a 12 de Abril de 2022.- El gobernador Miguel \u00c1ngel Riquelme Sol\u00eds destac\u00f3 que con el Programa Mejora se atender\u00e1n las necesidades apremiantes de la poblaci\u00f3n, desde acciones de salud, becas, de desarrollo [&hellip;]<\/p>\n","protected":false},"author":1,"featured_media":20637,"comment_status":"closed","ping_status":"closed","sticky":false,"template":"","format":"standard","meta":{"footnotes":""},"categories":[21],"tags":[],"class_list":["post-20636","post","type-post","status-publish","format-standard","has-post-thumbnail","hentry","category-coahuila"],"_links":{"self":[{"href":"https:\/\/elperiodicodesaltillo.com\/wp\/wp-json\/wp\/v2\/posts\/20636","targetHints":{"allow":["GET"]}}],"collection":[{"href":"https:\/\/elperiodicodesaltillo.com\/wp\/wp-json\/wp\/v2\/posts"}],"about":[{"href":"https:\/\/elperiodicodesaltillo.com\/wp\/wp-json\/wp\/v2\/types\/post"}],"author":[{"embeddable":true,"href":"https:\/\/elperiodicodesaltillo.com\/wp\/wp-json\/wp\/v2\/users\/1"}],"replies":[{"embeddable":true,"href":"https:\/\/elperiodicodesaltillo.com\/wp\/wp-json\/wp\/v2\/comments?post=20636"}],"version-history":[{"count":1,"href":"https:\/\/elperiodicodesaltillo.com\/wp\/wp-json\/wp\/v2\/posts\/20636\/revisions"}],"predecessor-version":[{"id":20638,"href":"https:\/\/elperiodicodesaltillo.com\/wp\/wp-json\/wp\/v2\/posts\/20636\/revisions\/20638"}],"wp:featuredmedia":[{"embeddable":true,"href":"https:\/\/elperiodicodesaltillo.com\/wp\/wp-json\/wp\/v2\/media\/20637"}],"wp:attachment":[{"href":"https:\/\/elperiodicodesaltillo.com\/wp\/wp-json\/wp\/v2\/media?parent=20636"}],"wp:term":[{"taxonomy":"category","embeddable":true,"href":"https:\/\/elperiodicodesaltillo.com\/wp\/wp-json\/wp\/v2\/categories?post=20636"},{"taxonomy":"post_tag","embeddable":true,"href":"https:\/\/elperiodicodesaltillo.com\/wp\/wp-json\/wp\/v2\/tags?post=20636"}],"curies":[{"name":"wp","href":"https:\/\/api.w.org\/{rel}","templated":true}]}}