{"id":20838,"date":"2022-04-29T18:57:00","date_gmt":"2022-04-29T18:57:00","guid":{"rendered":"https:\/\/elperiodicodesaltillo.com\/wp\/?p=20838"},"modified":"2022-05-04T18:58:14","modified_gmt":"2022-05-04T18:58:14","slug":"en-coahuila-se-trabaja-en-equipo-miguel-riquelme","status":"publish","type":"post","link":"https:\/\/elperiodicodesaltillo.com\/wp\/2022\/04\/29\/en-coahuila-se-trabaja-en-equipo-miguel-riquelme\/","title":{"rendered":"EN COAHUILA SE TRABAJA EN EQUIPO: MIGUEL RIQUELME"},"content":{"rendered":"\n<p>Saltillo, Coahuila de Zaragoza; a 29 de Abril de 2022.- El gobernador Miguel \u00c1ngel Riquelme Sol\u00eds expres\u00f3 que en Coahuila se privilegia la coordinaci\u00f3n y el trabajo en equipo para consolidar m\u00e1s logros en beneficio de la poblaci\u00f3n.<\/p>\n\n\n\n<p>En el marco de la Macrobrigada encabezada por la Presidenta Honoraria del DIF-Coahuila, Marcela Gorg\u00f3n, a la asistieron el Alcalde de Saltillo, Jos\u00e9 Mar\u00eda Fraustro Siller, y el Secretario de Inclusi\u00f3n y Desarrollo Social del Estado, Manolo Jim\u00e9nez Salinas.<\/p>\n\n\n\n<div class=\"wp-block-image\"><figure class=\"aligncenter size-full is-resized\"><img loading=\"lazy\" decoding=\"async\" src=\"https:\/\/elperiodicodesaltillo.com\/wp\/wp-content\/uploads\/2022\/05\/oferta.jpg\" alt=\"\" class=\"wp-image-20839\" width=\"512\" height=\"341\" srcset=\"https:\/\/elperiodicodesaltillo.com\/wp\/wp-content\/uploads\/2022\/05\/oferta.jpg 1024w, https:\/\/elperiodicodesaltillo.com\/wp\/wp-content\/uploads\/2022\/05\/oferta-300x200.jpg 300w, https:\/\/elperiodicodesaltillo.com\/wp\/wp-content\/uploads\/2022\/05\/oferta-768x511.jpg 768w, https:\/\/elperiodicodesaltillo.com\/wp\/wp-content\/uploads\/2022\/05\/oferta-696x463.jpg 696w, https:\/\/elperiodicodesaltillo.com\/wp\/wp-content\/uploads\/2022\/05\/oferta-632x420.jpg 632w\" sizes=\"auto, (max-width: 512px) 100vw, 512px\" \/><\/figure><\/div>\n\n\n\n<p>Organizada por el DIF-Municipal, que preside Beatriz Eugenia D\u00e1vila, la actividad se desarroll\u00f3 en la L\u00ednea Verde, que construyeron el Gobierno del Estado y el Ayuntamiento de Saltillo en la Colonia Vicente Guerrero, al sur oriente de esta ciudad.<\/p>\n\n\n\n<p>Despu\u00e9s de que el alcalde Fraustro Siller hizo un recuento de las acciones, programas y actividades que desarrolla el Ayuntamiento en coordinaci\u00f3n con el Gobierno de Coahuila, el gobernador Miguel Riquelme reiter\u00f3 que su Administraci\u00f3n mantendr\u00e1 estrecha coordinaci\u00f3n y trabajo en equipo permanentes con las autoridades de los 38 Municipios.&nbsp;<\/p>\n\n\n\n<p>\u201cEl trabajo en equipo\u201d, agreg\u00f3, \u201ces la f\u00f3rmula m\u00e1gica para atender las necesidades de las y los coahuilenses en todas las regiones del estado\u201d.<\/p>\n\n\n\n<p>Destac\u00f3 que la L\u00ednea Verde, que beneficia a miles de saltillenses de las colonias Vicente Guerrero, Miguel Hidalgo, Federico Berrueto y Lomas Verdes, entre otras, \u201crepresenta uno de los compromisos cumplidos del Gobierno de Coahuila con las y los saltillenses\u201d.<\/p>\n\n\n\n<p>Al mismo tiempo, se\u00f1al\u00f3 que en coordinaci\u00f3n con los 38 alcaldes, como el caso del de Saltillo, Fraustro Siller, se realizar\u00e1n m\u00e1s obras sociales para mejorar la calidad de vida y el bienestar de las y los coahuilenses.<\/p>\n\n\n\n<p>Adem\u00e1s, asistieron el Secretario de Salud del Estado, Roberto Bernal G\u00f3mez; el Administrador Fiscal General, Javier D\u00edaz Gonz\u00e1lez; el Director General del DIF Coahuila, Roberto C\u00e1rdenas Zavala; la senadora de la Rep\u00fablica Ver\u00f3nica Mart\u00ednez Garc\u00eda y el diputado local \u00c1lvaro Moreira Valdez.<\/p>\n","protected":false},"excerpt":{"rendered":"<p>Saltillo, Coahuila de Zaragoza; a 29 de Abril de 2022.- El gobernador Miguel \u00c1ngel Riquelme Sol\u00eds expres\u00f3 que en Coahuila se privilegia la coordinaci\u00f3n y el trabajo en equipo para consolidar m\u00e1s logros en beneficio de la poblaci\u00f3n. En el marco de la Macrobrigada encabezada por la Presidenta Honoraria del DIF-Coahuila, Marcela Gorg\u00f3n, a la [&hellip;]<\/p>\n","protected":false},"author":1,"featured_media":20839,"comment_status":"closed","ping_status":"closed","sticky":false,"template":"","format":"standard","meta":{"footnotes":""},"categories":[21],"tags":[],"class_list":["post-20838","post","type-post","status-publish","format-standard","has-post-thumbnail","hentry","category-coahuila"],"_links":{"self":[{"href":"https:\/\/elperiodicodesaltillo.com\/wp\/wp-json\/wp\/v2\/posts\/20838","targetHints":{"allow":["GET"]}}],"collection":[{"href":"https:\/\/elperiodicodesaltillo.com\/wp\/wp-json\/wp\/v2\/posts"}],"about":[{"href":"https:\/\/elperiodicodesaltillo.com\/wp\/wp-json\/wp\/v2\/types\/post"}],"author":[{"embeddable":true,"href":"https:\/\/elperiodicodesaltillo.com\/wp\/wp-json\/wp\/v2\/users\/1"}],"replies":[{"embeddable":true,"href":"https:\/\/elperiodicodesaltillo.com\/wp\/wp-json\/wp\/v2\/comments?post=20838"}],"version-history":[{"count":1,"href":"https:\/\/elperiodicodesaltillo.com\/wp\/wp-json\/wp\/v2\/posts\/20838\/revisions"}],"predecessor-version":[{"id":20840,"href":"https:\/\/elperiodicodesaltillo.com\/wp\/wp-json\/wp\/v2\/posts\/20838\/revisions\/20840"}],"wp:featuredmedia":[{"embeddable":true,"href":"https:\/\/elperiodicodesaltillo.com\/wp\/wp-json\/wp\/v2\/media\/20839"}],"wp:attachment":[{"href":"https:\/\/elperiodicodesaltillo.com\/wp\/wp-json\/wp\/v2\/media?parent=20838"}],"wp:term":[{"taxonomy":"category","embeddable":true,"href":"https:\/\/elperiodicodesaltillo.com\/wp\/wp-json\/wp\/v2\/categories?post=20838"},{"taxonomy":"post_tag","embeddable":true,"href":"https:\/\/elperiodicodesaltillo.com\/wp\/wp-json\/wp\/v2\/tags?post=20838"}],"curies":[{"name":"wp","href":"https:\/\/api.w.org\/{rel}","templated":true}]}}