{"id":21491,"date":"2022-06-16T18:20:59","date_gmt":"2022-06-16T18:20:59","guid":{"rendered":"https:\/\/elperiodicodesaltillo.com\/wp\/?p=21491"},"modified":"2022-06-16T18:21:00","modified_gmt":"2022-06-16T18:21:00","slug":"santa-cecilia-acatitlan","status":"publish","type":"post","link":"https:\/\/elperiodicodesaltillo.com\/wp\/2022\/06\/16\/santa-cecilia-acatitlan\/","title":{"rendered":"Santa Cecilia Acatitl\u00e1n"},"content":{"rendered":"\n<p>Acatitl\u00e1n tambi\u00e9n se traduce como \u00abcarrizal\u00bb\u200b es una zona arqueol\u00f3gica probablemente iniciada por la cultura tolteca o chichimeca, y se ubica en el pueblo de Santa Cecilia, municipio de Tlalnepantla de Baz en el el estado de M\u00e9xico.<\/p>\n\n\n\n<p>Las primeras investigaciones arqueol\u00f3gicas se efectuaron entre 1923 y 19 24. A\u00f1os m\u00e1s tarde, en 1961 el arque\u00f3logo Eduardo Parey\u00f3n explor\u00f3 en su totalidad el sitio. Las fuentes prehisp\u00e1nicas e hist\u00f3ricas no hacen menci\u00f3n de Santa Cecilia Acatitl\u00e1n, por lo que se cree que el lugar fue abandonado mucho antes de la llegada de los espa\u00f1oles en el siglo XVI. <\/p>\n\n\n\n<p>Los or\u00edgenes de Acatitl\u00e1n se remontan al a\u00f1o de 1200 d. c., con la llegada de grupos chichimecas provenientes del norte que en su peregrinar, se mezclaron con sobrevivientes de la cultura tolteca adquiriendo conocimientos en astronom\u00eda, arquitectura, agricultura, escritura, entre otros.<\/p>\n\n\n\n<p>Los tolteca-chichimecas se asentaron hacia 1180-1200 d. c. en las zonas altas de la Sierra de Guadalupe y el Cerro Tonan. Encabezados por su dirigente X\u00f3lotl llegaron hasta las provincias de los actuales estados de Tlaxcala, Puebla, Morelos y Estado de M\u00e9xico; extendiendo su dominio por medio de alianzas o de la guerra, con otros pueblos del Valle de M\u00e9xico y Texcoco.<\/p>\n\n\n\n<iframe loading=\"lazy\" width=\"560\" height=\"315\" src=\"https:\/\/www.youtube.com\/embed\/Cbm5wzgcGoE\" title=\"YouTube video player\" frameborder=\"0\" allow=\"accelerometer; autoplay; clipboard-write; encrypted-media; gyroscope; picture-in-picture\" allowfullscreen><\/iframe>\n","protected":false},"excerpt":{"rendered":"<p>Acatitl\u00e1n tambi\u00e9n se traduce como \u00abcarrizal\u00bb\u200b es una zona arqueol\u00f3gica probablemente iniciada por la cultura tolteca o chichimeca, y se ubica en el pueblo de Santa Cecilia, municipio de Tlalnepantla de Baz en el el estado de M\u00e9xico. Las primeras investigaciones arqueol\u00f3gicas se efectuaron entre 1923 y 19 24. A\u00f1os m\u00e1s tarde, en 1961 el [&hellip;]<\/p>\n","protected":false},"author":1,"featured_media":21492,"comment_status":"closed","ping_status":"closed","sticky":false,"template":"","format":"standard","meta":{"footnotes":""},"categories":[313,41],"tags":[],"class_list":["post-21491","post","type-post","status-publish","format-standard","has-post-thumbnail","hentry","category-16-de-junio-de-2022-ed-425","category-recomendaciones"],"_links":{"self":[{"href":"https:\/\/elperiodicodesaltillo.com\/wp\/wp-json\/wp\/v2\/posts\/21491","targetHints":{"allow":["GET"]}}],"collection":[{"href":"https:\/\/elperiodicodesaltillo.com\/wp\/wp-json\/wp\/v2\/posts"}],"about":[{"href":"https:\/\/elperiodicodesaltillo.com\/wp\/wp-json\/wp\/v2\/types\/post"}],"author":[{"embeddable":true,"href":"https:\/\/elperiodicodesaltillo.com\/wp\/wp-json\/wp\/v2\/users\/1"}],"replies":[{"embeddable":true,"href":"https:\/\/elperiodicodesaltillo.com\/wp\/wp-json\/wp\/v2\/comments?post=21491"}],"version-history":[{"count":1,"href":"https:\/\/elperiodicodesaltillo.com\/wp\/wp-json\/wp\/v2\/posts\/21491\/revisions"}],"predecessor-version":[{"id":21493,"href":"https:\/\/elperiodicodesaltillo.com\/wp\/wp-json\/wp\/v2\/posts\/21491\/revisions\/21493"}],"wp:featuredmedia":[{"embeddable":true,"href":"https:\/\/elperiodicodesaltillo.com\/wp\/wp-json\/wp\/v2\/media\/21492"}],"wp:attachment":[{"href":"https:\/\/elperiodicodesaltillo.com\/wp\/wp-json\/wp\/v2\/media?parent=21491"}],"wp:term":[{"taxonomy":"category","embeddable":true,"href":"https:\/\/elperiodicodesaltillo.com\/wp\/wp-json\/wp\/v2\/categories?post=21491"},{"taxonomy":"post_tag","embeddable":true,"href":"https:\/\/elperiodicodesaltillo.com\/wp\/wp-json\/wp\/v2\/tags?post=21491"}],"curies":[{"name":"wp","href":"https:\/\/api.w.org\/{rel}","templated":true}]}}