{"id":21503,"date":"2022-06-15T16:02:00","date_gmt":"2022-06-15T16:02:00","guid":{"rendered":"https:\/\/elperiodicodesaltillo.com\/wp\/?p=21503"},"modified":"2022-06-20T16:03:55","modified_gmt":"2022-06-20T16:03:55","slug":"arranca-mars-caravanas-de-la-salud-de-coahuila","status":"publish","type":"post","link":"https:\/\/elperiodicodesaltillo.com\/wp\/2022\/06\/15\/arranca-mars-caravanas-de-la-salud-de-coahuila\/","title":{"rendered":"<strong>ARRANCA MARS \u2018CARAVANAS DE LA SALUD\u2019 DE COAHUILA<\/strong>"},"content":{"rendered":"\n<p>Monclova, Coahuila de Zaragoza; a 15 de Junio del 2022.- En gira de trabajo por la Regi\u00f3n Centro, el Gobernador del Estado, Miguel \u00c1ngel Riquelme Sol\u00eds, puso en marcha obras de infraestructura urbana con la reposici\u00f3n del subcolector, atarjeas y descargas domiciliarias de drenaje en la calle Sabino, de la Colonia Loma Linda, donde se invierten con el programa \u201cVamos a Michas\u201d m\u00e1s de 5 millones de pesos, beneficiando a&nbsp;&nbsp;mil habitantes.<\/p>\n\n\n\n<div class=\"wp-block-image\"><figure class=\"aligncenter size-large is-resized\"><img loading=\"lazy\" decoding=\"async\" src=\"https:\/\/elperiodicodesaltillo.com\/wp\/wp-content\/uploads\/2022\/06\/12345-1024x680.jpg\" alt=\"\" class=\"wp-image-21504\" width=\"512\" height=\"340\" srcset=\"https:\/\/elperiodicodesaltillo.com\/wp\/wp-content\/uploads\/2022\/06\/12345-1024x680.jpg 1024w, https:\/\/elperiodicodesaltillo.com\/wp\/wp-content\/uploads\/2022\/06\/12345-300x199.jpg 300w, https:\/\/elperiodicodesaltillo.com\/wp\/wp-content\/uploads\/2022\/06\/12345-768x510.jpg 768w, https:\/\/elperiodicodesaltillo.com\/wp\/wp-content\/uploads\/2022\/06\/12345-696x462.jpg 696w, https:\/\/elperiodicodesaltillo.com\/wp\/wp-content\/uploads\/2022\/06\/12345-1068x709.jpg 1068w, https:\/\/elperiodicodesaltillo.com\/wp\/wp-content\/uploads\/2022\/06\/12345-632x420.jpg 632w, https:\/\/elperiodicodesaltillo.com\/wp\/wp-content\/uploads\/2022\/06\/12345.jpg 1280w\" sizes=\"auto, (max-width: 512px) 100vw, 512px\" \/><\/figure><\/div>\n\n\n\n<p>De manera posterior arranc\u00f3 \u201cCaravanas de la Salud\u201d en la Regi\u00f3n Centro-Desierto \u201cMejora en tu Salud\u201d, en instalaciones de la Unidad Deportiva \u201cNora Leticia Rocha\u201d, en Avenida Cuauht\u00e9moc esquina con Avenida Cuidad Deportiva, donde la Secretar\u00eda de Salud y la Secretar\u00eda de Inclusi\u00f3n y Desarrollo Social ofrecieron servicios b\u00e1sicos de salubridad&nbsp;&nbsp;de las 09:00 a las 14:00 horas.<\/p>\n\n\n\n<p>OBRAS DE SUBCOLECTOR LOMA LINDA<\/p>\n\n\n\n<p>En el arranque de obra del subcolector, el gobernador Miguel Riquelme, acompa\u00f1ado del Alcalde de Monclova, Mario Alberto D\u00e1vila Delgado, reconoci\u00f3 que en Coahuila se trabaja por garantizar la higiene y&nbsp;&nbsp;salud de las familias, con obras necesarias.<\/p>\n\n\n\n<p>\u201cAunque no se ven porque est\u00e1n enterradas, pero son de gran beneficio. Un esfuerzo de todos los niveles de Gobierno para que los ciudadanos tengan mejores servicios en sus hogares y sectores\u201d.<\/p>\n\n\n\n<p>\u201cHoy inicia una obra que es fundamental, servicios primarios, b\u00e1sicos, y sobre todo en colonias que tienen a\u00f1os de fundaci\u00f3n. Tenemos en la Regi\u00f3n Centro buenas noticias con una nueva empresa que viene a diversificar nuestra econom\u00eda regional, que generar\u00e1 m\u00e1s de 3 mil 200 empleos al ser ancla para la elaboraci\u00f3n de arneses, que viene dentro del denominado Cl\u00faster Automotriz\u201d.<\/p>\n\n\n\n<p>Se\u00f1al\u00f3 se trabaja de manera coordinada en obras que se van a incluir para Monclova para&nbsp;&nbsp;mejorar la infraestructura social que el Gobierno del Estado, con inversi\u00f3n de 157 millones de pesos en&nbsp;&nbsp;obras de pavimentaci\u00f3n, en&nbsp;&nbsp;el Centro Hist\u00f3rico (con la subterranizaci\u00f3n de l\u00edneas el\u00e9ctricas en Plaza Principal), conservaci\u00f3n de Carretera Monclova-Candela y el Libramiento Carlos Salinas de Gortari, adem\u00e1s el mirador monumental de la Loma de La Bartola.<\/p>\n\n\n\n<p>Hizo tambi\u00e9n el compromiso en materia de seguridad para entregar pr\u00f3ximamente nuevas unidades de patrullas al&nbsp;&nbsp;alcalde Mario Alberto D\u00e1vila, para garantizar con ello la paz y tranquilidad&nbsp;&nbsp;de las familias monclovenses.&nbsp;<\/p>\n\n\n\n<p>El Edil monclovense dio la bienvenida al Gobernador destacando obras que se desarrollan en colonias, como la que se pone en marcha \u201centre Estado y Municipio para que las acciones lleguen a las familias en general, todos trabajamos con el mismo fin\u201d, se\u00f1al\u00f3.<\/p>\n\n\n\n<p>En su intervenci\u00f3n, Eduardo Campos Villarreal, Director de Simas Monclova-Frontera, dio los detalles siendo m\u00e1s de mil personas las que se beneficiar\u00e1n con el subcolector unidos con el programa \u201cVamos a Michas\u201d,&nbsp;&nbsp;el apoyo del Gobernador y \u201cMejora Coahuila\u201d, en obras para elevar la calidad de&nbsp;&nbsp;infraestructura en agua potable y drenaje.<\/p>\n\n\n\n<p>Representando a los&nbsp;&nbsp;vecinos, Wendy Maylen Carlos Piza\u00f1a agradeci\u00f3 al gobernador Miguel&nbsp;&nbsp;Riquelme por las obras en este sector, porque por a\u00f1os han padecido&nbsp;&nbsp;problem\u00e1ticas debido a la altura de la Colonia La Loma.<\/p>\n\n\n\n<p>\u201cGracias, Gobernador, porque nos traen la buena noticia de la reposici\u00f3n de la red de drenaje y vienen a cambiar nuestro estilo de vida, muchas gracias\u201d, dijo.<\/p>\n\n\n\n<p>Finalmente dieron el banderazo de arranque ante la asistencia de los vecinos, personal de SIMAS Monclova-Frontera y funcionarios municipales.<\/p>\n\n\n\n<p>\u2018CARAVANAS DE LA SALUD\u2019<\/p>\n\n\n\n<p>El Gobierno del Estado, por medio de su Secretar\u00eda de Inclusi\u00f3n y Desarrollo Social y la Secretar\u00eda de Salud, puso a disposici\u00f3n de la ciudadan\u00eda la prestaci\u00f3n de servicios m\u00e9dicos gratuitos a trav\u00e9s de \u201cMejora tu Salud\u201d.<\/p>\n\n\n\n<p>El gobernador Miguel Riquelme anunci\u00f3 el arranque de la \u201cCaravana de la Salud Regi\u00f3n Centro-Desierto\u201d, en la Unidad Deportiva \u201cNora Leticia Rocha\u201d, acompa\u00f1ado del titular de SIDS, Manolo Jim\u00e9nez Salinas; Roberto Bernal G\u00f3mez, Secretario de Salud, y autoridades de los municipios de la regi\u00f3n, encabezadas por el alcalde Mario Alberto D\u00e1vila Delgado y los alcaldes de la Regi\u00f3n Centro-Desierto,&nbsp;&nbsp;quienes dieron el banderazo y la puesta en marcha del programa \u201cMejora Coahuila\u201d, con el que estar\u00e1n recorriendo en consultorios m\u00f3viles todos los municipios y ejidos.<\/p>\n\n\n\n<p>El Mandatario estatal, al tomar la palabra agradeci\u00f3 al alcalde D\u00e1vila Delgado por sumarse a estas campa\u00f1as con consulta, como especialista m\u00e9dico que es, indicando que se trabaja por la gente que demanda respuestas con acciones como esta, y se continuar\u00e1 trabajando en obras diversas, como escrituraci\u00f3n, acciones sociales, educaci\u00f3n y seguridad, entre otras.<\/p>\n\n\n\n<p>Reconoci\u00f3 el esfuerzo que se ha hecho a trav\u00e9s de SIDS, a cargo de Manolo Jim\u00e9nez Salinas, porque se ha logrado llegar a todos los sectores.&nbsp;<\/p>\n\n\n\n<p>En materia de seguridad, agradeci\u00f3 al personal de Ej\u00e9rcito Mexicano, a quien reconoci\u00f3 como un basti\u00f3n importante para mantener la tranquilidad de las familias coahuilenses.<\/p>\n\n\n\n<p>\u201cHoy arrancamos la Caravana de la Salud, aqu\u00ed damos inicio, porque aqu\u00ed en el tiempo de la pandemia la pasamos mal y fueron valientes, todos nos ayudaron coordinando esfuerzos de esta pandemia, nos falta, pero ahora los ciudadanos est\u00e1n saliendo a recibir atenci\u00f3n m\u00e9dica. He pedido a Manolo Jim\u00e9nez y a Roberto Bernal que se atiendan las necesidades de las familias\u201d, dijo Riquelme Sol\u00eds.<\/p>\n\n\n\n<p>\u201cLa inversi\u00f3n en materia de salud y en hospitales para mejorar la calidad en atenci\u00f3n, se ve y se muestra a la ciudadan\u00eda que se atiende. De igual manera en esta Caravana se les hacen llegar, pidiendo se convenza a la gente a acudir y atenderse sin costo alguno\u201d.&nbsp;<\/p>\n\n\n\n<p>Indico que la Regi\u00f3n Centro ha sido prioridad para su Gobierno, y se trabaja en la reactivaci\u00f3n de las diversas cadenas econ\u00f3micas, saliendo adelante con el est\u00edmulo de todos y con medidas sanitarias que significan una reactivaci\u00f3n en la vida social.<\/p>\n\n\n\n<p>Por su parte, Manolo Jim\u00e9nez Salinas, Secretario de Inclusi\u00f3n y Desarrollo Social, explic\u00f3 el nacimiento de \u201cMejora Coahuila\u201d, con inversi\u00f3n de 190 millones de pesos, que ya se ejecutan en diversos rubros sociales y de infraestructura urbana.<\/p>\n\n\n\n<p>\u201cEsta Caravana de la Salud va a llegar a municipios de la Regi\u00f3n Centro-Desierto, agradezco a los alcaldes su participaci\u00f3n y los invito a informar a sus ciudadanos para que acudan a las brigadas, donde les dar\u00e1n la consulta y medicamentos gratuitos. El objetivo es que lo que hagamos mejore la calidad de vida de nuestra gente, trabajamos por ustedes\u201d.<\/p>\n\n\n\n<p>Roberto Bernal G\u00f3mez, titular de Salud en Coahuila, dio a conocer los detalles: \u201cCoahuila en salud es mucho m\u00e1s fuerte que en a\u00f1os anteriores. Hemos trabajado en grupos que requieren atenci\u00f3n, se han operado a ni\u00f1os con paladar hendido y de ah\u00ed nace \u2018Cambiando Vidas\u2019, este a\u00f1o ser\u00e1 intervenciones para mil 400 personas con cataratas, entre otras acciones de salud en coordinaci\u00f3n con el DIF Coahuila\u201d.&nbsp;<\/p>\n\n\n\n<p>\u201cPara el D\u00eda del Padre se contempla la atenci\u00f3n para los hombres y se practiquen los ex\u00e1menes para detecci\u00f3n oportuna\u201d.<\/p>\n\n\n\n<p>El Edil monclovense, D\u00e1vila Delgado, como m\u00e9dico reconoci\u00f3 el esfuerzo que se hace de manera conjunta con el Gobierno del Estado para garantizar la salud de las familias coahuilenses.&nbsp;<\/p>\n\n\n\n<p>\u201cSeguiremos trabajando en equipo en salud, seguridad p\u00fablica y empleos, vienen cosas buenas para Monclova. El hablar de salud es hablar de la vida, hemos pasado situaciones dif\u00edciles, pero se han superado gracias a un trabajo de equipo Estado y Municipio\u201d.<\/p>\n\n\n\n<p>A nombre de los ciudadanos beneficiados del programa \u201cMejora en tu Salud\u201d, Gustavo Cervantes Luna agradeci\u00f3 al gobernador Miguel&nbsp;&nbsp;Riquelme porque la salud es un factor importante de las familias coahuilenses, y estas revisiones m\u00e9dicas previenen las enfermedades. Estas caravanas vienen a ser un gran apoyo a las personas que reciben su atenci\u00f3n sin costo alguno, e invit\u00f3 a los ciudadanos a aprovecharlas.<\/p>\n\n\n\n<p>Se entregaron a la vez certificados m\u00e9dicos de consultas, entre ellas a Nidia Ibarra, con estudio de papanicolau, y Jos\u00e9 Manuel Santos Carre\u00f3n, con estudio general de salud.&nbsp;<\/p>\n\n\n\n<p>Acompa\u00f1aron en esta gira de trabajo alcaldes de la Regi\u00f3n Centro: Hugo Iv\u00e1n Lozano, de San Buenaventura; Juan Antonio Garza, de Casta\u00f1os; Humberto Villarreal, de Cuatro Ci\u00e9negas; Magda Ortiz, de Lamadrid; Aracelia Jasso, de Candela; Ramiro Reyes Rodr\u00edguez, de Abasolo; Alejandra Huerta, de Nadadores; Laura Mara Silva, de Ocampo; El\u00edas Portillo, de Sierra Mojada, y Wendolyn Ovalle, de Sacramento.<\/p>\n\n\n\n<p>Adem\u00e1s de Fernando Sim\u00f3n Guti\u00e9rrez P\u00e9rez, Coordinador General de Comunicaci\u00f3n e Imagen Institucional de Coahuila; el titular de CEAS, Antonio Nerio Maltos; Cristina Amezcua Gonz\u00e1lez, diputada federal; Guadalupe Oyervides diputada local, y Enrique Mart\u00ednez Morales, titular de SEVOT, entre otros.<\/p>\n\n\n\n<p>SERVICIOS QUE SE OFRECIERON<\/p>\n\n\n\n<p>\u00b7&nbsp;&nbsp;&nbsp;&nbsp;&nbsp;&nbsp;Exploraci\u00f3n de mama y mastograf\u00eda para detecci\u00f3n oportuna de c\u00e1ncer.<\/p>\n\n\n\n<p>\u00b7&nbsp;&nbsp;&nbsp;&nbsp;&nbsp;&nbsp;Estudios de Ginecolog\u00eda para papiloma, o en su caso el virus del papiloma humano en mujeres activas sexualmente.<\/p>\n\n\n\n<p>\u00b7&nbsp;&nbsp;&nbsp;&nbsp;&nbsp;&nbsp;Servicios de Odontolog\u00eda (revisiones dentales, extracciones, caries, profilaxis, curaciones).<\/p>\n\n\n\n<p>\u00b7&nbsp;&nbsp;&nbsp;&nbsp;&nbsp;&nbsp;Consulta m\u00e9dica abierta a la poblaci\u00f3n, surtiendo recetas.<\/p>\n\n\n\n<p>\u00b7&nbsp;&nbsp;&nbsp;&nbsp;&nbsp;&nbsp;En caso de ni\u00f1os y adultos: Consulta, desparasitaci\u00f3n, donaci\u00f3n de suero y el M\u00f3dulo de Tuberculosis consulta, encuestas y toma de muestras.&nbsp;<\/p>\n\n\n\n<p>\u00b7&nbsp;&nbsp;&nbsp;&nbsp;&nbsp;&nbsp;Personal de la Secretar\u00eda de Salud en M\u00f3dulo de Vectores, con detecci\u00f3n de enfermedades transmitidas por insectos, repartieron abate y rifaron fumigaciones.<\/p>\n\n\n\n<p>\u00b7&nbsp;&nbsp;&nbsp;&nbsp;&nbsp;&nbsp;En vacunaci\u00f3n, personal de Salud aplic\u00f3 faltantes en cuadro b\u00e1sico, como Hexavalente, Neumococo, Rotavirus, Triple Viral, t\u00e9tanos.<\/p>\n\n\n\n<p>\u00b7&nbsp;&nbsp;&nbsp;&nbsp;&nbsp;&nbsp;En el M\u00f3dulo de Psicolog\u00eda, atenci\u00f3n en apoyo emocional, asesor\u00edas, consulta.<\/p>\n\n\n\n<p>\u00b7&nbsp;&nbsp;&nbsp;&nbsp;&nbsp;&nbsp;Al adulto mayor: En nutriolog\u00eda, personal de salud ofreci\u00f3 consulta de peso, recomendando dietas y asesor\u00eda.<\/p>\n\n\n\n<p>\u00b7&nbsp;&nbsp;&nbsp;&nbsp;&nbsp;&nbsp;En el caso de los varones, se instal\u00f3 un M\u00f3dulo de Registro para Colonoscopias y Vasectom\u00edas, as\u00ed como aplicaci\u00f3n de Ant\u00edgeno Prost\u00e1tico (con una toma de muestra r\u00e1pida).&nbsp;<\/p>\n\n\n\n<p>\u00b7&nbsp;&nbsp;&nbsp;&nbsp;&nbsp;&nbsp;Mientras en animales caninos, servicio de esterilizaci\u00f3n de mascotas felinas y caninas, consulta, medicamento gratuito, desparasitaci\u00f3n interiores y exteriores.<\/p>\n\n\n\n<p>\u00b7&nbsp;&nbsp;&nbsp;&nbsp;&nbsp;&nbsp;Sin faltar m\u00f3dulo de Bailoterapia.<\/p>\n\n\n\n<p>\u00b7&nbsp;&nbsp;&nbsp;&nbsp;&nbsp;&nbsp;M\u00f3dulo de Hidrataci\u00f3n.<\/p>\n","protected":false},"excerpt":{"rendered":"<p>Monclova, Coahuila de Zaragoza; a 15 de Junio del 2022.- En gira de trabajo por la Regi\u00f3n Centro, el Gobernador del Estado, Miguel \u00c1ngel Riquelme Sol\u00eds, puso en marcha obras de infraestructura urbana con la reposici\u00f3n del subcolector, atarjeas y descargas domiciliarias de drenaje en la calle Sabino, de la Colonia Loma Linda, donde se [&hellip;]<\/p>\n","protected":false},"author":1,"featured_media":21504,"comment_status":"closed","ping_status":"closed","sticky":false,"template":"","format":"standard","meta":{"footnotes":""},"categories":[21],"tags":[],"class_list":["post-21503","post","type-post","status-publish","format-standard","has-post-thumbnail","hentry","category-coahuila"],"_links":{"self":[{"href":"https:\/\/elperiodicodesaltillo.com\/wp\/wp-json\/wp\/v2\/posts\/21503","targetHints":{"allow":["GET"]}}],"collection":[{"href":"https:\/\/elperiodicodesaltillo.com\/wp\/wp-json\/wp\/v2\/posts"}],"about":[{"href":"https:\/\/elperiodicodesaltillo.com\/wp\/wp-json\/wp\/v2\/types\/post"}],"author":[{"embeddable":true,"href":"https:\/\/elperiodicodesaltillo.com\/wp\/wp-json\/wp\/v2\/users\/1"}],"replies":[{"embeddable":true,"href":"https:\/\/elperiodicodesaltillo.com\/wp\/wp-json\/wp\/v2\/comments?post=21503"}],"version-history":[{"count":1,"href":"https:\/\/elperiodicodesaltillo.com\/wp\/wp-json\/wp\/v2\/posts\/21503\/revisions"}],"predecessor-version":[{"id":21505,"href":"https:\/\/elperiodicodesaltillo.com\/wp\/wp-json\/wp\/v2\/posts\/21503\/revisions\/21505"}],"wp:featuredmedia":[{"embeddable":true,"href":"https:\/\/elperiodicodesaltillo.com\/wp\/wp-json\/wp\/v2\/media\/21504"}],"wp:attachment":[{"href":"https:\/\/elperiodicodesaltillo.com\/wp\/wp-json\/wp\/v2\/media?parent=21503"}],"wp:term":[{"taxonomy":"category","embeddable":true,"href":"https:\/\/elperiodicodesaltillo.com\/wp\/wp-json\/wp\/v2\/categories?post=21503"},{"taxonomy":"post_tag","embeddable":true,"href":"https:\/\/elperiodicodesaltillo.com\/wp\/wp-json\/wp\/v2\/tags?post=21503"}],"curies":[{"name":"wp","href":"https:\/\/api.w.org\/{rel}","templated":true}]}}