{"id":21525,"date":"2022-06-23T13:24:24","date_gmt":"2022-06-23T13:24:24","guid":{"rendered":"https:\/\/elperiodicodesaltillo.com\/wp\/?p=21525"},"modified":"2022-06-23T13:24:25","modified_gmt":"2022-06-23T13:24:25","slug":"educacion-basica-cerca-de-los-coahuilenses-mars","status":"publish","type":"post","link":"https:\/\/elperiodicodesaltillo.com\/wp\/2022\/06\/23\/educacion-basica-cerca-de-los-coahuilenses-mars\/","title":{"rendered":"<strong>EDUCACI\u00d3N B\u00c1SICA CERCA DE LOS COAHUILENSES: MARS<\/strong>"},"content":{"rendered":"\n<ul class=\"wp-block-list\"><li><strong><em>A partir del 7 de Julio, cuando cierra el ciclo escolar, se podr\u00e1n descargar calificaciones y certificados.<\/em><\/strong><\/li><li><strong><em>Se trabaja en el formato presencial en el 97% de los planteles de todo Coahuila.<\/em><\/strong><\/li><\/ul>\n\n\n\n<p>Saltillo, Coahuila de Zaragoza; a 21 de Junio de 2022.- El gobernador Miguel \u00c1ngel Riquelme Sol\u00eds dijo que a partir del pr\u00f3ximo 7 de julio se podr\u00e1n descargar en l\u00ednea las boletas de calificaciones y de Certificados de Educaci\u00f3n B\u00e1sica.<\/p>\n\n\n\n<p>Indic\u00f3 que, a la fecha, en el 97 por ciento de los planteles de este nivel educativo se trabaja en el formato presencial, y en el Ciclo Escolar 22-23 ser\u00e1 el total.<\/p>\n\n\n\n<div class=\"wp-block-image\"><figure class=\"aligncenter size-full is-resized\"><img loading=\"lazy\" decoding=\"async\" src=\"https:\/\/elperiodicodesaltillo.com\/wp\/wp-content\/uploads\/2022\/06\/educacioonbasica.jpg\" alt=\"\" class=\"wp-image-21526\" width=\"512\" height=\"357\" srcset=\"https:\/\/elperiodicodesaltillo.com\/wp\/wp-content\/uploads\/2022\/06\/educacioonbasica.jpg 1024w, https:\/\/elperiodicodesaltillo.com\/wp\/wp-content\/uploads\/2022\/06\/educacioonbasica-300x209.jpg 300w, https:\/\/elperiodicodesaltillo.com\/wp\/wp-content\/uploads\/2022\/06\/educacioonbasica-768x535.jpg 768w, https:\/\/elperiodicodesaltillo.com\/wp\/wp-content\/uploads\/2022\/06\/educacioonbasica-100x70.jpg 100w, https:\/\/elperiodicodesaltillo.com\/wp\/wp-content\/uploads\/2022\/06\/educacioonbasica-696x485.jpg 696w, https:\/\/elperiodicodesaltillo.com\/wp\/wp-content\/uploads\/2022\/06\/educacioonbasica-603x420.jpg 603w\" sizes=\"auto, (max-width: 512px) 100vw, 512px\" \/><\/figure><\/div>\n\n\n\n<p>Expres\u00f3 que las actividades escolares concluir\u00e1n el pr\u00f3ximo 7 de julio, y que en el per\u00edodo vacacional de verano se agilizar\u00e1 la rehabilitaci\u00f3n de 206 escuelas que todav\u00eda est\u00e1n sin actividad por diversos motivos, principalmente por la falta de alg\u00fan servicio p\u00fablico.<\/p>\n\n\n\n<p>\u201cYa se realiz\u00f3 la captura de calificaciones en la direcci\u00f3n <a href=\"http:\/\/siecec.seducoahuila.gob.mx\/expediente_alumno\/\">http:\/\/siecec.seducoahuila.gob.mx\/expediente_alumno\/<\/a>\u201d, inform\u00f3 el gobernador Miguel Riquelme.<\/p>\n\n\n\n<p>\u201cAquellos alumnos y alumnas que terminan su Educaci\u00f3n Preescolar, Primaria o Secundaria, podr\u00e1n descargar ese documento a partir del pr\u00f3ximo 7 de julio, \u00faltimo d\u00eda de actividades\u201d.<\/p>\n\n\n\n<p>De igual forma, podr\u00e1n obtener su certificado en la p\u00e1gina&nbsp;&nbsp;de la Secretar\u00eda de Educaci\u00f3n, en el apartado \u201cObt\u00e9n tu Certificado o directamente en <a href=\"http:\/\/siecec.seducoahuila.gob.mx\/expediente\/index.php\">http:\/\/siecec.seducoahuila.gob.mx\/expediente\/index.php<\/a>\u201d.<\/p>\n\n\n\n<p>La digitalizaci\u00f3n de estos documentos, se\u00f1al\u00f3 el Mandatario estatal, permite que los padres de familia puedan descargar e imprimir las veces que as\u00ed lo requieran, adem\u00e1s de evitar que se condicione la entrega de los mismos.<\/p>\n\n\n\n<p>Por otra parte, Riquelme Sol\u00eds se\u00f1al\u00f3 que actualmente se trabaja en el formato presencial en el 97 por ciento de los planteles de Educaci\u00f3n B\u00e1sica de todo el estado.<\/p>\n\n\n\n<p>\u201cLo que nos falta son por distintas causas, sobre todo infraestructura por la falta de alg\u00fan servicio p\u00fablico\u201d, agreg\u00f3.<\/p>\n\n\n\n<p>En ese sentido, reconoci\u00f3 que las autoridades municipales de los 38 Ayuntamientos, as\u00ed como con el respaldo de empresarios de distintas regiones de la entidad, permiti\u00f3 alcanzar ese porcentaje.<\/p>\n\n\n\n<p>\u201cEl pr\u00f3ximo semestre deberemos estar al 100 por ciento en aquellas escuelas que a\u00fan se encuentran fuera de servicio\u201d, a\u00f1adi\u00f3 el Gobernador.<\/p>\n\n\n\n<p>REGRESAN LAS GRADUACIONES<\/p>\n\n\n\n<p>Adem\u00e1s refiri\u00f3 que este fin de ciclo escolar regresan las graduaciones en Educaci\u00f3n B\u00e1sica, que se llevan \u201cen los salones de fiesta\u201d con el cumplimiento de todos los protocolos sanitarios establecidos por la Secretar\u00eda de Salud.<\/p>\n\n\n\n<p>Ya no se aplicar\u00e1n m\u00e9todos como la celebraci\u00f3n de graduaciones se hac\u00edan en caravanas de veh\u00edculos, que sin duda es una buena noticia, enfatiz\u00f3.<\/p>\n\n\n\n<p>Asimismo, el gobernador Miguel Riquelme dijo que las 13 bodegas de resguardo de material y enseres escolares est\u00e1n listas para recibirlos durante el pr\u00f3ximo per\u00edodo vacacional.<\/p>\n\n\n\n<p>\u201cLos materiales y enseres se recibir\u00e1n en cada una de las bodegas los d\u00edas 4 y 5 de julio, y ser\u00e1n recuperados por las y los docentes al inicio del nuevo ciclo escolar\u201d, concluy\u00f3.<\/p>\n","protected":false},"excerpt":{"rendered":"<p>A partir del 7 de Julio, cuando cierra el ciclo escolar, se podr\u00e1n descargar calificaciones y certificados. Se trabaja en el formato presencial en el 97% de los planteles de todo Coahuila. Saltillo, Coahuila de Zaragoza; a 21 de Junio de 2022.- El gobernador Miguel \u00c1ngel Riquelme Sol\u00eds dijo que a partir del pr\u00f3ximo 7 [&hellip;]<\/p>\n","protected":false},"author":1,"featured_media":21526,"comment_status":"closed","ping_status":"closed","sticky":false,"template":"","format":"standard","meta":{"footnotes":""},"categories":[21],"tags":[],"class_list":["post-21525","post","type-post","status-publish","format-standard","has-post-thumbnail","hentry","category-coahuila"],"_links":{"self":[{"href":"https:\/\/elperiodicodesaltillo.com\/wp\/wp-json\/wp\/v2\/posts\/21525","targetHints":{"allow":["GET"]}}],"collection":[{"href":"https:\/\/elperiodicodesaltillo.com\/wp\/wp-json\/wp\/v2\/posts"}],"about":[{"href":"https:\/\/elperiodicodesaltillo.com\/wp\/wp-json\/wp\/v2\/types\/post"}],"author":[{"embeddable":true,"href":"https:\/\/elperiodicodesaltillo.com\/wp\/wp-json\/wp\/v2\/users\/1"}],"replies":[{"embeddable":true,"href":"https:\/\/elperiodicodesaltillo.com\/wp\/wp-json\/wp\/v2\/comments?post=21525"}],"version-history":[{"count":1,"href":"https:\/\/elperiodicodesaltillo.com\/wp\/wp-json\/wp\/v2\/posts\/21525\/revisions"}],"predecessor-version":[{"id":21527,"href":"https:\/\/elperiodicodesaltillo.com\/wp\/wp-json\/wp\/v2\/posts\/21525\/revisions\/21527"}],"wp:featuredmedia":[{"embeddable":true,"href":"https:\/\/elperiodicodesaltillo.com\/wp\/wp-json\/wp\/v2\/media\/21526"}],"wp:attachment":[{"href":"https:\/\/elperiodicodesaltillo.com\/wp\/wp-json\/wp\/v2\/media?parent=21525"}],"wp:term":[{"taxonomy":"category","embeddable":true,"href":"https:\/\/elperiodicodesaltillo.com\/wp\/wp-json\/wp\/v2\/categories?post=21525"},{"taxonomy":"post_tag","embeddable":true,"href":"https:\/\/elperiodicodesaltillo.com\/wp\/wp-json\/wp\/v2\/tags?post=21525"}],"curies":[{"name":"wp","href":"https:\/\/api.w.org\/{rel}","templated":true}]}}