{"id":21675,"date":"2022-06-27T18:56:00","date_gmt":"2022-06-27T18:56:00","guid":{"rendered":"https:\/\/elperiodicodesaltillo.com\/wp\/?p=21675"},"modified":"2022-07-02T18:57:19","modified_gmt":"2022-07-02T18:57:19","slug":"en-15-dias-se-presentara-cronograma-de-avance-del-metrobus-mars","status":"publish","type":"post","link":"https:\/\/elperiodicodesaltillo.com\/wp\/2022\/06\/27\/en-15-dias-se-presentara-cronograma-de-avance-del-metrobus-mars\/","title":{"rendered":"<strong>EN 15 D\u00cdAS SE PRESENTAR\u00c1 CRONOGRAMA DE AVANCE DEL METROB\u00daS: MARS<\/strong>"},"content":{"rendered":"\n<p>\u00b7&nbsp;&nbsp;&nbsp;&nbsp;&nbsp;&nbsp;<strong><em>Adem\u00e1s, pide gobernador Miguel Riquelme seguir siendo cautelosos en el tema de contagios.<\/em><\/strong><\/p>\n\n\n\n<p>Torre\u00f3n, Coahuila de Zaragoza; a 27 de Junio de 2022.- En la que fue la reuni\u00f3n n\u00famero 100 del Subcomit\u00e9 T\u00e9cnico Regional Covid-19 Laguna, el gobernador Miguel \u00c1ngel Riquelme Sol\u00eds anunci\u00f3 que dentro de 15 d\u00edas se presentar\u00e1 el cronograma de avance del Metrob\u00fas, a la vez que pidi\u00f3 a esta Mesa seguir siendo cautelosos en sus decisiones ante al incremento de contagios.<\/p>\n\n\n\n<div class=\"wp-block-image\"><figure class=\"aligncenter size-large is-resized\"><img loading=\"lazy\" decoding=\"async\" src=\"https:\/\/elperiodicodesaltillo.com\/wp\/wp-content\/uploads\/2022\/07\/15dias-1024x682.jpg\" alt=\"\" class=\"wp-image-21676\" width=\"512\" height=\"341\" srcset=\"https:\/\/elperiodicodesaltillo.com\/wp\/wp-content\/uploads\/2022\/07\/15dias-1024x682.jpg 1024w, https:\/\/elperiodicodesaltillo.com\/wp\/wp-content\/uploads\/2022\/07\/15dias-300x200.jpg 300w, https:\/\/elperiodicodesaltillo.com\/wp\/wp-content\/uploads\/2022\/07\/15dias-768x512.jpg 768w, https:\/\/elperiodicodesaltillo.com\/wp\/wp-content\/uploads\/2022\/07\/15dias-696x464.jpg 696w, https:\/\/elperiodicodesaltillo.com\/wp\/wp-content\/uploads\/2022\/07\/15dias-1068x712.jpg 1068w, https:\/\/elperiodicodesaltillo.com\/wp\/wp-content\/uploads\/2022\/07\/15dias-630x420.jpg 630w, https:\/\/elperiodicodesaltillo.com\/wp\/wp-content\/uploads\/2022\/07\/15dias.jpg 1280w\" sizes=\"auto, (max-width: 512px) 100vw, 512px\" \/><\/figure><\/div>\n\n\n\n<p>El Mandatario estatal agradeci\u00f3 la participaci\u00f3n de todas y todos en los efectos a causa de la pandemia, pero tambi\u00e9n celebr\u00f3 el que en estas reuniones se puedan abordar otros temas que son necesarios, tal es el caso del avance de la construcci\u00f3n del Sistema Vial Cuatro Caminos (SV4C).<\/p>\n\n\n\n<p>En ese sentido, manifest\u00f3 que la gente est\u00e1 muy informada y otros ya muy familiarizados con las rutas que deben seguir por tener que dirigirse a sus lugares de trabajo y otros, y por la experiencia que ya tienen.<\/p>\n\n\n\n<p>En 15 d\u00edas, advirti\u00f3, se incluir\u00e1n los avances y cronogramas del Metrob\u00fas, toda vez que la poblaci\u00f3n podr\u00eda creer que falta infraestructura, pero es el modelo de negocios el que se sigue en proceso, as\u00ed como el tipo de camiones que se tendr\u00e1n.<\/p>\n\n\n\n<p>\u201cVamos explicando qu\u00e9 va sucediendo; vamos exponiendo a todos la realidad del proyecto. Vamos a someterlo a este Subcomit\u00e9\u201d, se\u00f1al\u00f3.<\/p>\n\n\n\n<p>Asimismo, felicit\u00f3 a los clubes deportivos profesionales, a los organizadores de conciertos por la buena organizaci\u00f3n en cada una de las sedes.<\/p>\n\n\n\n<p>Con respecto a los contagios, Riquelme Sol\u00eds se\u00f1al\u00f3 que no hay que tomar a la ligera el tema, por lo que invit\u00f3 a la poblaci\u00f3n a seguir con las medidas preventivas, y vio positivo que hoy arranque el proceso de vacunaci\u00f3n a menores de 5 a 12 a\u00f1os.<\/p>\n\n\n\n<p>\u201cNo nos espantemos con el repunte, sigamos guardando los protocolos y sigamos siendo cautelosos\u201d, advirti\u00f3 el gobernador Miguel Riquelme.<\/p>\n\n\n\n<p>De la misma manera, agradeci\u00f3 al Ej\u00e9rcito Mexicano y a la Guardia Nacional por estar atentos a cada una de las regiones de nuestra entidad.&nbsp;<\/p>\n\n\n\n<p>Se solidariz\u00f3 con el Gobierno de Nuevo Le\u00f3n ante el evento de inseguridad suscitado recientemente en el vecino estado, as\u00ed como con las familias de los elementos.<\/p>\n\n\n\n<p>ACUERDOS<\/p>\n\n\n\n<p>En la sesi\u00f3n 100 de esta m<\/p>\n\n\n\n<p>Mesa se autoriz\u00f3:<\/p>\n\n\n\n<p>+ 5 series al equipo de beisbol Algodoneros del Uni\u00f3n Laguna:<\/p>\n\n\n\n<p>&#8211; Contra Olmecas de Tabasco, del 1 al 3 de julio.<\/p>\n\n\n\n<p>&#8211; Contra Saraperos de Saltillo, del 5 al 7 de julio.<\/p>\n\n\n\n<p>&#8211; Contra Diablos Rojos del M\u00e9xico, del 8 al 10 de julio.<\/p>\n\n\n\n<p>&#8211; Contra Tigres de Quintana Roo, del 19 al 21 de julio.<\/p>\n\n\n\n<p>&#8211; Y contra Piratas de Campeche, del 22 al 24 de julio.<\/p>\n\n\n\n<p>+ Los siguientes conciertos en el Coliseo Centenario de Torre\u00f3n&nbsp;<\/p>\n\n\n\n<p>&#8211; Ed\u00e9n Mu\u00f1oz, para el 1 de julio<\/p>\n\n\n\n<p>&#8211; Y Mon Laferte, para el 2 de julio.<\/p>\n\n\n\n<p>+ Se autoriza brindar una constancia desde este Subcomit\u00e9 Laguna a las empresas que est\u00e1n participando en la \u201cPrueba Piloto para el Retiro de Cubrebocas en Empresas\u201d.<\/p>\n\n\n\n<p>+ Reforzar las campa\u00f1as de vacunaci\u00f3n entre los menores de edad.<\/p>\n\n\n\n<p>VACUNACI\u00d3N EN LA LAGUNA&nbsp;<\/p>\n\n\n\n<p>Fernando Sim\u00f3n Guti\u00e9rrez P\u00e9rez, titular de la Unidad de Comunicaci\u00f3n e Imagen Institucional del Gobierno de Coahuila, y Coordinador de esta Mesa, inform\u00f3 que del 20 al 24 de junio se aplicaron 624 vacunas del biol\u00f3gico Pfizer en esta regi\u00f3n.<\/p>\n\n\n\n<p>Al tiempo, record\u00f3 que el d\u00eda de hoy se inici\u00f3 con la inoculaci\u00f3n a ni\u00f1os entre 5 y 12 a\u00f1os de edad en diversas sedes.&nbsp;<\/p>\n\n\n\n<p>\u00bfPUEDE COVID-19 FAVORECER LAS ENFERMEDADES AUTOINMUNES?&nbsp;<\/p>\n\n\n\n<p>El Secretario de Salud del Estado, Roberto Bernal G\u00f3mez, comparti\u00f3 el tema sobre si el Covid-19 puede favorecer enfermedades autoinmunes, al empezar por definir que una enfermedad de este tipo ataca los tejidos sanos del cuerpo porque los confunde con el tejido ajeno.&nbsp;<\/p>\n\n\n\n<p>Mencion\u00f3 que puede ser intermitente de leve a severo, y que es m\u00e1s frecuente en mujeres. Las m\u00e1s frecuentes son lupus, artritis, vasculitis, artritis reactiva y miop\u00eda inflamatoria.<\/p>\n\n\n\n<p>Declar\u00f3 as\u00ed que el SARS-CoV-2 tiene la capacidad de \u201cenloquecer\u201d al ej\u00e9rcito del sistema inmune, que se rebela a realizar sus funciones normales, atacando las c\u00e9lulas de su propio organismo, d\u00e1ndole un inusual poder autodestructivo.<\/p>\n\n\n\n<p>Manifest\u00f3 que no se ha dimensionado a\u00fan el alcance de las consecuencias del coronavirus, pero s\u00ed tiene capacidad de inducir trastornos autoinmunes, por lo que habr\u00e1 de continuar investig\u00e1ndose la correlaci\u00f3n de las enfermedades autoinmunes con el Covid-19, y si es que se padeci\u00f3 debe estarse monitoreando a largo plazo.<\/p>\n\n\n\n<p>Bernal G\u00f3mez invit\u00f3 a la poblaci\u00f3n a seguir cumpliendo con las medidas de mitigaci\u00f3n, como utilizar el cubrebocas en espacios cerrados y respetar la sana distancia en lugares que as\u00ed lo demandan.<\/p>\n\n\n\n<p>PRESENTA SIDUM REPORTE DE OBRAS PARA LA LAGUNA<\/p>\n\n\n\n<p>Miguel \u00c1lgara Acosta, Secretario de Infraestructura, Desarrollo Urbano y Movilidad del Estado (SIDUM), present\u00f3 un reporte de obras en la Regi\u00f3n Laguna:<\/p>\n\n\n\n<p>Para Torre\u00f3n<\/p>\n\n\n\n<p>+ La construcci\u00f3n del Sistema Vial Cuatro Caminos, cuya inversi\u00f3n es de 505.4 millones de pesos y presenta un avance del 5 por ciento.<\/p>\n\n\n\n<p>+ La rehabilitaci\u00f3n integral de la L\u00ednea Verde, cuya inyecci\u00f3n es del 28.4 por ciento y un avance del 41 por ciento.<\/p>\n\n\n\n<p>+ El Centro de Lectura Digital \u201cEnriqueta Ochoa\u201d, el recurso destinado es de 1.2 millones de pesos y hoy fue inaugurada.&nbsp;<\/p>\n\n\n\n<p>Para Francisco I. Madero&nbsp;<\/p>\n\n\n\n<p>+ La construcci\u00f3n de la Presidencia Municipal, la inversi\u00f3n es de 23.8 millones de pesos y presenta un 33 por ciento de avance.<\/p>\n\n\n\n<p>+ La rehabilitaci\u00f3n de carretera a Finisterre, el recurso destinado es de 11.8 millones y se encuentra en proceso.<\/p>\n\n\n\n<p>Para Matamoros<\/p>\n\n\n\n<p>+ La pavimentaci\u00f3n asf\u00e1ltica en diversas calles, con 3.2 millones y est\u00e1 en espera el oficio de autorizaci\u00f3n.&nbsp;<\/p>\n\n\n\n<p>+&nbsp;&nbsp;La pavimentaci\u00f3n del camino al cuartel en la zona urbana, con 8.0 millones de inyecci\u00f3n y se encuentra en proceso.<\/p>\n\n\n\n<p>Para San Pedro<\/p>\n\n\n\n<p>+ La remodelaci\u00f3n del Gimnasio Municipal, con una inyecci\u00f3n de 5.5 millones de pesos y est\u00e1 al 98 por ciento.<\/p>\n\n\n\n<p>+ La construcci\u00f3n de techumbre en el Instituto de Estudios Superiores Ignacio Zaragoza, con 4.2 millones de pesos y presenta un 5 por ciento de avance.<\/p>\n\n\n\n<p>Para Viesca<\/p>\n\n\n\n<p>+ La rehabilitaci\u00f3n de las calles en la cabecera municipal, 6.5 millones de pesos es el recurso, esto en una segunda etapa y est\u00e1 en proceso.<\/p>\n\n\n\n<p>AVANCES DEL SV4C<\/p>\n\n\n\n<p>De la misma manera, comparti\u00f3 los avances del Sistema Vial Cuatro Caminos (SV4C), al comentar que al momento van 147 pilotes colados y 228 habilitados y armados.&nbsp;<\/p>\n\n\n\n<p>En la semana del 20 al 25 de junio se coloc\u00f3 la se\u00f1alizaci\u00f3n previa al cambio de sentido de la calle R\u00edo Nazas.<\/p>\n\n\n\n<p>Se retiraron y reubicaron \u00e1rboles para la habilitaci\u00f3n de la vuelta a izquierda de la calle R\u00edo Lerma, se habilit\u00f3 esta r\u00faa.<\/p>\n\n\n\n<p>Hubo un refuerzo preventivo de talud con malla y concreto lanzado, habilitado y armado de pilotes, traslado de los mismos al sitio de la construcci\u00f3n.&nbsp;<\/p>\n\n\n\n<p>Se perfor\u00f3 la gu\u00eda para pilotes previo al hincado de ademe met\u00e1lico, carga y retiro de material procedente de perforaci\u00f3n de pilotes, izaje e hincado de ademe met\u00e1lico por medio de rotaci\u00f3n, toma de muestras de cilindros de concreto para pruebas en laboratorio y colado de pilotes con tubo tremie, como lo m\u00e1s destacado.<\/p>\n\n\n\n<p>Para quien desee conocer m\u00e1s sobre los avances invit\u00f3 a visitar la p\u00e1gina <a href=\"http:\/\/www.sv4c.mx\/\">www.sv4c.mx<\/a><\/p>\n\n\n\n<p>A la sesi\u00f3n del Subcomit\u00e9 Laguna asistieron, tambi\u00e9n, Luis Gurza Jaidar, Administrador General de Recaudaci\u00f3n de la Secretar\u00eda de Finanzas y coordinador de la Mesa Operativa de este Subcomit\u00e9 de Salud; as\u00ed como los alcaldes Rom\u00e1n Alberto Cepeda Gonz\u00e1lez, de Torre\u00f3n; Miguel \u00c1ngel Ram\u00edrez L\u00f3pez, de Matamoros; Hilario Escobedo de la Paz, de Viesca, y El\u00edas Portillo V\u00e1zquez, de Sierra Mojada.<\/p>\n\n\n\n<p>Representantes de la XI Regi\u00f3n Militar, del Hospital Militar y del Mando Especial de La Laguna.<\/p>\n\n\n\n<p>As\u00ed como servidores p\u00fablicos estatales y municipales de la Regi\u00f3n Laguna, representantes de empresas, de comercios, de universidades, de clubes deportivos profesionales y de nosocomios p\u00fablicos y privados.<\/p>\n","protected":false},"excerpt":{"rendered":"<p>\u00b7&nbsp;&nbsp;&nbsp;&nbsp;&nbsp;&nbsp;Adem\u00e1s, pide gobernador Miguel Riquelme seguir siendo cautelosos en el tema de contagios. Torre\u00f3n, Coahuila de Zaragoza; a 27 de Junio de 2022.- En la que fue la reuni\u00f3n n\u00famero 100 del Subcomit\u00e9 T\u00e9cnico Regional Covid-19 Laguna, el gobernador Miguel \u00c1ngel Riquelme Sol\u00eds anunci\u00f3 que dentro de 15 d\u00edas se presentar\u00e1 el cronograma de avance [&hellip;]<\/p>\n","protected":false},"author":1,"featured_media":21676,"comment_status":"closed","ping_status":"closed","sticky":false,"template":"","format":"standard","meta":{"footnotes":""},"categories":[21],"tags":[],"class_list":["post-21675","post","type-post","status-publish","format-standard","has-post-thumbnail","hentry","category-coahuila"],"_links":{"self":[{"href":"https:\/\/elperiodicodesaltillo.com\/wp\/wp-json\/wp\/v2\/posts\/21675","targetHints":{"allow":["GET"]}}],"collection":[{"href":"https:\/\/elperiodicodesaltillo.com\/wp\/wp-json\/wp\/v2\/posts"}],"about":[{"href":"https:\/\/elperiodicodesaltillo.com\/wp\/wp-json\/wp\/v2\/types\/post"}],"author":[{"embeddable":true,"href":"https:\/\/elperiodicodesaltillo.com\/wp\/wp-json\/wp\/v2\/users\/1"}],"replies":[{"embeddable":true,"href":"https:\/\/elperiodicodesaltillo.com\/wp\/wp-json\/wp\/v2\/comments?post=21675"}],"version-history":[{"count":1,"href":"https:\/\/elperiodicodesaltillo.com\/wp\/wp-json\/wp\/v2\/posts\/21675\/revisions"}],"predecessor-version":[{"id":21677,"href":"https:\/\/elperiodicodesaltillo.com\/wp\/wp-json\/wp\/v2\/posts\/21675\/revisions\/21677"}],"wp:featuredmedia":[{"embeddable":true,"href":"https:\/\/elperiodicodesaltillo.com\/wp\/wp-json\/wp\/v2\/media\/21676"}],"wp:attachment":[{"href":"https:\/\/elperiodicodesaltillo.com\/wp\/wp-json\/wp\/v2\/media?parent=21675"}],"wp:term":[{"taxonomy":"category","embeddable":true,"href":"https:\/\/elperiodicodesaltillo.com\/wp\/wp-json\/wp\/v2\/categories?post=21675"},{"taxonomy":"post_tag","embeddable":true,"href":"https:\/\/elperiodicodesaltillo.com\/wp\/wp-json\/wp\/v2\/tags?post=21675"}],"curies":[{"name":"wp","href":"https:\/\/api.w.org\/{rel}","templated":true}]}}