{"id":21832,"date":"2022-07-05T23:09:00","date_gmt":"2022-07-05T23:09:00","guid":{"rendered":"https:\/\/elperiodicodesaltillo.com\/wp\/?p=21832"},"modified":"2022-07-27T23:11:32","modified_gmt":"2022-07-27T23:11:32","slug":"coahuila-mantiene-su-desarrollo-economico-y-la-inversion-en-obras-publicas-mars","status":"publish","type":"post","link":"https:\/\/elperiodicodesaltillo.com\/wp\/2022\/07\/05\/coahuila-mantiene-su-desarrollo-economico-y-la-inversion-en-obras-publicas-mars\/","title":{"rendered":"COAHUILA MANTIENE SU DESARROLLO EC\u00d3NOMICO Y LA INVERSI\u00d3N EN OBRAS P\u00daBLICAS: MARS"},"content":{"rendered":"\n<p>\u2022 Da gobernador Miguel Riquelme arranque al Puente Vehicular Antiguo Camino a General Cepeda, en beneficio de m\u00e1s de 20 mil saltillenses<\/p>\n\n\n\n<p>Saltillo, Coahuila de Zaragoza; a 5 de Julio de 2022.- En beneficio de 20 mil saltillenses de forma directa, el gobernador Miguel \u00c1ngel Riquelme Sol\u00eds dio el arranque del nuevo Puente Vehicular Antiguo Camino a General Cepeda, donde se invierte una cifra superior a los 5 millones de pesos.<\/p>\n\n\n<div class=\"wp-block-image\">\n<figure class=\"aligncenter size-full is-resized\"><img loading=\"lazy\" decoding=\"async\" src=\"https:\/\/elperiodicodesaltillo.com\/wp\/wp-content\/uploads\/2022\/07\/coahuilaobrass.jpg\" alt=\"\" class=\"wp-image-21833\" width=\"512\" height=\"341\" srcset=\"https:\/\/elperiodicodesaltillo.com\/wp\/wp-content\/uploads\/2022\/07\/coahuilaobrass.jpg 1024w, https:\/\/elperiodicodesaltillo.com\/wp\/wp-content\/uploads\/2022\/07\/coahuilaobrass-300x200.jpg 300w, https:\/\/elperiodicodesaltillo.com\/wp\/wp-content\/uploads\/2022\/07\/coahuilaobrass-768x512.jpg 768w, https:\/\/elperiodicodesaltillo.com\/wp\/wp-content\/uploads\/2022\/07\/coahuilaobrass-696x464.jpg 696w, https:\/\/elperiodicodesaltillo.com\/wp\/wp-content\/uploads\/2022\/07\/coahuilaobrass-631x420.jpg 631w\" sizes=\"auto, (max-width: 512px) 100vw, 512px\" \/><\/figure>\n<\/div>\n\n\n<p>La obra beneficiar\u00e1 de manera directa y dar\u00e1 una soluci\u00f3n a una problem\u00e1tica de m\u00e1s de 24 a\u00f1os a los ciudadanos de las colonias \u00c1lamo I, \u00c1lamo II, 23 de Noviembre, Ampliaci\u00f3n 23 de Noviembre, Nueva Jerusal\u00e9n, Diana Laura, Aguanueva, Julieta P\u00e9rez y del Ejido Rinc\u00f3n de los Pastores.<\/p>\n\n\n\n<p>Riquelme Sol\u00eds destac\u00f3 el trabajo en conjunto que se realiza con el Municipio de Saltillo, y que en semanas pr\u00f3ximas se realizar\u00e1 el anuncio de inversi\u00f3n de 500 millones de pesos en obras p\u00fablicas para la localidad.<\/p>\n\n\n\n<p>\u201cMe quiero comprometer a lo que nos toca hacer, a garantizar la seguridad de Saltillo y de Coahuila; a lo que nos toca hacer, que es seguir generando empleos para que puedan vivir mejor y puedan tener las oportunidades a las que estamos aspirando cada quien\u201d, declar\u00f3.<\/p>\n\n\n\n<p>El Gobernador se\u00f1al\u00f3 que seguir\u00e1 en la misma ruta del desarrollo econ\u00f3mico para Coahuila en la atracci\u00f3n de inversiones, y con ello la generaci\u00f3n de empleos formales y la creaci\u00f3n de oportunidades para todos los coahuilenses.<\/p>\n\n\n\n<p>En su intervenci\u00f3n, el Alcalde de Saltillo, Jos\u00e9 Mar\u00eda Fraustro Siller, expuso: \u201cSe invierten 150 millones de pesos en obras del Primer Marat\u00f3n de Obras \u2018Saltillo Nos Une\u2019, con el apoyo del gobernador Miguel Riquelme, que benefician a miles de personas de las \u00e1reas urbana y rural\u201d.<\/p>\n\n\n\n<p>En su intervenci\u00f3n, el Director de Desarrollo Social, An\u00edbal Sober\u00f3n Rodr\u00edguez, dio la explicaci\u00f3n t\u00e9cnica de la obra, donde se construir\u00e1n m\u00e1s de 6 mil metros cuadrados y contar\u00e1 con dos carriles y banquetas.<\/p>\n\n\n\n<p>Una de las beneficiarias, la se\u00f1ora Margarita Coronado Calder\u00f3n, agradeci\u00f3 el apoyo de las autoridades y dar inicio a la construcci\u00f3n del puente vehicular, pues con esto se soluciona una problem\u00e1tica de muchos a\u00f1os, que se agravaba en la temporada de lluvias.<\/p>\n\n\n\n<p>En el evento se cont\u00f3 con la presencia de Jaime Bueno Zertuche, diputado federal; Alvaro Moreira Vald\u00e9s, diputado local; el Secretario de Infraestructura, Desarrollo Urbano y Movilidad del Estado, Miguel \u00c1ngel Algara Acosta; el Subsecretario de Bienestar, Gabriel Elizondo P\u00e9rez, y Mar\u00eda Mayela Hern\u00e1ndez Vald\u00e9s, regidora y presidenta de la Comisi\u00f3n de Planeaci\u00f3n, Urbanismo, Obras P\u00fablicas y Centro Hist\u00f3rico de Saltillo.<\/p>\n","protected":false},"excerpt":{"rendered":"<p>\u2022 Da gobernador Miguel Riquelme arranque al Puente Vehicular Antiguo Camino a General Cepeda, en beneficio de m\u00e1s de 20 mil saltillenses Saltillo, Coahuila de Zaragoza; a 5 de Julio de 2022.- En beneficio de 20 mil saltillenses de forma directa, el gobernador Miguel \u00c1ngel Riquelme Sol\u00eds dio el arranque del nuevo Puente Vehicular Antiguo [&hellip;]<\/p>\n","protected":false},"author":1,"featured_media":21833,"comment_status":"closed","ping_status":"closed","sticky":false,"template":"","format":"standard","meta":{"footnotes":""},"categories":[21],"tags":[],"class_list":["post-21832","post","type-post","status-publish","format-standard","has-post-thumbnail","hentry","category-coahuila"],"_links":{"self":[{"href":"https:\/\/elperiodicodesaltillo.com\/wp\/wp-json\/wp\/v2\/posts\/21832","targetHints":{"allow":["GET"]}}],"collection":[{"href":"https:\/\/elperiodicodesaltillo.com\/wp\/wp-json\/wp\/v2\/posts"}],"about":[{"href":"https:\/\/elperiodicodesaltillo.com\/wp\/wp-json\/wp\/v2\/types\/post"}],"author":[{"embeddable":true,"href":"https:\/\/elperiodicodesaltillo.com\/wp\/wp-json\/wp\/v2\/users\/1"}],"replies":[{"embeddable":true,"href":"https:\/\/elperiodicodesaltillo.com\/wp\/wp-json\/wp\/v2\/comments?post=21832"}],"version-history":[{"count":1,"href":"https:\/\/elperiodicodesaltillo.com\/wp\/wp-json\/wp\/v2\/posts\/21832\/revisions"}],"predecessor-version":[{"id":21834,"href":"https:\/\/elperiodicodesaltillo.com\/wp\/wp-json\/wp\/v2\/posts\/21832\/revisions\/21834"}],"wp:featuredmedia":[{"embeddable":true,"href":"https:\/\/elperiodicodesaltillo.com\/wp\/wp-json\/wp\/v2\/media\/21833"}],"wp:attachment":[{"href":"https:\/\/elperiodicodesaltillo.com\/wp\/wp-json\/wp\/v2\/media?parent=21832"}],"wp:term":[{"taxonomy":"category","embeddable":true,"href":"https:\/\/elperiodicodesaltillo.com\/wp\/wp-json\/wp\/v2\/categories?post=21832"},{"taxonomy":"post_tag","embeddable":true,"href":"https:\/\/elperiodicodesaltillo.com\/wp\/wp-json\/wp\/v2\/tags?post=21832"}],"curies":[{"name":"wp","href":"https:\/\/api.w.org\/{rel}","templated":true}]}}