{"id":22280,"date":"2022-08-29T12:58:00","date_gmt":"2022-08-29T12:58:00","guid":{"rendered":"https:\/\/elperiodicodesaltillo.com\/wp\/?p=22280"},"modified":"2022-08-30T12:59:35","modified_gmt":"2022-08-30T12:59:35","slug":"arranca-riquelme-y-roman-construccion-de-drenaje-pluvial-en-la-region-laguna","status":"publish","type":"post","link":"https:\/\/elperiodicodesaltillo.com\/wp\/2022\/08\/29\/arranca-riquelme-y-roman-construccion-de-drenaje-pluvial-en-la-region-laguna\/","title":{"rendered":"<strong>ARRANCA RIQUELME Y ROMAN CONSTRUCCI\u00d3N DE DRENAJE PLUVIAL EN LA REGI\u00d3N LAGUNA<\/strong>"},"content":{"rendered":"\n<p>\u00b7&nbsp;&nbsp;&nbsp;&nbsp;&nbsp; <strong><em>La inversi\u00f3n es de 10 mdp para beneficiar a 3 mil 500 ciudadanos, destaca el gobernador Miguel Riquelme<\/em><\/strong><\/p>\n\n\n\n<p>Torre\u00f3n, Coahuila de Zaragoza; a 29 de Agosto de 2022.- El gobernador Miguel \u00c1ngel Riquelme Sol\u00eds dio el banderazo de arranque de la construcci\u00f3n del drenaje pluvial en la Colonia Villa Florida, de esta ciudad, que beneficiar\u00e1 a m\u00e1s de 3 mil 500 ciudadanos y cuya inversi\u00f3n es de 10 millones de pesos.<\/p>\n\n\n\n<p>El Mandatario estatal reconoci\u00f3 a Rom\u00e1n Alberto Cepeda, Alcalde de Torre\u00f3n, el trabajo coordinado para cumplir su palabra, y una de las expectativas de esta colonia.<\/p>\n\n\n<div class=\"wp-block-image\">\n<figure class=\"aligncenter size-large is-resized\"><img loading=\"lazy\" decoding=\"async\" src=\"https:\/\/elperiodicodesaltillo.com\/wp\/wp-content\/uploads\/2022\/08\/drenaje-1024x682.jpg\" alt=\"\" class=\"wp-image-22281\" width=\"512\" height=\"341\" srcset=\"https:\/\/elperiodicodesaltillo.com\/wp\/wp-content\/uploads\/2022\/08\/drenaje-1024x682.jpg 1024w, https:\/\/elperiodicodesaltillo.com\/wp\/wp-content\/uploads\/2022\/08\/drenaje-300x200.jpg 300w, https:\/\/elperiodicodesaltillo.com\/wp\/wp-content\/uploads\/2022\/08\/drenaje-768x512.jpg 768w, https:\/\/elperiodicodesaltillo.com\/wp\/wp-content\/uploads\/2022\/08\/drenaje-696x464.jpg 696w, https:\/\/elperiodicodesaltillo.com\/wp\/wp-content\/uploads\/2022\/08\/drenaje-1068x712.jpg 1068w, https:\/\/elperiodicodesaltillo.com\/wp\/wp-content\/uploads\/2022\/08\/drenaje-630x420.jpg 630w, https:\/\/elperiodicodesaltillo.com\/wp\/wp-content\/uploads\/2022\/08\/drenaje.jpg 1280w\" sizes=\"auto, (max-width: 512px) 100vw, 512px\" \/><\/figure>\n<\/div>\n\n\n<p>Insisti\u00f3 que la Administraci\u00f3n Municipal est\u00e1 enfocada en resolver las principales demandas de las y los torreonenses: \u201cHoy, arrancamos una obra con mucho sentido social, porque quien compra una vivienda, lo que busca es vivir mejor\u201d.<\/p>\n\n\n\n<p>Riquelme Sol\u00eds advirti\u00f3 que buscan, de la mano con Torre\u00f3n, dar soluci\u00f3n a la infraestructura vial, y ser\u00e1 antes de que termine su Administraci\u00f3n cuando le d\u00e9 soluci\u00f3n a este problema.<\/p>\n\n\n\n<p>\u201cCada semana arrancamos una obra. Me gustar\u00eda destacar la Administraci\u00f3n de Rom\u00e1n Cepeda, ya llevamos tres pozos inaugurados, est\u00e1 pasando el tiempo de calor y eso nos permite darle mantenimiento a los existentes\u201d, mencion\u00f3, al tiempo de reiterar que continuar\u00e1n trabajando por Torre\u00f3n.<\/p>\n\n\n\n<p>Por su parte, Rom\u00e1n Cepeda Gonz\u00e1lez, Alcalde de Torre\u00f3n, al dar la bienvenida tambi\u00e9n agradeci\u00f3 el respaldo del Gobierno Estatal por su colaboraci\u00f3n para dar inicio a esta obra de 10 millones de pesos.<\/p>\n\n\n\n<p>\u201cQuiero agradecer al gobernador Miguel Riquelme ya que con la colaboraci\u00f3n podemos cristalizar proyectos como \u00e9ste\u201d, expres\u00f3.<\/p>\n\n\n\n<p>Juan Adolfo Von Bertrab Saracho, Director General de Obras P\u00fablicas, anunci\u00f3 que esta acci\u00f3n resolver\u00e1 el problema de las inundaciones en el sector, y se beneficiar\u00e1 a 3 mil 500 ciudadanos.<\/p>\n\n\n\n<p>Explic\u00f3 que esta obra consiste en m\u00e1s de mil 300 metros de tuber\u00eda para drenaje pluvial de 18 a 24 pulgadas de di\u00e1metro, con una estructura de acero, con controles para el equipo de bombas.<\/p>\n\n\n\n<p>Adem\u00e1s de dos (bombas) sumergibles de 50 caballos de potencia cada una, perforaci\u00f3n direccional de polietileno de alta densidad para pasar el bulevar Nogalera, descargar en el canal en tuber\u00eda de acero de 14 pulgadas.<\/p>\n\n\n\n<p>Con una subestaci\u00f3n el\u00e9ctrica de 112, con m\u00e1s de 17 pozos de visita en toda la Colonia Villa Florida, puntualiz\u00f3.<\/p>\n\n\n\n<p>A nombre de los beneficiarios, Nohem\u00ed Vega Rubio agradeci\u00f3 que hoy ven el arranque de una obra que, en esta Administraci\u00f3n Municipal y la Estatal, recibi\u00f3 una pronta respuesta.<\/p>\n\n\n\n<p>\u201cHace poco vinieron a inaugurar la caseta, aqu\u00ed les agradecemos el voltear a Villa Florida para hacer realidad el drenaje pluvial que evitar\u00e1 las inundaciones\u201d, mencion\u00f3.<\/p>\n\n\n\n<p>Al evento, celebrado al norte de Torre\u00f3n, tambi\u00e9n acudieron Jos\u00e9 Antonio Guti\u00e9rrez Jard\u00f3n, diputado federal; Olivia Mart\u00ednez Leyva, diputada local; Omar Morales Rodr\u00edguez, regidor del Ayuntamiento de Torre\u00f3n; as\u00ed como otros funcionarios estatales, municipales y vecinos del sector.<\/p>\n","protected":false},"excerpt":{"rendered":"<p>\u00b7&nbsp;&nbsp;&nbsp;&nbsp;&nbsp; La inversi\u00f3n es de 10 mdp para beneficiar a 3 mil 500 ciudadanos, destaca el gobernador Miguel Riquelme Torre\u00f3n, Coahuila de Zaragoza; a 29 de Agosto de 2022.- El gobernador Miguel \u00c1ngel Riquelme Sol\u00eds dio el banderazo de arranque de la construcci\u00f3n del drenaje pluvial en la Colonia Villa Florida, de esta ciudad, que [&hellip;]<\/p>\n","protected":false},"author":1,"featured_media":22281,"comment_status":"closed","ping_status":"closed","sticky":false,"template":"","format":"standard","meta":{"footnotes":""},"categories":[21],"tags":[],"class_list":["post-22280","post","type-post","status-publish","format-standard","has-post-thumbnail","hentry","category-coahuila"],"_links":{"self":[{"href":"https:\/\/elperiodicodesaltillo.com\/wp\/wp-json\/wp\/v2\/posts\/22280","targetHints":{"allow":["GET"]}}],"collection":[{"href":"https:\/\/elperiodicodesaltillo.com\/wp\/wp-json\/wp\/v2\/posts"}],"about":[{"href":"https:\/\/elperiodicodesaltillo.com\/wp\/wp-json\/wp\/v2\/types\/post"}],"author":[{"embeddable":true,"href":"https:\/\/elperiodicodesaltillo.com\/wp\/wp-json\/wp\/v2\/users\/1"}],"replies":[{"embeddable":true,"href":"https:\/\/elperiodicodesaltillo.com\/wp\/wp-json\/wp\/v2\/comments?post=22280"}],"version-history":[{"count":1,"href":"https:\/\/elperiodicodesaltillo.com\/wp\/wp-json\/wp\/v2\/posts\/22280\/revisions"}],"predecessor-version":[{"id":22282,"href":"https:\/\/elperiodicodesaltillo.com\/wp\/wp-json\/wp\/v2\/posts\/22280\/revisions\/22282"}],"wp:featuredmedia":[{"embeddable":true,"href":"https:\/\/elperiodicodesaltillo.com\/wp\/wp-json\/wp\/v2\/media\/22281"}],"wp:attachment":[{"href":"https:\/\/elperiodicodesaltillo.com\/wp\/wp-json\/wp\/v2\/media?parent=22280"}],"wp:term":[{"taxonomy":"category","embeddable":true,"href":"https:\/\/elperiodicodesaltillo.com\/wp\/wp-json\/wp\/v2\/categories?post=22280"},{"taxonomy":"post_tag","embeddable":true,"href":"https:\/\/elperiodicodesaltillo.com\/wp\/wp-json\/wp\/v2\/tags?post=22280"}],"curies":[{"name":"wp","href":"https:\/\/api.w.org\/{rel}","templated":true}]}}