{"id":22746,"date":"2022-09-21T16:58:00","date_gmt":"2022-09-21T16:58:00","guid":{"rendered":"https:\/\/elperiodicodesaltillo.com\/wp\/?p=22746"},"modified":"2022-09-22T16:59:33","modified_gmt":"2022-09-22T16:59:33","slug":"para-coahuila-el-ejercito-mexicano-es-valioso-y-tiene-mi-voto-de-confianza-mars","status":"publish","type":"post","link":"https:\/\/elperiodicodesaltillo.com\/wp\/2022\/09\/21\/para-coahuila-el-ejercito-mexicano-es-valioso-y-tiene-mi-voto-de-confianza-mars\/","title":{"rendered":"<strong>PARA COAHUILA, EL EJ\u00c9RCITO MEXICANO ES VALIOSO Y TIENE MI VOTO DE CONFIANZA: MARS<\/strong>"},"content":{"rendered":"\n<p>\u00b7&nbsp;&nbsp;&nbsp;&nbsp;&nbsp; <strong><em>&nbsp;El gobernador Miguel Riquelme expres\u00f3 que otras entidades deber\u00edan ver el trabajo coordinado del Estado con las Fuerzas Armadas, y espera que su permanencia en las calles&nbsp; se apruebe tambi\u00e9n en el Senado de la Rep\u00fablica.<\/em><\/strong><\/p>\n\n\n\n<p>Saltillo, Coahuila de Zaragoza.- \u201cPorque&nbsp; en los cuarteles y en las calles se la han jugado con los coahuilenses\u201d, el gobernador Miguel \u00c1ngel Riquelme Sol\u00eds asegur\u00f3 que como resultado de su alianza estrat\u00e9gica con las Fuerzas Armadas, Coahuila es diferente y aqu\u00ed s\u00ed se&nbsp; tienen resultados efectivos en materia de seguridad.<\/p>\n\n\n\n<figure class=\"wp-block-image size-large\"><img loading=\"lazy\" decoding=\"async\" width=\"1024\" height=\"682\" src=\"https:\/\/elperiodicodesaltillo.com\/wp\/wp-content\/uploads\/2022\/09\/ejercito-1024x682.jpg\" alt=\"\" class=\"wp-image-22747\" srcset=\"https:\/\/elperiodicodesaltillo.com\/wp\/wp-content\/uploads\/2022\/09\/ejercito-1024x682.jpg 1024w, https:\/\/elperiodicodesaltillo.com\/wp\/wp-content\/uploads\/2022\/09\/ejercito-300x200.jpg 300w, https:\/\/elperiodicodesaltillo.com\/wp\/wp-content\/uploads\/2022\/09\/ejercito-768x512.jpg 768w, https:\/\/elperiodicodesaltillo.com\/wp\/wp-content\/uploads\/2022\/09\/ejercito-696x464.jpg 696w, https:\/\/elperiodicodesaltillo.com\/wp\/wp-content\/uploads\/2022\/09\/ejercito-1068x712.jpg 1068w, https:\/\/elperiodicodesaltillo.com\/wp\/wp-content\/uploads\/2022\/09\/ejercito-630x420.jpg 630w, https:\/\/elperiodicodesaltillo.com\/wp\/wp-content\/uploads\/2022\/09\/ejercito.jpg 1280w\" sizes=\"auto, (max-width: 1024px) 100vw, 1024px\" \/><\/figure>\n\n\n\n<p>A horas de que el Senado de la Rep\u00fablica debata y apruebe la modificaci\u00f3n a las leyes para que las&nbsp; Fuerzas Armadas prolonguen hasta el a\u00f1o 2028 su permanencia en tareas de seguridad p\u00fablica en M\u00e9xico, el Mandatario coahuilense expres\u00f3 su respaldo y confianza de que se d\u00e9 la aprobaci\u00f3n de parte de los legisladores.<\/p>\n\n\n\n<p>\u201cDe lo contrario, con qu\u00e9 les salgo a los coahuilenses, si me dicen que el Ej\u00e9rcito se regresa a los cuarteles y que s\u00f3lo pueden salir a atender desastres. Si bien es cierto actualmente los traen en otras funciones, su labor debe ser&nbsp; principalmente la seguridad\u201d, dijo.<\/p>\n\n\n\n<p>Sostuvo que aunque el primer respondiente es la Polic\u00eda Municipal y luego la Estatal, lo que Coahuila busca es el Ej\u00e9rcito en Coahuila, actuando y con todas las facultades necesarias para poder apoyar a las fuerzas del orden, a fin de continuar manteniendo el clima de seguridad y trabajo que se ha logrado en bien de las familias y los sectores productivos.<\/p>\n\n\n\n<p>Coment\u00f3 que su postura ha sido clara y no de ahora, sin regateo de los m\u00e9ritos de la instituci\u00f3n armada, y no por ocurrencias, sino con una visi\u00f3n de Estado en la aplicaci\u00f3n de la estrategia y coordinaci\u00f3n con que, en forma conjunta, se ha construido la seguridad con el Ej\u00e9rcito Mexicano, tarea que se eval\u00faa d\u00eda con d\u00eda.<\/p>\n\n\n\n<p>\u201cY en ese sentido se dio el voto de los diputados de Coahuila, porque a veces el voto de los diputados de Coahuila es diferente a los de la Fracci\u00f3n Parlamentaria, pero en esta ocasi\u00f3n el Ej\u00e9rcito Mexicano para Coahuila es valioso\u201d.<\/p>\n\n\n\n<p>Con relaci\u00f3n a la pol\u00e9mica&nbsp; sobre prolongar hasta el 2028 la permanencia del Ej\u00e9rcito en las labores de seguridad, el gobernador Miguel Riquelme pidi\u00f3 a los legisladores que se oponen a esta medida no politizar el tema, y a que vean que&nbsp; justo en los estados de donde ellos son, es donde se registran altas tasas de homicidios.<\/p>\n\n\n\n<p>Al mismo tiempo, el Gobernador expuso que puede haber distintos pensamientos en relaci\u00f3n a lo que ocurre y va a ocurrir en el Pa\u00eds, pero en el tema de las Fuerzas Armadas, es una necesidad contar con un esquema de participaci\u00f3n de \u00e9stas hasta en tanto el Estado&nbsp; est\u00e9 en condiciones de mantener segura a la poblaci\u00f3n\u201d.<\/p>\n\n\n\n<p>Tras insistir en su postura a favor de que el Ej\u00e9rcito Mexicano siga apoyando a la entidad en vez de regresarlos a los cuarteles, dej\u00f3 en claro: \u201cEsa&nbsp; es mi postura, y si esto tuvo&nbsp; discrepancia en la Alianza con los partidos PAN y PRD, espera que se privilegie el di\u00e1logo, porque en lo pol\u00edtico no creo que se est\u00e9 causando ning\u00fan perjuicio a la Constituci\u00f3n, y en la parte del respeto a los Derechos Humanos eso lo debemos de cuidar en cada entidad\u201d.<\/p>\n\n\n\n<p>Sobre el mismo tema de seguridad, Miguel Riquelme hizo un llamado al Gobierno Federal para que regrese los recursos a Estados y Municipios de manera que se pueda reforzar la seguridad con la compra de armas, patrullas y la capacitaci\u00f3n de las Polic\u00edas.<\/p>\n","protected":false},"excerpt":{"rendered":"<p>\u00b7&nbsp;&nbsp;&nbsp;&nbsp;&nbsp; &nbsp;El gobernador Miguel Riquelme expres\u00f3 que otras entidades deber\u00edan ver el trabajo coordinado del Estado con las Fuerzas Armadas, y espera que su permanencia en las calles&nbsp; se apruebe tambi\u00e9n en el Senado de la Rep\u00fablica. Saltillo, Coahuila de Zaragoza.- \u201cPorque&nbsp; en los cuarteles y en las calles se la han jugado con los [&hellip;]<\/p>\n","protected":false},"author":1,"featured_media":22747,"comment_status":"closed","ping_status":"closed","sticky":false,"template":"","format":"standard","meta":{"footnotes":""},"categories":[21],"tags":[],"class_list":["post-22746","post","type-post","status-publish","format-standard","has-post-thumbnail","hentry","category-coahuila"],"_links":{"self":[{"href":"https:\/\/elperiodicodesaltillo.com\/wp\/wp-json\/wp\/v2\/posts\/22746","targetHints":{"allow":["GET"]}}],"collection":[{"href":"https:\/\/elperiodicodesaltillo.com\/wp\/wp-json\/wp\/v2\/posts"}],"about":[{"href":"https:\/\/elperiodicodesaltillo.com\/wp\/wp-json\/wp\/v2\/types\/post"}],"author":[{"embeddable":true,"href":"https:\/\/elperiodicodesaltillo.com\/wp\/wp-json\/wp\/v2\/users\/1"}],"replies":[{"embeddable":true,"href":"https:\/\/elperiodicodesaltillo.com\/wp\/wp-json\/wp\/v2\/comments?post=22746"}],"version-history":[{"count":1,"href":"https:\/\/elperiodicodesaltillo.com\/wp\/wp-json\/wp\/v2\/posts\/22746\/revisions"}],"predecessor-version":[{"id":22748,"href":"https:\/\/elperiodicodesaltillo.com\/wp\/wp-json\/wp\/v2\/posts\/22746\/revisions\/22748"}],"wp:featuredmedia":[{"embeddable":true,"href":"https:\/\/elperiodicodesaltillo.com\/wp\/wp-json\/wp\/v2\/media\/22747"}],"wp:attachment":[{"href":"https:\/\/elperiodicodesaltillo.com\/wp\/wp-json\/wp\/v2\/media?parent=22746"}],"wp:term":[{"taxonomy":"category","embeddable":true,"href":"https:\/\/elperiodicodesaltillo.com\/wp\/wp-json\/wp\/v2\/categories?post=22746"},{"taxonomy":"post_tag","embeddable":true,"href":"https:\/\/elperiodicodesaltillo.com\/wp\/wp-json\/wp\/v2\/tags?post=22746"}],"curies":[{"name":"wp","href":"https:\/\/api.w.org\/{rel}","templated":true}]}}