{"id":22752,"date":"2022-09-21T17:16:00","date_gmt":"2022-09-21T17:16:00","guid":{"rendered":"https:\/\/elperiodicodesaltillo.com\/wp\/?p=22752"},"modified":"2022-09-22T17:17:26","modified_gmt":"2022-09-22T17:17:26","slug":"arranca-marcela-gorgon-mi-fortidesayuno-beneficiaran-a-85-mil-alumnos","status":"publish","type":"post","link":"https:\/\/elperiodicodesaltillo.com\/wp\/2022\/09\/21\/arranca-marcela-gorgon-mi-fortidesayuno-beneficiaran-a-85-mil-alumnos\/","title":{"rendered":"<strong>ARRANCA MARCELA GORG\u00d3N \u2018MI FORTIDESAYUNO\u2019; BENEFICIAR\u00c1N A 85 MIL ALUMNOS<\/strong>"},"content":{"rendered":"\n<p>Matamoros, Coahuila de Zaragoza; 21 de Septiembre de 2022.- La Presidenta Honoraria de DIF Coahuila, Marcela Gorg\u00f3n Carrillo, arranc\u00f3 en el Municipio de Matamoros el programa Mi FortiDesayuno, para el Ciclo Escolar 2022-2023, que beneficiar\u00e1 a 85 mil ni\u00f1as y ni\u00f1os que estudian en el nivel b\u00e1sico.<\/p>\n\n\n\n<p>Adem\u00e1s, entreg\u00f3 una Forti Cocina M\u00f3vil al Ayuntamiento de Matamoros y equipamiento para 7 instituciones educativas de los municipios de Francisco I. Madero, Matamoros, San Pedro, Torre\u00f3n y Viesca, con equipos de cocina (refrigerador, fog\u00f3n, sillas y mesas), con una inversi\u00f3n de m\u00e1s de 831 mil pesos, \u2028<\/p>\n\n\n<div class=\"wp-block-image\">\n<figure class=\"aligncenter size-large is-resized\"><img loading=\"lazy\" decoding=\"async\" src=\"https:\/\/elperiodicodesaltillo.com\/wp\/wp-content\/uploads\/2022\/09\/arranca2-1024x682.jpg\" alt=\"\" class=\"wp-image-22753\" width=\"512\" height=\"341\" srcset=\"https:\/\/elperiodicodesaltillo.com\/wp\/wp-content\/uploads\/2022\/09\/arranca2-1024x682.jpg 1024w, https:\/\/elperiodicodesaltillo.com\/wp\/wp-content\/uploads\/2022\/09\/arranca2-300x200.jpg 300w, https:\/\/elperiodicodesaltillo.com\/wp\/wp-content\/uploads\/2022\/09\/arranca2-768x512.jpg 768w, https:\/\/elperiodicodesaltillo.com\/wp\/wp-content\/uploads\/2022\/09\/arranca2-696x464.jpg 696w, https:\/\/elperiodicodesaltillo.com\/wp\/wp-content\/uploads\/2022\/09\/arranca2-1068x712.jpg 1068w, https:\/\/elperiodicodesaltillo.com\/wp\/wp-content\/uploads\/2022\/09\/arranca2-630x420.jpg 630w, https:\/\/elperiodicodesaltillo.com\/wp\/wp-content\/uploads\/2022\/09\/arranca2.jpg 1280w\" sizes=\"auto, (max-width: 512px) 100vw, 512px\" \/><\/figure>\n<\/div>\n\n\n<p>Gracias al apoyo del gobernador Miguel \u00c1ngel Riquelme Sol\u00eds, durante el presente ciclo escolar se brindar\u00e1n 13 millones de raciones alimentarias en mil 116 planteles educativos.<\/p>\n\n\n\n<p>Al respecto, Marcela Gorg\u00f3n destac\u00f3 que a trav\u00e9s de Mi FortiDesayuno se brindan alimentos de calidad a las y los alumnos de instituciones p\u00fablicas ubicadas en zonas populares del campo y la ciudad, lo que mejora su nutrici\u00f3n y coadyuva a un mejor aprendizaje.<\/p>\n\n\n\n<p>\u201cAdem\u00e1s, apoyamos la econom\u00eda de miles de familias, ya que con este programa las y los ni\u00f1os reciben alimentaci\u00f3n avalada por nuestro equipo de nutri\u00f3logos y los padres de familia pueden economizar en sus gastos\u201d, a\u00f1adi\u00f3.<\/p>\n\n\n\n<p>Acompa\u00f1ada por el Alcalde de Matamoros, Miguel \u00c1ngel Ram\u00edrez L\u00f3pez, as\u00ed como por Martha Claudia Hern\u00e1ndez Jim\u00e9nez, presidenta del DIF Municipal de Matamoros,<\/p>\n\n\n\n<p>Marcela Gorg\u00f3n entreg\u00f3 tambi\u00e9n una de las 24 Forti Cocinas M\u00f3viles que operan en el estado al Jard\u00edn de Ni\u00f1os H\u00e9roes de Chapultepec.<\/p>\n\n\n\n<p>Dichas unidades cuentan con un fog\u00f3n de 6 quemadores, horno de microondas, licuadora industrial, refrigerador, ollas, batidoras, tablas para picar y cuchillos, entre otros enseres, y cuentan con la capacidad de preparar hasta 150 platillos diariamente.<\/p>\n\n\n\n<p>\u201cGracias a estas unidades equipadas, los planteles educativos que brindan desayunos en la modalidad de \u2018fr\u00edos\u2019, y que no cuentan con la infraestructura para cambiar a la modalidad de \u2018calientes\u2019, pueden hacer la transici\u00f3n a este esquema\u201d, agreg\u00f3.<\/p>\n\n\n\n<p>En su momento, el aalcalde de Matamoros, Miguel \u00c1ngel Ram\u00edrez L\u00f3pez, agradeci\u00f3 el apoyo brindado por el gobernador Miguel \u00c1ngel Riquelme Sol\u00eds y por la Presidenta Honoraria del DIF Estatal, Marcela Gorg\u00f3n Carrillo.<\/p>\n\n\n\n<p>Asimismo, enfatiz\u00f3 que el Gobierno Municipal que encabeza seguir\u00e1 colaborando en todos los programas y acciones emprendidos por el DIF Coahuila, ya que gracias a la suma de esfuerzos se atiende con calidad a las personas que m\u00e1s lo necesitan.<\/p>\n\n\n\n<p>En ese marco, se\u00f1al\u00f3 que su Administraci\u00f3n se encuentra trabajando en el fortalecimiento permanente del DIF Municipal.<\/p>\n\n\n\n<p>En su mensaje, Roberto C\u00e1rdenas Zavala, Director General del DIF Coahuila, resalt\u00f3 que la suma de esfuerzos entre el Gobierno del Estado, los 38 ayuntamientos, los padres y madres de familia, as\u00ed como el DIF Nacional, el programa Mi FortiDesayuno juega un papel fundamental para impulsar el aprendizaje de ni\u00f1as y ni\u00f1os que viven en zonas populares.<\/p>\n\n\n\n<p>Apunt\u00f3 que en la vertiente \u201ccalientes\u201d, m\u00e1s de 28 mil ni\u00f1as y ni\u00f1os reciben este beneficio, y que en la vertiente \u201cfr\u00edos\u201d, m\u00e1s de 57 mil ni\u00f1as y ni\u00f1os reciben apoyo alimentario.<\/p>\n\n\n\n<p>V\u00edctor C\u00e1rdenas Zavala, Director de Vigilancia Nutricional, Apoyos Alimentarios y Desarrollo Comunitario, resalt\u00f3 que los men\u00fas que reciben las y los ni\u00f1os en este programa son avalados tanto por el equipo de nutri\u00f3logas y nutri\u00f3logos del DIF Coahuila, as\u00ed como por el DIF Nacional.<\/p>\n\n\n\n<p>En el evento estuvieron presentes Flor Renter\u00eda Medina,<\/p>\n\n\n\n<p>Coordinadora de Servicios Educativos en la Laguna; la maestra Ana Jara Chavarr\u00eda, Directora del Jard\u00edn de Ni\u00f1os H\u00e9roes de Chapultepec; Jos\u00e9 Arturo Rangel Aguirre,&nbsp;<\/p>\n\n\n\n<p>Coordinador de DIF Coahuila en la Regi\u00f3n Laguna, as\u00ed como funcionarios municipales y miembros del Cabildo de Matamoros.<\/p>\n","protected":false},"excerpt":{"rendered":"<p>Matamoros, Coahuila de Zaragoza; 21 de Septiembre de 2022.- La Presidenta Honoraria de DIF Coahuila, Marcela Gorg\u00f3n Carrillo, arranc\u00f3 en el Municipio de Matamoros el programa Mi FortiDesayuno, para el Ciclo Escolar 2022-2023, que beneficiar\u00e1 a 85 mil ni\u00f1as y ni\u00f1os que estudian en el nivel b\u00e1sico. Adem\u00e1s, entreg\u00f3 una Forti Cocina M\u00f3vil al Ayuntamiento [&hellip;]<\/p>\n","protected":false},"author":1,"featured_media":22753,"comment_status":"closed","ping_status":"closed","sticky":false,"template":"","format":"standard","meta":{"footnotes":""},"categories":[21],"tags":[],"class_list":["post-22752","post","type-post","status-publish","format-standard","has-post-thumbnail","hentry","category-coahuila"],"_links":{"self":[{"href":"https:\/\/elperiodicodesaltillo.com\/wp\/wp-json\/wp\/v2\/posts\/22752","targetHints":{"allow":["GET"]}}],"collection":[{"href":"https:\/\/elperiodicodesaltillo.com\/wp\/wp-json\/wp\/v2\/posts"}],"about":[{"href":"https:\/\/elperiodicodesaltillo.com\/wp\/wp-json\/wp\/v2\/types\/post"}],"author":[{"embeddable":true,"href":"https:\/\/elperiodicodesaltillo.com\/wp\/wp-json\/wp\/v2\/users\/1"}],"replies":[{"embeddable":true,"href":"https:\/\/elperiodicodesaltillo.com\/wp\/wp-json\/wp\/v2\/comments?post=22752"}],"version-history":[{"count":1,"href":"https:\/\/elperiodicodesaltillo.com\/wp\/wp-json\/wp\/v2\/posts\/22752\/revisions"}],"predecessor-version":[{"id":22754,"href":"https:\/\/elperiodicodesaltillo.com\/wp\/wp-json\/wp\/v2\/posts\/22752\/revisions\/22754"}],"wp:featuredmedia":[{"embeddable":true,"href":"https:\/\/elperiodicodesaltillo.com\/wp\/wp-json\/wp\/v2\/media\/22753"}],"wp:attachment":[{"href":"https:\/\/elperiodicodesaltillo.com\/wp\/wp-json\/wp\/v2\/media?parent=22752"}],"wp:term":[{"taxonomy":"category","embeddable":true,"href":"https:\/\/elperiodicodesaltillo.com\/wp\/wp-json\/wp\/v2\/categories?post=22752"},{"taxonomy":"post_tag","embeddable":true,"href":"https:\/\/elperiodicodesaltillo.com\/wp\/wp-json\/wp\/v2\/tags?post=22752"}],"curies":[{"name":"wp","href":"https:\/\/api.w.org\/{rel}","templated":true}]}}