{"id":23014,"date":"2022-10-08T13:13:00","date_gmt":"2022-10-08T13:13:00","guid":{"rendered":"https:\/\/elperiodicodesaltillo.com\/wp\/?p=23014"},"modified":"2022-10-10T13:21:52","modified_gmt":"2022-10-10T13:21:52","slug":"coahuila-llega-con-todo-a-la-fil-monterrey-2022-mars","status":"publish","type":"post","link":"https:\/\/elperiodicodesaltillo.com\/wp\/2022\/10\/08\/coahuila-llega-con-todo-a-la-fil-monterrey-2022-mars\/","title":{"rendered":"<strong>COAHUILA LLEGA CON TODO A LA FIL MONTERREY 2022: MARS<\/strong>"},"content":{"rendered":"\n<p>\u00b7&nbsp;&nbsp;&nbsp;&nbsp;&nbsp; <strong><em>+ El gobernador Miguel Riquelme dijo que nuestro Estado estar\u00e1 presente con m\u00e1s de 40 actividades y m\u00e1s de 200 participantes.<\/em><\/strong><\/p>\n\n\n\n<p>Monterrey, Nuevo Le\u00f3n; a 8 de Octubre de 2022.- El gobernador Miguel \u00c1ngel Riquelme Sol\u00eds se\u00f1al\u00f3 que Coahuila llega con todo a la Feria Internacional del Libro Monterrey 2022, que este d\u00eda abri\u00f3 sus puertas al celebrar su Aniversario 30, en el que el nuestro es el Estado Invitado.<\/p>\n\n\n\n<p>\u201cDesde su fundaci\u00f3n, Coahuila y Nuevo Le\u00f3n comparten una larga historia que ha unido a los dos estados en tradiciones gastron\u00f3micas, culturales, art\u00edsticas y literarias\u201d, record\u00f3 el gobernador Miguel Riquelme.<\/p>\n\n\n<div class=\"wp-block-image\">\n<figure class=\"aligncenter size-large is-resized\"><img loading=\"lazy\" decoding=\"async\" src=\"https:\/\/elperiodicodesaltillo.com\/wp\/wp-content\/uploads\/2022\/10\/coahuilafil-1024x683.jpg\" alt=\"\" class=\"wp-image-23015\" width=\"512\" height=\"342\" srcset=\"https:\/\/elperiodicodesaltillo.com\/wp\/wp-content\/uploads\/2022\/10\/coahuilafil-1024x683.jpg 1024w, https:\/\/elperiodicodesaltillo.com\/wp\/wp-content\/uploads\/2022\/10\/coahuilafil-300x200.jpg 300w, https:\/\/elperiodicodesaltillo.com\/wp\/wp-content\/uploads\/2022\/10\/coahuilafil-768x512.jpg 768w, https:\/\/elperiodicodesaltillo.com\/wp\/wp-content\/uploads\/2022\/10\/coahuilafil-696x464.jpg 696w, https:\/\/elperiodicodesaltillo.com\/wp\/wp-content\/uploads\/2022\/10\/coahuilafil-1068x712.jpg 1068w, https:\/\/elperiodicodesaltillo.com\/wp\/wp-content\/uploads\/2022\/10\/coahuilafil-630x420.jpg 630w, https:\/\/elperiodicodesaltillo.com\/wp\/wp-content\/uploads\/2022\/10\/coahuilafil.jpg 1440w\" sizes=\"auto, (max-width: 512px) 100vw, 512px\" \/><\/figure>\n<\/div>\n\n\n<p>Con la presencia de Samuel Garc\u00eda, Gobernador de Nuevo Le\u00f3n; Ana Sof\u00eda Garc\u00eda Camil, Secretaria de Cultura de Coahuila y representante del gobernador Miguel \u00c1ngel Riquelme Sol\u00eds; en la ceremonia inaugural de esta FILM 2022 agradeci\u00f3 a los organizadores la invitaci\u00f3n para celebrar los 30 a\u00f1os de esta FIL Monterrey 2022.<\/p>\n\n\n\n<p>\u201cEn el Gobierno de Coahuila tenemos claro que los libros crean espacios para el di\u00e1logo, la empat\u00eda y la reflexi\u00f3n\u201d, dijo Garc\u00eda Camil.<\/p>\n\n\n\n<p>Este encuentro de las letras se llevar\u00e1 a cabo del 8 al 16 de octubre en el Auditorio Cintermex de Monterrey.<\/p>\n\n\n\n<p>Durante la ceremonia de inauguraci\u00f3n, David Garza Salazar, Rector y presidente ejecutivo del ITESM, as\u00ed como Juan Pablo Murra Lascurain, Rector de Profesional y de Posgrado del ITESM, entregaron un reconocimiento conmemorativo a Coahuila como Estado Invitado de Honor a la FILMty 2022, el cual recibieron Ana Sof\u00eda Garc\u00eda Camil y Jos\u00e9 Mar\u00eda Fraustro Siller, Alcalde de Saltillo.<\/p>\n\n\n\n<p>Consuelo S\u00e1izar, Directora de la Feria, coment\u00f3 que por primera vez en los 30 a\u00f1os de la FILM se tiene un Estado Invitado, y ese es Coahuila, que fue seleccionado por su crecimiento y desarrollo cultural y su vocaci\u00f3n hacia el impulso de las letras.<\/p>\n\n\n\n<p>Inform\u00f3 que para esta FILMty se dise\u00f1\u00f3 un programa literario con los temas Migraci\u00f3n, Post pandemia, y Narrativas de un Nuevo Mundo; y con tres ejes transversales: La Subversi\u00f3n de las Mujeres, Di\u00e1logos del Norte y la Cultura del Agua.<\/p>\n\n\n\n<p>Para la FILMty 2022, el Gobierno de Coahuila, a trav\u00e9s de la Secretar\u00eda de Cultura, prepar\u00f3 un amplio programa integrado por m\u00e1s de 40 actividades y m\u00e1s de 200 participantes, que incluyen presentaciones de libros, di\u00e1logos, eventos&nbsp;art\u00edsticos y acad\u00e9micos, muestras gastron\u00f3micas, degustaciones de los estupendos vinos coahuilenses, as\u00ed como la exhibici\u00f3n de parte de nuestro extraordinario patrimonio paleontol\u00f3gico.<\/p>\n\n\n\n<p>Estas actividades se realizan gracias a la colaboraci\u00f3n entre el Gobierno del Estado, el&nbsp; Municipio de Saltillo, colaboradores y patrocinadores, as\u00ed como del Municipio de Torre\u00f3n.\u2028\u2028Destaca en la FILM el pabell\u00f3n de Coahuila, que&nbsp; tiene una superficie de 200 metros cuadrados, y en \u00e9l se cuenta con la presencia de Vinos de Coahuila, Productores de Sotol, Sarape de Saltillo, producci\u00f3n editorial coahuilense (m\u00e1s de 200 t\u00edtulos en exhibici\u00f3n y venta), Foro inspirado en el Ateneo Fuente de Saltillo, espacio para fotograf\u00edas con la ilustraci\u00f3n de los autores coahuilenses cl\u00e1sicos y la presencia de la reproducci\u00f3n rob\u00f3tica de un Carnotaurus del Museo del Desierto (11 metros de largo, 1.5 metros de ancho y 4 metros de altura).<\/p>\n\n\n\n<p>En esta feria participan 83 escritores coahuilenses, como autores, presentadores y moderadores.<\/p>\n\n\n\n<p>En la parte art\u00edstica, se tendr\u00e1 a la compa\u00f1\u00eda de teatro Luz del Norte, Orquesta Filarm\u00f3nica del Desierto de Coahuila, Compa\u00f1\u00eda de Opera de Saltillo, Big Band de Saltillo, Orquesta Sinf\u00f3nica Juvenil de Torre\u00f3n y Mezquite Compa\u00f1\u00eda de Danza Contempor\u00e1nea de Torre\u00f3n.<\/p>\n\n\n\n<p>En esta ceremonia inuagural estuvieron presentes, adem\u00e1s, Jos\u00e9 Mar\u00eda Fraustro Siller, Presidente Municipal de Saltillo; Mariana Rodr\u00edguez Cant\u00fa, titular honor\u00edfica de AMAR a Nuevo Le\u00f3n; Luis Donaldo Colosio, Presidente Municipal de Monterrey; Melissa Segura, Secretaria de Cultura de Nuevo Le\u00f3n; Hugo Andrea Setzer Letche, presidente del Consejo Directivo de CANIEM (C\u00e1mara Nacional de la Industria Editorial Mexicana); la escritora Gabriela Riveros, y Rodrigo Borja Torres, Director General de Bibliotecas de la Secretar\u00eda de Cultura Federal.<\/p>\n","protected":false},"excerpt":{"rendered":"<p>\u00b7&nbsp;&nbsp;&nbsp;&nbsp;&nbsp; + El gobernador Miguel Riquelme dijo que nuestro Estado estar\u00e1 presente con m\u00e1s de 40 actividades y m\u00e1s de 200 participantes. Monterrey, Nuevo Le\u00f3n; a 8 de Octubre de 2022.- El gobernador Miguel \u00c1ngel Riquelme Sol\u00eds se\u00f1al\u00f3 que Coahuila llega con todo a la Feria Internacional del Libro Monterrey 2022, que este d\u00eda abri\u00f3 [&hellip;]<\/p>\n","protected":false},"author":1,"featured_media":23015,"comment_status":"closed","ping_status":"closed","sticky":false,"template":"","format":"standard","meta":{"footnotes":""},"categories":[21],"tags":[],"class_list":["post-23014","post","type-post","status-publish","format-standard","has-post-thumbnail","hentry","category-coahuila"],"_links":{"self":[{"href":"https:\/\/elperiodicodesaltillo.com\/wp\/wp-json\/wp\/v2\/posts\/23014","targetHints":{"allow":["GET"]}}],"collection":[{"href":"https:\/\/elperiodicodesaltillo.com\/wp\/wp-json\/wp\/v2\/posts"}],"about":[{"href":"https:\/\/elperiodicodesaltillo.com\/wp\/wp-json\/wp\/v2\/types\/post"}],"author":[{"embeddable":true,"href":"https:\/\/elperiodicodesaltillo.com\/wp\/wp-json\/wp\/v2\/users\/1"}],"replies":[{"embeddable":true,"href":"https:\/\/elperiodicodesaltillo.com\/wp\/wp-json\/wp\/v2\/comments?post=23014"}],"version-history":[{"count":1,"href":"https:\/\/elperiodicodesaltillo.com\/wp\/wp-json\/wp\/v2\/posts\/23014\/revisions"}],"predecessor-version":[{"id":23016,"href":"https:\/\/elperiodicodesaltillo.com\/wp\/wp-json\/wp\/v2\/posts\/23014\/revisions\/23016"}],"wp:featuredmedia":[{"embeddable":true,"href":"https:\/\/elperiodicodesaltillo.com\/wp\/wp-json\/wp\/v2\/media\/23015"}],"wp:attachment":[{"href":"https:\/\/elperiodicodesaltillo.com\/wp\/wp-json\/wp\/v2\/media?parent=23014"}],"wp:term":[{"taxonomy":"category","embeddable":true,"href":"https:\/\/elperiodicodesaltillo.com\/wp\/wp-json\/wp\/v2\/categories?post=23014"},{"taxonomy":"post_tag","embeddable":true,"href":"https:\/\/elperiodicodesaltillo.com\/wp\/wp-json\/wp\/v2\/tags?post=23014"}],"curies":[{"name":"wp","href":"https:\/\/api.w.org\/{rel}","templated":true}]}}