{"id":23442,"date":"2022-11-09T17:32:00","date_gmt":"2022-11-09T17:32:00","guid":{"rendered":"https:\/\/elperiodicodesaltillo.com\/wp\/?p=23442"},"modified":"2022-11-11T17:48:03","modified_gmt":"2022-11-11T17:48:03","slug":"inaugura-mars-quinta-planta-y-anuncia-una-mas-de-martinrea-en-coahuila","status":"publish","type":"post","link":"https:\/\/elperiodicodesaltillo.com\/wp\/2022\/11\/09\/inaugura-mars-quinta-planta-y-anuncia-una-mas-de-martinrea-en-coahuila\/","title":{"rendered":"<strong>INAUGURA MARS QUINTA PLANTA Y ANUNCIA UNA M\u00c1S DE MARTINREA EN COAHUILA<\/strong>"},"content":{"rendered":"\n<p>\u00b7&nbsp;&nbsp;&nbsp;&nbsp;&nbsp; <em>&nbsp;Destaca gobernador Miguel Riquelme la relaci\u00f3n comercial que tiene Coahuila con Canad\u00e1.<\/em><\/p>\n\n\n\n<p>Ramos Arizpe, Coahuila de Zaragoza; a 9 de Noviembre de 2022.- La empresa canadiense Martinrea Internacional inaugur\u00f3 este d\u00eda a su quinta planta en Coahuila, en ceremonia que presidi\u00f3 el gobernador Miguel \u00c1ngel Riquelme Sol\u00eds.<\/p>\n\n\n\n<p>En esta nueva planta se invirtieron 45 millones de d\u00f3lares y generar\u00e1 350 empleos directos; est\u00e1 instalada en el Parque Industrial \u201cChuy Mar\u00eda Ram\u00f3n\u201d, en Ramos Arizpe.<\/p>\n\n\n\n<figure class=\"wp-block-image size-large\"><img loading=\"lazy\" decoding=\"async\" width=\"1024\" height=\"679\" src=\"https:\/\/elperiodicodesaltillo.com\/wp\/wp-content\/uploads\/2022\/11\/quinta-1024x679.jpg\" alt=\"\" class=\"wp-image-23443\" srcset=\"https:\/\/elperiodicodesaltillo.com\/wp\/wp-content\/uploads\/2022\/11\/quinta-1024x679.jpg 1024w, https:\/\/elperiodicodesaltillo.com\/wp\/wp-content\/uploads\/2022\/11\/quinta-300x199.jpg 300w, https:\/\/elperiodicodesaltillo.com\/wp\/wp-content\/uploads\/2022\/11\/quinta-768x509.jpg 768w, https:\/\/elperiodicodesaltillo.com\/wp\/wp-content\/uploads\/2022\/11\/quinta-696x462.jpg 696w, https:\/\/elperiodicodesaltillo.com\/wp\/wp-content\/uploads\/2022\/11\/quinta-1068x708.jpg 1068w, https:\/\/elperiodicodesaltillo.com\/wp\/wp-content\/uploads\/2022\/11\/quinta-633x420.jpg 633w, https:\/\/elperiodicodesaltillo.com\/wp\/wp-content\/uploads\/2022\/11\/quinta.jpg 1280w\" sizes=\"auto, (max-width: 1024px) 100vw, 1024px\" \/><\/figure>\n\n\n\n<p>En su mensaje, el Mandatario estatal agradeci\u00f3 a los directivos de Martinrea y les reiter\u00f3 su compromiso de seguir generando las condiciones para que su empresa siga creciendo en Coahuila.<\/p>\n\n\n\n<p>Mencion\u00f3 que la pr\u00f3xima nueva inversi\u00f3n de esta empresa se har\u00e1 en Coahuila, lo que ser\u00eda la sexta planta de Martinrea en la entidad.<\/p>\n\n\n\n<p>Riquelme Sol\u00eds record\u00f3 que Coahuila ha destacado por su mano de obra calificada, por su lealtad laboral y por no haber tenido una sola huelga en 30 a\u00f1os, lo que es garant\u00eda de competitividad.<\/p>\n\n\n\n<p>\u201cHoy somos el tercer Estado m\u00e1s competitivo del Pa\u00eds, pero por el tama\u00f1o y la poblaci\u00f3n deber\u00edamos ser el primero; de igual manera somos el tercer Estado m\u00e1s seguro\u201d, coment\u00f3.<\/p>\n\n\n\n<p>Miguel Riquelme expuso que los indicadores de Coahuila se destacan a nivel nacional e internacional, y reiter\u00f3 su compromiso con Martinrea para que siga invirtiendo en la entidad.<\/p>\n\n\n\n<p>Expres\u00f3 el orgullo de la relaci\u00f3n comercial que tiene Coahuila con Canad\u00e1, y dese\u00f3 que cada vez sea m\u00e1s productiva y con mayores beneficios para nuestra gente.<\/p>\n\n\n\n<p>\u201cTenemos la fortuna de contar con m\u00e1s de 100 empresas provenientes de Canad\u00e1 en nuestro territorio; durante nuestra Administraci\u00f3n han llegado a Coahuila cerca de mil millones de d\u00f3lares de origen canadiense. De esta forma Canad\u00e1 se convierte en el tercer pa\u00eds con mayor inversi\u00f3n extranjera directa durante nuestro Gobierno, y representa el 14 por ciento del total de nuestras inversiones\u201d, inform\u00f3.<\/p>\n\n\n\n<p>\u201cMuchas gracias por confiar en Coahuila\u201d.<\/p>\n\n\n\n<p>De la misma manera, record\u00f3 que el Estado ya rebas\u00f3 la cifra de 50 mil empleos tras la pandemia, lo que es una cifra r\u00e9cord en 2022 para nuestra entidad.<\/p>\n\n\n\n<p>\u201cSomos la sexta entidad con mayor generaci\u00f3n de empleos. Ramos Arizpe se convierte en la ciudad que m\u00e1s empleo ha generado en la entidad, con 11 mil 855\u201d, se\u00f1al\u00f3.<\/p>\n\n\n\n<p>Riquelme Sol\u00eds agradeci\u00f3 a la familia Ram\u00f3n, en cuyo parque est\u00e1 instalada esta planta, por ser grandes promotores de nuestra tierra y grandes aliados de su Gobierno, adem\u00e1s por la generaci\u00f3n de certidumbre.<\/p>\n\n\n\n<p>En su mensaje, Alfredo Alonso, Vicepresidente Ejecutivo de la Unidad de Negocios de Fluidos y Sistemas de Propulsi\u00f3n de la empresa, record\u00f3 que la primera planta de Martinrea en Coahuila se instal\u00f3 hace 20 a\u00f1os en Saltillo, con cerca de 300 empleados, y que de manera sostenida han ido expandiendo sus operaciones en ciudades como Arteaga y Ramos Arizpe.<\/p>\n\n\n\n<p>Destac\u00f3 que a la fecha, en Ramos Arizpe cuentan con m\u00e1s de mil 845 empleados, y que con esta nueva planta crecer\u00e1 esta cifra en 2 mil 195 trabajadores en Ramos Arizpe.<\/p>\n\n\n\n<p>\u201cEn total, en Coahuila (contando la apertura de esta planta) hemos consolidado la presencia de tres unidades de negocios, con un total de cinco plantas y 4 mil 500 empleados\u201d, inform\u00f3.<\/p>\n\n\n\n<p>El directivo agreg\u00f3 que para Martinrea, Coahuila ha sido un lugar para hacer negocios, y destac\u00f3 que el principal punto ha sido la excelente relaci\u00f3n con el Gobierno del Estado, que siempre se ha mostrado en favor del progreso industrial y de las innovaciones en las operaciones.<\/p>\n\n\n\n<p>Record\u00f3 el apoyo y la orientaci\u00f3n que les brind\u00f3 el Gobierno del Estado durante los inicios de la pandemia por Covid-19.<\/p>\n\n\n\n<p>\u201cA trav\u00e9s de esas experiencias sabemos que siempre podemos contar con el equipo del Gobierno del Estado para ayudarnos a hacer frente a adversidades fuera del control como Martinrea\u201d, se\u00f1al\u00f3.<\/p>\n\n\n\n<p>\u201cM\u00e9xico, y especialmente Coahuila, se han caracterizado por poner especial atenci\u00f3n en la educaci\u00f3n y en el desarrollo de las habilidades t\u00e9cnicas de su gente. La alta capacidad y los valores hacen que d\u00eda a d\u00eda podamos fabricar productos de altos est\u00e1ndares para nuestros clientes.<\/p>\n\n\n\n<p>\u201cComo Martinrea, estamos muy contentos y orgullosos de estar en Coahuila\u201d, se\u00f1al\u00f3 Alfredo Alonso.<\/p>\n\n\n\n<p>Asimismo, tanto Rob Wildeboer, presidente ejecutivo del Consejo de Administraci\u00f3n y Co-fundador de Martinrea Internacional, as\u00ed como Pat D \u0301Eramo, presidente y Director General de Martinrea Internacional, coincidieron en que en Coahuila sus operaciones han crecido gracias al apoyo del Gobierno de Miguel Riquelme.<\/p>\n\n\n\n<p>Por su parte, Jos\u00e9 Mar\u00eda Morales Padilla,Alcalde de Ramos Arizpe, coment\u00f3 que esta nueva planta es una clara muestra de la confianza que tienen los inversionistas en Coahuila, y que reafirma el potencial industrial de la Regi\u00f3n Sureste.<\/p>\n\n\n\n<p>\u201cLa acertada pol\u00edtica econ\u00f3mica de gobernador Miguel Riquelme, aunada a su gran labor por mantener a nuestro estado en niveles \u00f3ptimos de seguridad, estabilidad laboral y social, nuevamente redit\u00faa en m\u00e1s y mejores inversiones para nuestro municipio\u201d, mencion\u00f3 Morales Padilla.<\/p>\n\n\n\n<p>En esta inauguraci\u00f3n de la nueva planta de Martinrea estuvieron presentes, adem\u00e1s, Sandra Shaddick, C\u00f3nsul General de Canad\u00e1 en Monterrey; Claudio F. Ram\u00f3n, presidente de Grupo Amistad; Edna D\u00e1valos, diputada local, y Claudio Bres, Secretario de Econom\u00eda del Estado.<\/p>\n\n\n\n<p>Adem\u00e1s de funcionarios estatales y municipales, directores y rectores de universidades, e integrantes de la planta laboral de Martinrea.<\/p>\n","protected":false},"excerpt":{"rendered":"<p>\u00b7&nbsp;&nbsp;&nbsp;&nbsp;&nbsp; &nbsp;Destaca gobernador Miguel Riquelme la relaci\u00f3n comercial que tiene Coahuila con Canad\u00e1. Ramos Arizpe, Coahuila de Zaragoza; a 9 de Noviembre de 2022.- La empresa canadiense Martinrea Internacional inaugur\u00f3 este d\u00eda a su quinta planta en Coahuila, en ceremonia que presidi\u00f3 el gobernador Miguel \u00c1ngel Riquelme Sol\u00eds. En esta nueva planta se invirtieron 45 [&hellip;]<\/p>\n","protected":false},"author":1,"featured_media":23443,"comment_status":"closed","ping_status":"closed","sticky":false,"template":"","format":"standard","meta":{"footnotes":""},"categories":[21],"tags":[],"class_list":["post-23442","post","type-post","status-publish","format-standard","has-post-thumbnail","hentry","category-coahuila"],"_links":{"self":[{"href":"https:\/\/elperiodicodesaltillo.com\/wp\/wp-json\/wp\/v2\/posts\/23442","targetHints":{"allow":["GET"]}}],"collection":[{"href":"https:\/\/elperiodicodesaltillo.com\/wp\/wp-json\/wp\/v2\/posts"}],"about":[{"href":"https:\/\/elperiodicodesaltillo.com\/wp\/wp-json\/wp\/v2\/types\/post"}],"author":[{"embeddable":true,"href":"https:\/\/elperiodicodesaltillo.com\/wp\/wp-json\/wp\/v2\/users\/1"}],"replies":[{"embeddable":true,"href":"https:\/\/elperiodicodesaltillo.com\/wp\/wp-json\/wp\/v2\/comments?post=23442"}],"version-history":[{"count":1,"href":"https:\/\/elperiodicodesaltillo.com\/wp\/wp-json\/wp\/v2\/posts\/23442\/revisions"}],"predecessor-version":[{"id":23444,"href":"https:\/\/elperiodicodesaltillo.com\/wp\/wp-json\/wp\/v2\/posts\/23442\/revisions\/23444"}],"wp:featuredmedia":[{"embeddable":true,"href":"https:\/\/elperiodicodesaltillo.com\/wp\/wp-json\/wp\/v2\/media\/23443"}],"wp:attachment":[{"href":"https:\/\/elperiodicodesaltillo.com\/wp\/wp-json\/wp\/v2\/media?parent=23442"}],"wp:term":[{"taxonomy":"category","embeddable":true,"href":"https:\/\/elperiodicodesaltillo.com\/wp\/wp-json\/wp\/v2\/categories?post=23442"},{"taxonomy":"post_tag","embeddable":true,"href":"https:\/\/elperiodicodesaltillo.com\/wp\/wp-json\/wp\/v2\/tags?post=23442"}],"curies":[{"name":"wp","href":"https:\/\/api.w.org\/{rel}","templated":true}]}}