{"id":24815,"date":"2023-02-12T14:15:00","date_gmt":"2023-02-12T14:15:00","guid":{"rendered":"https:\/\/elperiodicodesaltillo.com\/wp\/?p=24815"},"modified":"2023-02-22T14:17:07","modified_gmt":"2023-02-22T14:17:07","slug":"dif-coahuila-suma-a-los-jovenes-para-apoyar-nobles-causas-marcela-gorgon","status":"publish","type":"post","link":"https:\/\/elperiodicodesaltillo.com\/wp\/2023\/02\/12\/dif-coahuila-suma-a-los-jovenes-para-apoyar-nobles-causas-marcela-gorgon\/","title":{"rendered":"DIF COAHUILA SUMA A LOS J\u00d3VENES PARA APOYAR NOBLES CAUSAS: MARCELA GORG\u00d3N"},"content":{"rendered":"\n<p>Torre\u00f3n, Coahuila de Zaragoza; 12 de Febrero de 2023.- La Presidenta Honoraria de DIF Coahuila, Marcela Gorg\u00f3n Carrillo, se\u00f1al\u00f3 que gracias a la vocaci\u00f3n y el compromiso social de las y los j\u00f3venes, se pueden apoyar nobles causas y ayudar a quienes m\u00e1s lo necesitan.<\/p>\n\n\n\n<p>Indic\u00f3 que a trav\u00e9s de programas como \u201cFuerza Socia DIF\u201d y \u201cRed de Voluntarios P<\/p>\n\n\n\n<p>por Coahuila\u201d, las universidades p\u00fablicas y privadas ofrecen a sus alumnos la posibilidad de colaborar en acciones enfocadas a la atenci\u00f3n integral de personas adultas mayores con discapacidad o en situaci\u00f3n de vulnerabilidad econ\u00f3mica.<\/p>\n\n\n\n<p>\u201cLos j\u00f3venes coahuilenses tienen un gran sentido de compromiso social, tienen mucha vocaci\u00f3n de servicio y ganas de ayudar a quienes requieren de nuestra asistencia, por lo que sumamos su voluntad a nuestras acciones y logramos llegar a m\u00e1s gente con nuestros apoyos\u201d, resalt\u00f3 Marcela Gorg\u00f3n.<\/p>\n\n\n<div class=\"wp-block-image\">\n<figure class=\"aligncenter size-large is-resized\"><img loading=\"lazy\" decoding=\"async\" src=\"https:\/\/elperiodicodesaltillo.com\/wp\/wp-content\/uploads\/2023\/02\/dif-1024x686.jpg\" alt=\"\" class=\"wp-image-24816\" width=\"512\" height=\"343\" srcset=\"https:\/\/elperiodicodesaltillo.com\/wp\/wp-content\/uploads\/2023\/02\/dif-1024x686.jpg 1024w, https:\/\/elperiodicodesaltillo.com\/wp\/wp-content\/uploads\/2023\/02\/dif-300x201.jpg 300w, https:\/\/elperiodicodesaltillo.com\/wp\/wp-content\/uploads\/2023\/02\/dif-768x515.jpg 768w, https:\/\/elperiodicodesaltillo.com\/wp\/wp-content\/uploads\/2023\/02\/dif-696x467.jpg 696w, https:\/\/elperiodicodesaltillo.com\/wp\/wp-content\/uploads\/2023\/02\/dif-1068x716.jpg 1068w, https:\/\/elperiodicodesaltillo.com\/wp\/wp-content\/uploads\/2023\/02\/dif-627x420.jpg 627w, https:\/\/elperiodicodesaltillo.com\/wp\/wp-content\/uploads\/2023\/02\/dif.jpg 1280w\" sizes=\"auto, (max-width: 512px) 100vw, 512px\" \/><\/figure>\n<\/div>\n\n\n<p>Gracias a ello, detall\u00f3, programas como AMA cuentan con el apoyo de j\u00f3venes que realizan su servicio social en medicina, psicolog\u00eda, servicio social, Derecho y odontolog\u00eda, entre otras especialidades.<\/p>\n\n\n\n<p>\u201cEn programas como AMA, adem\u00e1s de contar con el respaldo de m\u00e9dicos de la Secretar\u00eda de Salud y de especialistas que laboran en diversas dependencias del Gobierno del Estado, sumamos a las brigadas de atenci\u00f3n a las y los j\u00f3venes, lo que tambi\u00e9n les permite adquirir experiencia profesional y a nosotros, contar un gran ej\u00e9rcito de voluntarios que apoyan a nuestros adultos mayores en situaci\u00f3n de abandono\u201d, expuso.<\/p>\n\n\n\n<p>Como resultado de este esfuerzo, m\u00e1s de 7,500 j\u00f3venes han participado de manera voluntaria en los programas y acciones de DIF Coahuila, apunt\u00f3.<\/p>\n\n\n\n<p>Marcela Gorg\u00f3n refiri\u00f3 que en d\u00edas pasados la Universidad Aut\u00f3noma de la Laguna don\u00f3 a DIF Coahuila 3 aparatos dise\u00f1ados para personas con debilidad visual, que funcionan como traductores de braille.<\/p>\n\n\n\n<p>Dichos equipos, resalt\u00f3, son de mucha utilidad para quienes viven con discapacidad visual, ya que les permiten comunicarse de una manera m\u00e1s f\u00e1cil y poder conversar y enviar trabajos o informaci\u00f3n a trav\u00e9s de computadoras y celulares.<\/p>\n\n\n\n<p>\u201cEstos aparatos fueron dise\u00f1ados y elaborados por maestros y alumnos de la Universidad Aut\u00f3noma de La Laguna y nos fueron donados como parte de su compromiso social\u201d, subray\u00f3.<\/p>\n\n\n\n<p>Gorg\u00f3n Carrillo agreg\u00f3 que tambi\u00e9n se cuenta con la participaci\u00f3n de j\u00f3venes universitarios en los Centros de Rehabilitaci\u00f3n Integral, el Centro de Rehabilitaci\u00f3n y Educaci\u00f3n Especial, as\u00ed como en la Direcci\u00f3n de Vigilancia Nutricional, Apoyos Alimentarios y Desarrollo Comunitario, entre otras \u00e1reas.<\/p>\n","protected":false},"excerpt":{"rendered":"<p>Torre\u00f3n, Coahuila de Zaragoza; 12 de Febrero de 2023.- La Presidenta Honoraria de DIF Coahuila, Marcela Gorg\u00f3n Carrillo, se\u00f1al\u00f3 que gracias a la vocaci\u00f3n y el compromiso social de las y los j\u00f3venes, se pueden apoyar nobles causas y ayudar a quienes m\u00e1s lo necesitan. Indic\u00f3 que a trav\u00e9s de programas como \u201cFuerza Socia DIF\u201d [&hellip;]<\/p>\n","protected":false},"author":1,"featured_media":24816,"comment_status":"closed","ping_status":"closed","sticky":false,"template":"","format":"standard","meta":{"footnotes":""},"categories":[21],"tags":[],"class_list":["post-24815","post","type-post","status-publish","format-standard","has-post-thumbnail","hentry","category-coahuila"],"_links":{"self":[{"href":"https:\/\/elperiodicodesaltillo.com\/wp\/wp-json\/wp\/v2\/posts\/24815","targetHints":{"allow":["GET"]}}],"collection":[{"href":"https:\/\/elperiodicodesaltillo.com\/wp\/wp-json\/wp\/v2\/posts"}],"about":[{"href":"https:\/\/elperiodicodesaltillo.com\/wp\/wp-json\/wp\/v2\/types\/post"}],"author":[{"embeddable":true,"href":"https:\/\/elperiodicodesaltillo.com\/wp\/wp-json\/wp\/v2\/users\/1"}],"replies":[{"embeddable":true,"href":"https:\/\/elperiodicodesaltillo.com\/wp\/wp-json\/wp\/v2\/comments?post=24815"}],"version-history":[{"count":1,"href":"https:\/\/elperiodicodesaltillo.com\/wp\/wp-json\/wp\/v2\/posts\/24815\/revisions"}],"predecessor-version":[{"id":24817,"href":"https:\/\/elperiodicodesaltillo.com\/wp\/wp-json\/wp\/v2\/posts\/24815\/revisions\/24817"}],"wp:featuredmedia":[{"embeddable":true,"href":"https:\/\/elperiodicodesaltillo.com\/wp\/wp-json\/wp\/v2\/media\/24816"}],"wp:attachment":[{"href":"https:\/\/elperiodicodesaltillo.com\/wp\/wp-json\/wp\/v2\/media?parent=24815"}],"wp:term":[{"taxonomy":"category","embeddable":true,"href":"https:\/\/elperiodicodesaltillo.com\/wp\/wp-json\/wp\/v2\/categories?post=24815"},{"taxonomy":"post_tag","embeddable":true,"href":"https:\/\/elperiodicodesaltillo.com\/wp\/wp-json\/wp\/v2\/tags?post=24815"}],"curies":[{"name":"wp","href":"https:\/\/api.w.org\/{rel}","templated":true}]}}