{"id":25666,"date":"2023-04-18T16:39:33","date_gmt":"2023-04-18T16:39:33","guid":{"rendered":"https:\/\/elperiodicodesaltillo.com\/wp\/?p=25666"},"modified":"2023-04-18T16:39:34","modified_gmt":"2023-04-18T16:39:34","slug":"supervisan-miguel-riquelme-y-jose-maria-morales-obra-del-lago-central-de-la-alameda-en-ramos-arizpe","status":"publish","type":"post","link":"https:\/\/elperiodicodesaltillo.com\/wp\/2023\/04\/18\/supervisan-miguel-riquelme-y-jose-maria-morales-obra-del-lago-central-de-la-alameda-en-ramos-arizpe\/","title":{"rendered":"<strong>SUPERVISAN MIGUEL RIQUELME Y JOS\u00c9 MAR\u00cdA MORALES OBRA DEL LAGO CENTRAL DE LA ALAMEDA, EN RAMOS ARIZPE<\/strong>"},"content":{"rendered":"\n<p>Ramos Arizpe, Coahuila de Zaragoza; a 14 de Abril de 2023.- El gobernador Miguel \u00c1ngel Riquelme Sol\u00eds acompa\u00f1\u00f3 al alcalde Jos\u00e9 Mar\u00eda Morales Padilla en la supervisi\u00f3n de la obra del lago central de la Alameda, en este municipio, espacio pensado en la recreaci\u00f3n, la convivencia y el sano esparcimiento de las familias.<\/p>\n\n\n\n<p>El Mandatario estatal felicit\u00f3 a los habitantes de Ramos Arizpe por esta obra, que incluir\u00e1 un parque tem\u00e1tico de dinosaurios, con la asesor\u00eda del Museo del Desierto.<\/p>\n\n\n\n<p>Agradeci\u00f3 a los diputados federales, con la presencia de Jaime Bueno, por estar siempre viendo por el bien de Coahuila y de M\u00e9xico.<\/p>\n\n\n\n<figure class=\"wp-block-image size-large\"><img loading=\"lazy\" decoding=\"async\" width=\"1024\" height=\"661\" src=\"https:\/\/elperiodicodesaltillo.com\/wp\/wp-content\/uploads\/2023\/04\/supervisanlago-1024x661.jpg\" alt=\"\" class=\"wp-image-25667\" srcset=\"https:\/\/elperiodicodesaltillo.com\/wp\/wp-content\/uploads\/2023\/04\/supervisanlago-1024x661.jpg 1024w, https:\/\/elperiodicodesaltillo.com\/wp\/wp-content\/uploads\/2023\/04\/supervisanlago-300x194.jpg 300w, https:\/\/elperiodicodesaltillo.com\/wp\/wp-content\/uploads\/2023\/04\/supervisanlago-768x496.jpg 768w, https:\/\/elperiodicodesaltillo.com\/wp\/wp-content\/uploads\/2023\/04\/supervisanlago-1536x992.jpg 1536w, https:\/\/elperiodicodesaltillo.com\/wp\/wp-content\/uploads\/2023\/04\/supervisanlago-696x449.jpg 696w, https:\/\/elperiodicodesaltillo.com\/wp\/wp-content\/uploads\/2023\/04\/supervisanlago-1068x690.jpg 1068w, https:\/\/elperiodicodesaltillo.com\/wp\/wp-content\/uploads\/2023\/04\/supervisanlago-651x420.jpg 651w, https:\/\/elperiodicodesaltillo.com\/wp\/wp-content\/uploads\/2023\/04\/supervisanlago.jpg 1600w\" sizes=\"auto, (max-width: 1024px) 100vw, 1024px\" \/><\/figure>\n\n\n\n<p>\u201cPara disfrutar estas obras se requiere tener certeza, seguridad, tranquilidad y paz social, y Coahuila las tiene\u201d, mencion\u00f3.<\/p>\n\n\n\n<p>Destac\u00f3 que el trabajo coordinado entre los coahuilenses, en varios \u00e1mbitos, ha generado un c\u00edrculo virtuoso que mantiene a la entidad con los mejores indicadores.<\/p>\n\n\n\n<p>Se\u00f1al\u00f3 que para lograr este tipo de obra se requiere tener mucho orden y disciplina financiera, por lo que reconoci\u00f3 al alcalde Jos\u00e9 Mar\u00eda Morales por su excelente Administraci\u00f3n.<\/p>\n\n\n\n<p>En ese sentido, agreg\u00f3 que Coahuila tiene municipios muy sanos, por lo que asegur\u00f3 que en la pr\u00f3xima Administraci\u00f3n podr\u00e1n ejecutar muchas obras, ver a futuro y proyectar toda la infraestructura que requieran para seguir creciendo en el desarrollo industrial que tiene la entidad.<\/p>\n\n\n\n<p>El Gobernador coahuilense coment\u00f3 que en el tema de seguridad, cada Municipio ha aportado su granito de arena dentro de la estrategia implementada por el Estado: \u201cSi tenemos seguridad, tenemos todo\u201d.<\/p>\n\n\n\n<p>De la misma manera, indic\u00f3 que a 230 d\u00edas de que finalice su Administraci\u00f3n, Coahuila est\u00e1 muy bien, y que se trabajar\u00e1 para dejarlo con las bases bien estructuradas para que siga siendo el Estado fuerte que hoy es.<\/p>\n\n\n\n<p>Por su parte, el alcalde Jos\u00e9 Mar\u00eda Morales, durante esta supervisi\u00f3n de obra del lago central de la Alameda, mencion\u00f3 que para su Municipio es importante generar espacios para la recreaci\u00f3n, la convivencia y el sano esparcimiento de las familias.<\/p>\n\n\n\n<p>Expres\u00f3 que esta obra del lago de la Alameda es una primera etapa del proyecto Paseo Ramos Arizpe, que tendr\u00e1 una Casa de la Cultura y un Museo de Historia del Municipio, y que conectar\u00e1 con el Gimnasio Municipal con ciclov\u00edas, pasos peatonales y la plantaci\u00f3n de \u00e1rboles.<\/p>\n\n\n\n<p>Adem\u00e1s, detall\u00f3 que se construye el primer parque tem\u00e1tico de dinosaurios, el cual tendr\u00e1 m\u00e1s de nueve dinosaurios robotizados.<\/p>\n","protected":false},"excerpt":{"rendered":"<p>Ramos Arizpe, Coahuila de Zaragoza; a 14 de Abril de 2023.- El gobernador Miguel \u00c1ngel Riquelme Sol\u00eds acompa\u00f1\u00f3 al alcalde Jos\u00e9 Mar\u00eda Morales Padilla en la supervisi\u00f3n de la obra del lago central de la Alameda, en este municipio, espacio pensado en la recreaci\u00f3n, la convivencia y el sano esparcimiento de las familias. El Mandatario [&hellip;]<\/p>\n","protected":false},"author":1,"featured_media":25667,"comment_status":"closed","ping_status":"closed","sticky":false,"template":"","format":"standard","meta":{"footnotes":""},"categories":[21],"tags":[],"class_list":["post-25666","post","type-post","status-publish","format-standard","has-post-thumbnail","hentry","category-coahuila"],"_links":{"self":[{"href":"https:\/\/elperiodicodesaltillo.com\/wp\/wp-json\/wp\/v2\/posts\/25666","targetHints":{"allow":["GET"]}}],"collection":[{"href":"https:\/\/elperiodicodesaltillo.com\/wp\/wp-json\/wp\/v2\/posts"}],"about":[{"href":"https:\/\/elperiodicodesaltillo.com\/wp\/wp-json\/wp\/v2\/types\/post"}],"author":[{"embeddable":true,"href":"https:\/\/elperiodicodesaltillo.com\/wp\/wp-json\/wp\/v2\/users\/1"}],"replies":[{"embeddable":true,"href":"https:\/\/elperiodicodesaltillo.com\/wp\/wp-json\/wp\/v2\/comments?post=25666"}],"version-history":[{"count":1,"href":"https:\/\/elperiodicodesaltillo.com\/wp\/wp-json\/wp\/v2\/posts\/25666\/revisions"}],"predecessor-version":[{"id":25668,"href":"https:\/\/elperiodicodesaltillo.com\/wp\/wp-json\/wp\/v2\/posts\/25666\/revisions\/25668"}],"wp:featuredmedia":[{"embeddable":true,"href":"https:\/\/elperiodicodesaltillo.com\/wp\/wp-json\/wp\/v2\/media\/25667"}],"wp:attachment":[{"href":"https:\/\/elperiodicodesaltillo.com\/wp\/wp-json\/wp\/v2\/media?parent=25666"}],"wp:term":[{"taxonomy":"category","embeddable":true,"href":"https:\/\/elperiodicodesaltillo.com\/wp\/wp-json\/wp\/v2\/categories?post=25666"},{"taxonomy":"post_tag","embeddable":true,"href":"https:\/\/elperiodicodesaltillo.com\/wp\/wp-json\/wp\/v2\/tags?post=25666"}],"curies":[{"name":"wp","href":"https:\/\/api.w.org\/{rel}","templated":true}]}}