{"id":25672,"date":"2023-04-18T16:42:57","date_gmt":"2023-04-18T16:42:57","guid":{"rendered":"https:\/\/elperiodicodesaltillo.com\/wp\/?p=25672"},"modified":"2023-04-18T16:42:57","modified_gmt":"2023-04-18T16:42:57","slug":"supervisan-miguel-riquelme-y-jose-maria-fraustro-siller-avances-en-interconexion-de-c2-con-c4","status":"publish","type":"post","link":"https:\/\/elperiodicodesaltillo.com\/wp\/2023\/04\/18\/supervisan-miguel-riquelme-y-jose-maria-fraustro-siller-avances-en-interconexion-de-c2-con-c4\/","title":{"rendered":"<strong>SUPERVISAN MIGUEL RIQUELME Y JOSE MAR\u00cdA FRAUSTRO SILLER AVANCES EN INTERCONEXI\u00d3N DE C2 CON C4<\/strong>"},"content":{"rendered":"\n<p>Saltillo, Coahuila de Zaragoza; a 15 de Abril de 2023.- El gobernador Miguel \u00c1ngel Riquelme Sol\u00eds y el alcalde Jos\u00e9 Mar\u00eda Fraustro Siller realizaron un recorrido de supervisi\u00f3n por las instalaciones del Centro de Comunicaci\u00f3n y Comando (C-2) que administra el municipio y que avanza en la interconexi\u00f3n al Sistema de Video Inteligencia Estatal C-4.<\/p>\n\n\n\n<p>Riquelme Sol\u00eds expres\u00f3 que, como parte de la estrategia de blindaje de seguridad en la que se trabaja d\u00eda con d\u00eda para que Coahuila permanezca en paz y tranquilidad, Saltillo trabaja en la fase de interconexi\u00f3n de datos, lo cual permitir\u00e1 compartir el software por fibra \u00f3ptica entre ambos centros de monitoreo y fortalecer la vigilancia en sitios estrat\u00e9gicos de la ciudad, mejorando as\u00ed la prevenci\u00f3n de los delitos y mejorando la eficiencia del n\u00famero de emergencia 911, el cual es una herramienta de gran apoyo a la ciudadan\u00eda cuando se usa de manera puntual y responsable<\/p>\n\n\n\n<figure class=\"wp-block-image size-full\"><img loading=\"lazy\" decoding=\"async\" width=\"1024\" height=\"682\" src=\"https:\/\/elperiodicodesaltillo.com\/wp\/wp-content\/uploads\/2023\/04\/c4.jpg\" alt=\"\" class=\"wp-image-25673\" srcset=\"https:\/\/elperiodicodesaltillo.com\/wp\/wp-content\/uploads\/2023\/04\/c4.jpg 1024w, https:\/\/elperiodicodesaltillo.com\/wp\/wp-content\/uploads\/2023\/04\/c4-300x200.jpg 300w, https:\/\/elperiodicodesaltillo.com\/wp\/wp-content\/uploads\/2023\/04\/c4-768x512.jpg 768w, https:\/\/elperiodicodesaltillo.com\/wp\/wp-content\/uploads\/2023\/04\/c4-696x464.jpg 696w, https:\/\/elperiodicodesaltillo.com\/wp\/wp-content\/uploads\/2023\/04\/c4-631x420.jpg 631w\" sizes=\"auto, (max-width: 1024px) 100vw, 1024px\" \/><\/figure>\n\n\n\n<p>En el recorrido de supervisi\u00f3n se inform\u00f3 que Saltillo se ubica como la segunda ciudad m\u00e1s segura para viajar en M\u00e9xico; la capital m\u00e1s segura del Pa\u00eds, con la quinta Polic\u00eda Municipal m\u00e1s efectiva del Pa\u00eds, y la sexta polic\u00eda m\u00e1s confiable.<\/p>\n\n\n\n<p>Riquelme Sol\u00eds destac\u00f3 que el prop\u00f3sito es que cada vez m\u00e1s c\u00e1maras urbanas en los municipios que ahora cuentan con sistema de video vigilancia, se enlacen al sistema estatal C-4.<\/p>\n\n\n\n<p>En la supervisi\u00f3n, el Gobernador dio relevancia a la tecnolog\u00eda avanzada del Sistema de Inteligencia Estatal, que consta de mil 400 c\u00e1maras instaladas en toda la entidad y forma parte de la infraestructura de seguridad creada para Coahuila, como herramienta fundamental para salvaguardar la tranquilidad de los ciudadanos y seguir atrayendo inversiones.<\/p>\n\n\n\n<p>Dijo que en estos momentos, Coahuila est\u00e1 bien en materia de seguridad y en cuanto a indicadores, ha dado buenos resultados la interconexi\u00f3n de los municipios al C-4, ya que por su tecnolog\u00eda \u201cfavorece los procesos de investigaci\u00f3n, mejora la capacidad de respuesta de las corporaciones policiacas en la atenci\u00f3n a la comisi\u00f3n de cualquier delito, como robos de veh\u00edculos y hechos violentos, debido a que las alertas llegan en menor tiempo y en forma directa\u201d, destac\u00f3.<\/p>\n\n\n\n<p>Dijo que la video-inteligencia, el d\u00eda de hoy, ya es una de las mejores herramientas que tiene el Gobierno del Estado para combatir la delincuencia. Agreg\u00f3 que hoy, la mayor parte de los delitos, vienen a dar a alguna c\u00e1mara del sistema del Estado o de las c\u00e1maras de los municipios que est\u00e1n interconectadas con los C2 y C4.<\/p>\n\n\n\n<p>Miguel Riquelme recalc\u00f3 que, al tener seguridad, se tiene todo, y que en eso tenemos que estar muy conscientes las y los coahuilenses.<\/p>\n\n\n\n<p>Por su parte, el alcalde Fraustro Siller destac\u00f3 que Saltillo tiene 720 c\u00e1maras propias, pero enlazar\u00e1n 211 que se adquirieron con tecnolog\u00eda de \u00faltima generaci\u00f3n y tienen compatibilidad con el software del C4, que permite la detecci\u00f3n facial y la localizaci\u00f3n de placas de veh\u00edculos.<\/p>\n\n\n\n<p>\u201cMejoraremos la vigilancia en la ciudad, porque las 24 horas estaremos trabajando en forma conjunta con el Centro de Monitoreo del Gobierno del Estado\u201d, se\u00f1al\u00f3.<\/p>\n\n\n\n<p>El C-2 de Saltillo est\u00e1 equipado tambi\u00e9n con un Video Wall, que es un conjunto de pantallas agrupadas donde se pueden desplegar m\u00faltiples im\u00e1genes o concentrar en toda el \u00e1rea una sola imagen para casos relevantes de seguridad, seguimiento de objetivos o apoyos en emergencias.&nbsp;<\/p>\n\n\n\n<p>Opera las 24 horas del d\u00eda, es atendido por personal especializado y en los trabajos en general por la interconexi\u00f3n entre ambos centros, se invierten m\u00e1s de 14 millones de pesos.<\/p>\n\n\n\n<p>Al momento, llevan un 70 por ciento de avance.<\/p>\n\n\n\n<p>El municipio de Saltillo tiene, adem\u00e1s, c\u00e1maras de video vigilancia en las entradas y salidas a la ciudad, as\u00ed como en las colindancias con entidades como Zacatecas.<\/p>\n\n\n\n<p>Asimismo, en este recorrido de supervisi\u00f3n, el comisionado de Seguridad P\u00fablica y Protecci\u00f3n Ciudadana, Federico Fern\u00e1ndez Monta\u00f1ez, inform\u00f3 al Gobernador y el Alcalde sobre los Grupos de Whatsapp conformados por el Ayuntamiento, a trav\u00e9s de la CSPC, mediante los cuales la autoridad municipal mantiene comunicaci\u00f3n y contacto permanente con las redes de ciudadanos.<\/p>\n","protected":false},"excerpt":{"rendered":"<p>Saltillo, Coahuila de Zaragoza; a 15 de Abril de 2023.- El gobernador Miguel \u00c1ngel Riquelme Sol\u00eds y el alcalde Jos\u00e9 Mar\u00eda Fraustro Siller realizaron un recorrido de supervisi\u00f3n por las instalaciones del Centro de Comunicaci\u00f3n y Comando (C-2) que administra el municipio y que avanza en la interconexi\u00f3n al Sistema de Video Inteligencia Estatal C-4. [&hellip;]<\/p>\n","protected":false},"author":1,"featured_media":25673,"comment_status":"closed","ping_status":"closed","sticky":false,"template":"","format":"standard","meta":{"footnotes":""},"categories":[21],"tags":[],"class_list":["post-25672","post","type-post","status-publish","format-standard","has-post-thumbnail","hentry","category-coahuila"],"_links":{"self":[{"href":"https:\/\/elperiodicodesaltillo.com\/wp\/wp-json\/wp\/v2\/posts\/25672","targetHints":{"allow":["GET"]}}],"collection":[{"href":"https:\/\/elperiodicodesaltillo.com\/wp\/wp-json\/wp\/v2\/posts"}],"about":[{"href":"https:\/\/elperiodicodesaltillo.com\/wp\/wp-json\/wp\/v2\/types\/post"}],"author":[{"embeddable":true,"href":"https:\/\/elperiodicodesaltillo.com\/wp\/wp-json\/wp\/v2\/users\/1"}],"replies":[{"embeddable":true,"href":"https:\/\/elperiodicodesaltillo.com\/wp\/wp-json\/wp\/v2\/comments?post=25672"}],"version-history":[{"count":1,"href":"https:\/\/elperiodicodesaltillo.com\/wp\/wp-json\/wp\/v2\/posts\/25672\/revisions"}],"predecessor-version":[{"id":25674,"href":"https:\/\/elperiodicodesaltillo.com\/wp\/wp-json\/wp\/v2\/posts\/25672\/revisions\/25674"}],"wp:featuredmedia":[{"embeddable":true,"href":"https:\/\/elperiodicodesaltillo.com\/wp\/wp-json\/wp\/v2\/media\/25673"}],"wp:attachment":[{"href":"https:\/\/elperiodicodesaltillo.com\/wp\/wp-json\/wp\/v2\/media?parent=25672"}],"wp:term":[{"taxonomy":"category","embeddable":true,"href":"https:\/\/elperiodicodesaltillo.com\/wp\/wp-json\/wp\/v2\/categories?post=25672"},{"taxonomy":"post_tag","embeddable":true,"href":"https:\/\/elperiodicodesaltillo.com\/wp\/wp-json\/wp\/v2\/tags?post=25672"}],"curies":[{"name":"wp","href":"https:\/\/api.w.org\/{rel}","templated":true}]}}