{"id":25786,"date":"2023-04-25T16:31:00","date_gmt":"2023-04-25T16:31:00","guid":{"rendered":"https:\/\/elperiodicodesaltillo.com\/wp\/?p=25786"},"modified":"2023-04-28T16:32:00","modified_gmt":"2023-04-28T16:32:00","slug":"centros-de-salud-popular-en-las-colonias-manolo","status":"publish","type":"post","link":"https:\/\/elperiodicodesaltillo.com\/wp\/2023\/04\/25\/centros-de-salud-popular-en-las-colonias-manolo\/","title":{"rendered":"<strong>Centros de Salud Popular en las colonias: Manolo<\/strong>"},"content":{"rendered":"\n<p>\u00b7&nbsp;&nbsp;&nbsp;&nbsp;&nbsp;&nbsp; <strong><em>En gira por la regi\u00f3n Sureste, en los municipios de Ramos Arizpe y Saltillo, Manolo asegur\u00f3 que el siguiente nivel para Coahuila son servicios de salud dignos y de calidad<\/em><\/strong><\/p>\n\n\n\n<p>Ramos Arizpe, Coahuila; 25 de abril de 2023.- Durante un encuentro con la ciudadan\u00eda, el candidato a gobernador de la Alianza Ciudadana por la Seguridad, Manolo Jim\u00e9nez Salinas, dio a conocer los beneficios que en materia de salud tendr\u00e1 la poblaci\u00f3n coahuilense durante su gobierno, entre los cuales destacan los centros de Salud Popular al interior de las colonias.<\/p>\n\n\n\n<p>Acompa\u00f1ado por la candidata a diputada local por el distrito 12, Edna D\u00e1valos, Jim\u00e9nez Salinas present\u00f3 el eje Salud Popular de la Agenda para Mejorar la Calidad de Vida,&nbsp; plataforma de proyectos y propuestos que sustentan su campa\u00f1a rumbo a la gubernatura de Coahuila.<\/p>\n\n\n\n<figure class=\"wp-block-image size-full\"><img loading=\"lazy\" decoding=\"async\" width=\"1024\" height=\"682\" src=\"https:\/\/elperiodicodesaltillo.com\/wp\/wp-content\/uploads\/2023\/04\/foto-3-1.jpg\" alt=\"\" class=\"wp-image-25787\" srcset=\"https:\/\/elperiodicodesaltillo.com\/wp\/wp-content\/uploads\/2023\/04\/foto-3-1.jpg 1024w, https:\/\/elperiodicodesaltillo.com\/wp\/wp-content\/uploads\/2023\/04\/foto-3-1-300x200.jpg 300w, https:\/\/elperiodicodesaltillo.com\/wp\/wp-content\/uploads\/2023\/04\/foto-3-1-768x512.jpg 768w, https:\/\/elperiodicodesaltillo.com\/wp\/wp-content\/uploads\/2023\/04\/foto-3-1-696x464.jpg 696w, https:\/\/elperiodicodesaltillo.com\/wp\/wp-content\/uploads\/2023\/04\/foto-3-1-631x420.jpg 631w\" sizes=\"auto, (max-width: 1024px) 100vw, 1024px\" \/><\/figure>\n\n\n\n<p>\u201cHoy somos referente en seguridad y estabilidad econ\u00f3mica a nivel nacional, porque hemos trabajado de la mano con ustedes desde hace mucho tiempo. Con esta misma din\u00e1mica, vamos a dar otro paso adelante y vamos a ser un referente en atenci\u00f3n en servicios de salud y cobertura para los grupos m\u00e1s vulnerables\u201d, dijo.<\/p>\n\n\n\n<p>Para ello, destac\u00f3 que en su gobierno se crear\u00e1n los centros de salud popular al interior de las colonias&nbsp; en todo el estado, donde&nbsp; tendr\u00e1n, adem\u00e1s de m\u00e9dico general, atenci\u00f3n psicol\u00f3gica para asistir a quien lo solicite, en casos de ansiedad y depresi\u00f3n, males que afectan a nuestra sociedad actual.<\/p>\n\n\n\n<p>\u201cEl sistema de salud es mayoritariamente responsabilidad federal, sin embargo, vamos a hacer equipo y tocar puertas donde tengamos que hacerlo para impulsar un sistema de salud popular inclusivo con servicios dignos y de calidad, como se lo merecen los coahuilenses. Los invito a que sigamos sumando voluntades y esfuerzos para que Coahuila siga&nbsp; pa\u2019delante, porque el sentir y pensar de nuestra gente, es nuestro m\u00e1s grande motivo para seguir haciendo de esta, una tierra de oportunidades\u201d, exhort\u00f3 Jim\u00e9nez Salinas a la ciudadan\u00eda.<\/p>\n\n\n\n<p>Agreg\u00f3 que tambi\u00e9n se crear\u00e1 la Tarjeta de la Salud Popular, con la que adultos mayores, personas con discapacidad y miembros de grupos vulnerables, podr\u00e1n acceder a consultas m\u00e9dicas, estudios, an\u00e1lisis y medicamentos gratuitos, entre otros beneficios.<\/p>\n\n\n\n<p>A su vez, en un mitin en Saltillo, acompa\u00f1ado por Beatriz Fraustro, candidata a diputada del distrito 15, refrend\u00f3 el compromiso de llevar mejores servicios de salud a todas la poblaci\u00f3n coahuilense.<\/p>\n\n\n\n<p>All\u00ed adelant\u00f3 que, aunado a los servicios profesionales, tambi\u00e9n se mejorar\u00e1 la infraestructura de salud p\u00fablica, para que toda la gente que acuda a cl\u00ednicas y hospitales estatales sean atendidas en instalaciones dignas, correspondientes a la calidad y calidez de la atenci\u00f3n del personal&nbsp;que&nbsp;los&nbsp;reciba.<\/p>\n","protected":false},"excerpt":{"rendered":"<p>\u00b7&nbsp;&nbsp;&nbsp;&nbsp;&nbsp;&nbsp; En gira por la regi\u00f3n Sureste, en los municipios de Ramos Arizpe y Saltillo, Manolo asegur\u00f3 que el siguiente nivel para Coahuila son servicios de salud dignos y de calidad Ramos Arizpe, Coahuila; 25 de abril de 2023.- Durante un encuentro con la ciudadan\u00eda, el candidato a gobernador de la Alianza Ciudadana por la [&hellip;]<\/p>\n","protected":false},"author":1,"featured_media":25787,"comment_status":"closed","ping_status":"closed","sticky":false,"template":"","format":"standard","meta":{"footnotes":""},"categories":[21],"tags":[],"class_list":["post-25786","post","type-post","status-publish","format-standard","has-post-thumbnail","hentry","category-coahuila"],"_links":{"self":[{"href":"https:\/\/elperiodicodesaltillo.com\/wp\/wp-json\/wp\/v2\/posts\/25786","targetHints":{"allow":["GET"]}}],"collection":[{"href":"https:\/\/elperiodicodesaltillo.com\/wp\/wp-json\/wp\/v2\/posts"}],"about":[{"href":"https:\/\/elperiodicodesaltillo.com\/wp\/wp-json\/wp\/v2\/types\/post"}],"author":[{"embeddable":true,"href":"https:\/\/elperiodicodesaltillo.com\/wp\/wp-json\/wp\/v2\/users\/1"}],"replies":[{"embeddable":true,"href":"https:\/\/elperiodicodesaltillo.com\/wp\/wp-json\/wp\/v2\/comments?post=25786"}],"version-history":[{"count":1,"href":"https:\/\/elperiodicodesaltillo.com\/wp\/wp-json\/wp\/v2\/posts\/25786\/revisions"}],"predecessor-version":[{"id":25788,"href":"https:\/\/elperiodicodesaltillo.com\/wp\/wp-json\/wp\/v2\/posts\/25786\/revisions\/25788"}],"wp:featuredmedia":[{"embeddable":true,"href":"https:\/\/elperiodicodesaltillo.com\/wp\/wp-json\/wp\/v2\/media\/25787"}],"wp:attachment":[{"href":"https:\/\/elperiodicodesaltillo.com\/wp\/wp-json\/wp\/v2\/media?parent=25786"}],"wp:term":[{"taxonomy":"category","embeddable":true,"href":"https:\/\/elperiodicodesaltillo.com\/wp\/wp-json\/wp\/v2\/categories?post=25786"},{"taxonomy":"post_tag","embeddable":true,"href":"https:\/\/elperiodicodesaltillo.com\/wp\/wp-json\/wp\/v2\/tags?post=25786"}],"curies":[{"name":"wp","href":"https:\/\/api.w.org\/{rel}","templated":true}]}}