{"id":26007,"date":"2023-05-04T14:17:00","date_gmt":"2023-05-04T14:17:00","guid":{"rendered":"https:\/\/elperiodicodesaltillo.com\/wp\/?p=26007"},"modified":"2023-05-09T14:17:47","modified_gmt":"2023-05-09T14:17:47","slug":"super-becas-y-creditos-para-nuestros-jovenes-manolo","status":"publish","type":"post","link":"https:\/\/elperiodicodesaltillo.com\/wp\/2023\/05\/04\/super-becas-y-creditos-para-nuestros-jovenes-manolo\/","title":{"rendered":"<strong>S\u00faper Becas y cr\u00e9ditos para nuestros j\u00f3venes: Manolo<\/strong>"},"content":{"rendered":"\n<p>\u00b7&nbsp;&nbsp;&nbsp;&nbsp;&nbsp;&nbsp;&nbsp;<strong><em>En gira por las regiones carbon\u00edfera y sureste present\u00f3 propuestas concretas para el desarrollo educativo, social y econ\u00f3mico de las y los j\u00f3venes<\/em><\/strong><\/p>\n\n\n\n<p>Saltillo, Coahuila; 04 de mayo de 2023.- Porque los j\u00f3venes son el presente y futuro de Coahuila, el candidato a gobernador de la Alianza Ciudadana por la Seguridad, Manolo Jim\u00e9nez Salinas, dio a conocer en Saltillo que tiene proyectados diversos programas para impulsar su desarrollo, como las s\u00faper becas y los cr\u00e9ditos para su emprendimiento.<\/p>\n\n\n\n<p>El candidato de la coalici\u00f3n PRI-PAN-PRD&nbsp;&nbsp;ha escuchado las ideas y necesidades que los j\u00f3venes le presentan y a su vez, les responde con propuestas concretas para ayudarlos a cristalizar los negocios y empresas que tienen en mente.<\/p>\n\n\n\n<figure class=\"wp-block-image size-full\"><img loading=\"lazy\" decoding=\"async\" width=\"1024\" height=\"683\" src=\"https:\/\/elperiodicodesaltillo.com\/wp\/wp-content\/uploads\/2023\/05\/becsycreditos.jpg\" alt=\"\" class=\"wp-image-26008\" srcset=\"https:\/\/elperiodicodesaltillo.com\/wp\/wp-content\/uploads\/2023\/05\/becsycreditos.jpg 1024w, https:\/\/elperiodicodesaltillo.com\/wp\/wp-content\/uploads\/2023\/05\/becsycreditos-300x200.jpg 300w, https:\/\/elperiodicodesaltillo.com\/wp\/wp-content\/uploads\/2023\/05\/becsycreditos-768x512.jpg 768w, https:\/\/elperiodicodesaltillo.com\/wp\/wp-content\/uploads\/2023\/05\/becsycreditos-696x464.jpg 696w, https:\/\/elperiodicodesaltillo.com\/wp\/wp-content\/uploads\/2023\/05\/becsycreditos-630x420.jpg 630w\" sizes=\"auto, (max-width: 1024px) 100vw, 1024px\" \/><\/figure>\n\n\n\n<p>\u201cUstedes j\u00f3venes, son una prioridad para m\u00ed, s\u00e9 cu\u00e1ntas ganas tienen de salir adelante y tener un futuro pr\u00f3spero\u201d, les dijo, y a\u00f1adi\u00f3 \u201cpor eso los vamos a apoyar a trav\u00e9s de la Red de Emprendimiento con apoyo financiero y capacitaci\u00f3n para nuevos negocios\u201d.<\/p>\n\n\n\n<p>Asimismo, y para promover que los j\u00f3venes coahuilenses tengan mejores empleos y sueldos bien pagados ha planeado el impulso a la creaci\u00f3n y desarrollo de las llamadas carreras del futuro, en las instituciones de educaci\u00f3n superior ubicadas en el estado.<\/p>\n\n\n\n<p>\u201cAdem\u00e1s seguiremos fortaleciendo la atracci\u00f3n de inversiones y fomentaremos las carreras del futuro en rob\u00f3tica, inteligencia artificial y seguridad para que tambi\u00e9n tengan mejores empleos, porque en la manera en que ustedes crezcan, crecer\u00e1 todo Coahuila y as\u00ed fortaleceremos nuestro presente y futuro.<\/p>\n\n\n\n<p>A todo esto hay que sumarle el programa de las Super Becas Juveniles contenido en su Agenda para Mejorar la Calidad de Vida, que ofrecer\u00e1n como un apoyo y est\u00edmulo a los l\u00edderes estudiantiles, sociales, deportivos culturales y acad\u00e9micos para que puedan acceder a los congresos y eventos donde podr\u00edan encontrar la oportunidad de su vida.<\/p>\n\n\n\n<p>Finalmente recalc\u00f3 que nuestro estado es grande por su juventud, y que con el apoyo y voto de las nuevas generaciones, podr\u00e1 llevar a Coahuila pa\u2019delante, al siguiente nivel.<\/p>\n\n\n\n<p>En Saltillo, en un encuentro con militantes del distrito 13, acompa\u00f1ado por la candidata a diputada local, Luz Elena Morales N\u00fa\u00f1ez, resalt\u00f3 que de la mano del Congreso Local se impulsar\u00e1n los programas y proyectos para potencializar el talento de las juventudes.<\/p>\n\n\n\n<p>De igual manera, en el municipio de San Juan de Sabinas, Jim\u00e9nez Salinas mantuvo un encuentro con empresarios, comerciantes y representantes de la Iniciativa Privada para, en conjunto,&nbsp;&nbsp;llevar a cabo acciones que impulsen el desarrollo econ\u00f3mico y el emprendimiento de las y los j\u00f3venes.<\/p>\n","protected":false},"excerpt":{"rendered":"<p>\u00b7&nbsp;&nbsp;&nbsp;&nbsp;&nbsp;&nbsp;&nbsp;En gira por las regiones carbon\u00edfera y sureste present\u00f3 propuestas concretas para el desarrollo educativo, social y econ\u00f3mico de las y los j\u00f3venes Saltillo, Coahuila; 04 de mayo de 2023.- Porque los j\u00f3venes son el presente y futuro de Coahuila, el candidato a gobernador de la Alianza Ciudadana por la Seguridad, Manolo Jim\u00e9nez Salinas, dio [&hellip;]<\/p>\n","protected":false},"author":1,"featured_media":26008,"comment_status":"closed","ping_status":"closed","sticky":false,"template":"","format":"standard","meta":{"footnotes":""},"categories":[21],"tags":[],"class_list":["post-26007","post","type-post","status-publish","format-standard","has-post-thumbnail","hentry","category-coahuila"],"_links":{"self":[{"href":"https:\/\/elperiodicodesaltillo.com\/wp\/wp-json\/wp\/v2\/posts\/26007","targetHints":{"allow":["GET"]}}],"collection":[{"href":"https:\/\/elperiodicodesaltillo.com\/wp\/wp-json\/wp\/v2\/posts"}],"about":[{"href":"https:\/\/elperiodicodesaltillo.com\/wp\/wp-json\/wp\/v2\/types\/post"}],"author":[{"embeddable":true,"href":"https:\/\/elperiodicodesaltillo.com\/wp\/wp-json\/wp\/v2\/users\/1"}],"replies":[{"embeddable":true,"href":"https:\/\/elperiodicodesaltillo.com\/wp\/wp-json\/wp\/v2\/comments?post=26007"}],"version-history":[{"count":1,"href":"https:\/\/elperiodicodesaltillo.com\/wp\/wp-json\/wp\/v2\/posts\/26007\/revisions"}],"predecessor-version":[{"id":26009,"href":"https:\/\/elperiodicodesaltillo.com\/wp\/wp-json\/wp\/v2\/posts\/26007\/revisions\/26009"}],"wp:featuredmedia":[{"embeddable":true,"href":"https:\/\/elperiodicodesaltillo.com\/wp\/wp-json\/wp\/v2\/media\/26008"}],"wp:attachment":[{"href":"https:\/\/elperiodicodesaltillo.com\/wp\/wp-json\/wp\/v2\/media?parent=26007"}],"wp:term":[{"taxonomy":"category","embeddable":true,"href":"https:\/\/elperiodicodesaltillo.com\/wp\/wp-json\/wp\/v2\/categories?post=26007"},{"taxonomy":"post_tag","embeddable":true,"href":"https:\/\/elperiodicodesaltillo.com\/wp\/wp-json\/wp\/v2\/tags?post=26007"}],"curies":[{"name":"wp","href":"https:\/\/api.w.org\/{rel}","templated":true}]}}