{"id":26048,"date":"2023-05-09T18:43:00","date_gmt":"2023-05-09T18:43:00","guid":{"rendered":"https:\/\/elperiodicodesaltillo.com\/wp\/?p=26048"},"modified":"2023-05-12T18:44:50","modified_gmt":"2023-05-12T18:44:50","slug":"todo-mi-apoyo-para-la-comunidad-universitaria-de-coahuila-manolo","status":"publish","type":"post","link":"https:\/\/elperiodicodesaltillo.com\/wp\/2023\/05\/09\/todo-mi-apoyo-para-la-comunidad-universitaria-de-coahuila-manolo\/","title":{"rendered":"<strong>Todo mi apoyo para la comunidad universitaria de Coahuila: Manolo<\/strong>"},"content":{"rendered":"\n<p>\u00b7&nbsp;&nbsp;&nbsp;&nbsp;&nbsp;&nbsp; <strong><em>Durante encuentros con la comunidad universitaria y empresarios y comerciantes en Saltillo, Manolo Jim\u00e9nez dio a conocer que su gobierno llevar\u00e1 a cabo importantes alianzas con las universidades p\u00fablicas y privadas del Estado, adem\u00e1s de presentar a empresarios y comerciantes la Agenda para Mejorar la Calidad de Vida<\/em><\/strong><\/p>\n\n\n\n<p>Saltillo, Coahuila, martes 9 de mayo. En su gira por la regi\u00f3n Sureste, el candidato de la Alianza Ciudadana por la Seguridad, Manolo Jim\u00e9nez Salinas, se reuni\u00f3 en Saltillo con la comunidad universitaria, en donde resalt\u00f3 que durante su administraci\u00f3n se concretar\u00e1n grandes alianzas con las universidades p\u00fablicas y privadas de Coahuila para desarrollar grandes proyectos y programas en materia de salud, educaci\u00f3n, cultura y deporte, trabajando en equipo gobierno, iniciativa privada, sociedad y academia.<\/p>\n\n\n\n<p>El candidato de la coalici\u00f3n PRI-PAN-PRD, resalt\u00f3 que la comunidad universitaria tendr\u00e1 todo su apoyo para mejorar su infraestructura y desarrollar grandes obras.<\/p>\n\n\n\n<figure class=\"wp-block-image size-full\"><img loading=\"lazy\" decoding=\"async\" width=\"1024\" height=\"683\" src=\"https:\/\/elperiodicodesaltillo.com\/wp\/wp-content\/uploads\/2023\/05\/foto-2.jpg\" alt=\"\" class=\"wp-image-26049\" srcset=\"https:\/\/elperiodicodesaltillo.com\/wp\/wp-content\/uploads\/2023\/05\/foto-2.jpg 1024w, https:\/\/elperiodicodesaltillo.com\/wp\/wp-content\/uploads\/2023\/05\/foto-2-300x200.jpg 300w, https:\/\/elperiodicodesaltillo.com\/wp\/wp-content\/uploads\/2023\/05\/foto-2-768x512.jpg 768w, https:\/\/elperiodicodesaltillo.com\/wp\/wp-content\/uploads\/2023\/05\/foto-2-696x464.jpg 696w, https:\/\/elperiodicodesaltillo.com\/wp\/wp-content\/uploads\/2023\/05\/foto-2-630x420.jpg 630w\" sizes=\"auto, (max-width: 1024px) 100vw, 1024px\" \/><\/figure>\n\n\n\n<p>En la reuni\u00f3n con estudiantes universitarios&nbsp; Jim\u00e9nez Salinas coment\u00f3 que \u00e9l sabe del gran talento que hay en el estado, y que los j\u00f3venes son ya grandes l\u00edderes acad\u00e9micos, deportivos, culturales y sociales.<\/p>\n\n\n\n<p>Por eso, y para que todos tengan oportunidad de culminar sus estudios, incluso en el extranjero, y puedan acceder a oportunidades que por falta de recursos econ\u00f3micos no podr\u00edan tomar, se implementar\u00e1 el programa de las S\u00faper Becas Juveniles.<\/p>\n\n\n\n<p>\u201cEn Coahuila tenemos mucho talento, las y los j\u00f3venes universitarios como ustedes tienen todo mi apoyo para poder culminar sus estudios; con las super becas, quienes mejor desempe\u00f1o tengan, van a poder estudiar en el extranjero para fortalecer sus conocimientos y ampliar su campo de acci\u00f3n profesional\u201d, destac\u00f3.<\/p>\n\n\n\n<p>Asimismo, expuso que a los coahuilenses nos destaca la cultura del esfuerzo y el&nbsp; trabajo, y que no es extra\u00f1o que haya estudiantes que a la vez que cumplen sus responsabilidades escolares, trabajan y emprenden, poniendo doble esfuerzo y obteniendo grandes resultados.<\/p>\n\n\n\n<p>\u201cLas oportunidades est\u00e1n abiertas para todos, habr\u00e1 quienes busquen emplearse en una empresa o quienes quieran iniciar sus negocios, y por eso tambi\u00e9n vamos a apoyarlos tanto en la vinculaci\u00f3n con empresas, como con microcr\u00e9ditos para las y los emprendedores, que aqu\u00ed hay muchos. \u00a1Aqu\u00ed lo que sobran son ganas de salir adelante, y vamos a trabajar ustedes y nosotros juntos, para llevar a Coahuila al siguiente&nbsp;nivel!\u201d.<\/p>\n\n\n\n<p>En la misma gira, acompa\u00f1ado de las candidatas y candidato a las diputaciones de los distritos locales de la regi\u00f3n sureste, Edna D\u00e1valos, Luz Elena Morales, Mar\u00eda B\u00e1rbara Cepeda, Beatriz Fraustro y \u00c1lvaro Moreira, present\u00f3 a los empresarios y comerciantes locales su Agenda para Mejorar la Calidad de Vida de los coahuilenses.<\/p>\n\n\n\n<p>En este evento, destac\u00f3 los buenos niveles de seguridad p\u00fablica y paz laboral que se viven en nuestra entidad -especialmente comparados con los de Zacatecas o Tamaulipas entre otros- y explic\u00f3 c\u00f3mo se har\u00e1 en su gobierno para mantenerlos y mejorarlos a\u00fan m\u00e1s en beneficio de todos los&nbsp;coahuilenses.<\/p>\n","protected":false},"excerpt":{"rendered":"<p>\u00b7&nbsp;&nbsp;&nbsp;&nbsp;&nbsp;&nbsp; Durante encuentros con la comunidad universitaria y empresarios y comerciantes en Saltillo, Manolo Jim\u00e9nez dio a conocer que su gobierno llevar\u00e1 a cabo importantes alianzas con las universidades p\u00fablicas y privadas del Estado, adem\u00e1s de presentar a empresarios y comerciantes la Agenda para Mejorar la Calidad de Vida Saltillo, Coahuila, martes 9 de mayo. [&hellip;]<\/p>\n","protected":false},"author":1,"featured_media":26049,"comment_status":"closed","ping_status":"closed","sticky":false,"template":"","format":"standard","meta":{"footnotes":""},"categories":[21],"tags":[],"class_list":["post-26048","post","type-post","status-publish","format-standard","has-post-thumbnail","hentry","category-coahuila"],"_links":{"self":[{"href":"https:\/\/elperiodicodesaltillo.com\/wp\/wp-json\/wp\/v2\/posts\/26048","targetHints":{"allow":["GET"]}}],"collection":[{"href":"https:\/\/elperiodicodesaltillo.com\/wp\/wp-json\/wp\/v2\/posts"}],"about":[{"href":"https:\/\/elperiodicodesaltillo.com\/wp\/wp-json\/wp\/v2\/types\/post"}],"author":[{"embeddable":true,"href":"https:\/\/elperiodicodesaltillo.com\/wp\/wp-json\/wp\/v2\/users\/1"}],"replies":[{"embeddable":true,"href":"https:\/\/elperiodicodesaltillo.com\/wp\/wp-json\/wp\/v2\/comments?post=26048"}],"version-history":[{"count":1,"href":"https:\/\/elperiodicodesaltillo.com\/wp\/wp-json\/wp\/v2\/posts\/26048\/revisions"}],"predecessor-version":[{"id":26050,"href":"https:\/\/elperiodicodesaltillo.com\/wp\/wp-json\/wp\/v2\/posts\/26048\/revisions\/26050"}],"wp:featuredmedia":[{"embeddable":true,"href":"https:\/\/elperiodicodesaltillo.com\/wp\/wp-json\/wp\/v2\/media\/26049"}],"wp:attachment":[{"href":"https:\/\/elperiodicodesaltillo.com\/wp\/wp-json\/wp\/v2\/media?parent=26048"}],"wp:term":[{"taxonomy":"category","embeddable":true,"href":"https:\/\/elperiodicodesaltillo.com\/wp\/wp-json\/wp\/v2\/categories?post=26048"},{"taxonomy":"post_tag","embeddable":true,"href":"https:\/\/elperiodicodesaltillo.com\/wp\/wp-json\/wp\/v2\/tags?post=26048"}],"curies":[{"name":"wp","href":"https:\/\/api.w.org\/{rel}","templated":true}]}}