{"id":26218,"date":"2023-05-15T18:56:00","date_gmt":"2023-05-15T18:56:00","guid":{"rendered":"https:\/\/elperiodicodesaltillo.com\/wp\/?p=26218"},"modified":"2023-05-19T18:57:16","modified_gmt":"2023-05-19T18:57:16","slug":"muestra-coahuila-equilibrio-y-paz-mars","status":"publish","type":"post","link":"https:\/\/elperiodicodesaltillo.com\/wp\/2023\/05\/15\/muestra-coahuila-equilibrio-y-paz-mars\/","title":{"rendered":"<strong>\u2018MUESTRA COAHUILA EQUILIBRIO Y PAZ\u2019: MARS<\/strong>"},"content":{"rendered":"\n<p>\u00b7&nbsp;&nbsp;&nbsp;&nbsp;&nbsp;&nbsp;<strong><em>&nbsp;El gobernador Miguel Riquelme se\u00f1ala que la entrega de reconocimientos a trayectoria de maestras y maestros es prueba de ello.<\/em><\/strong><\/p>\n\n\n\n<p>Torre\u00f3n, Coahuila de Zaragoza; a 15 de Mayo de 2023.- El gobernador Miguel \u00c1ngel Riquelme Sol\u00eds, al encabezar la reuni\u00f3n del Subcomit\u00e9 T\u00e9cnico Regional Covid-19 Laguna, destac\u00f3 que con motivo de la celebraci\u00f3n del Dia del Maestro, en Coahuila no hubo marchas, se entregaron reconocimientos a las y los maestros por a\u00f1os de servicio y se reconoci\u00f3 a todas y todos por su labor, y que con ello se da una buena muestra del equilibrio y de paz laboral que se vive en la entidad.<\/p>\n\n\n\n<p>Reconoci\u00f3 adem\u00e1s la labor positiva entre sociedad y Gobierno, y la participaci\u00f3n ciudadana, y que las decisiones conjuntas en su Administraci\u00f3n son parte de una disciplina, por lo que no hay ninguna sorpresa para ning\u00fan sector.<\/p>\n\n\n<div class=\"wp-block-image\">\n<figure class=\"aligncenter size-large is-resized\"><img loading=\"lazy\" decoding=\"async\" src=\"https:\/\/elperiodicodesaltillo.com\/wp\/wp-content\/uploads\/2023\/05\/muestra-1024x685.jpg\" alt=\"\" class=\"wp-image-26219\" width=\"512\" height=\"343\" srcset=\"https:\/\/elperiodicodesaltillo.com\/wp\/wp-content\/uploads\/2023\/05\/muestra-1024x685.jpg 1024w, https:\/\/elperiodicodesaltillo.com\/wp\/wp-content\/uploads\/2023\/05\/muestra-300x201.jpg 300w, https:\/\/elperiodicodesaltillo.com\/wp\/wp-content\/uploads\/2023\/05\/muestra-768x514.jpg 768w, https:\/\/elperiodicodesaltillo.com\/wp\/wp-content\/uploads\/2023\/05\/muestra-1536x1027.jpg 1536w, https:\/\/elperiodicodesaltillo.com\/wp\/wp-content\/uploads\/2023\/05\/muestra-696x465.jpg 696w, https:\/\/elperiodicodesaltillo.com\/wp\/wp-content\/uploads\/2023\/05\/muestra-1068x714.jpg 1068w, https:\/\/elperiodicodesaltillo.com\/wp\/wp-content\/uploads\/2023\/05\/muestra-628x420.jpg 628w, https:\/\/elperiodicodesaltillo.com\/wp\/wp-content\/uploads\/2023\/05\/muestra.jpg 1600w\" sizes=\"auto, (max-width: 512px) 100vw, 512px\" \/><\/figure>\n<\/div>\n\n\n<p>\u201cLa participaci\u00f3n ha sido muy efectiva en la gobernabilidad de Coahuila\u201d, puntualiz\u00f3, y cit\u00f3 que para dar atenci\u00f3n a los temas de salud, se detuvo el proceso de algunas obras, el tiempo de entrega, sobre todo, pero que la sociedad lo entendi\u00f3.<\/p>\n\n\n\n<p>Por otro lado, Riquelme Sol\u00eds agradeci\u00f3 a quienes participaron en el Operativo de Seguridad en torno al juego que tuvo el Santos Laguna la semana anterior, pero tambi\u00e9n en lo relacionado a los festejos por el D\u00eda de la Madre.<\/p>\n\n\n\n<p>Record\u00f3 que recientemente hubo un enfrentamiento en la parte norte de la entidad, y agradeci\u00f3 el apoyo del Ej\u00e9rcito Mexicano y Guardia Nacional, ya que el trabajo conjunto permiti\u00f3 repeler la agresi\u00f3n.<\/p>\n\n\n\n<p>De la misma manera, y debido a la cercan\u00eda con el proceso electoral, Miguel Riquelme inst\u00f3 a que se lleve a cabo una reuni\u00f3n entre alcaldes de La Laguna y autoridades militares para que cada coahuilense vote, no importa la lejan\u00eda de cada lugar.&nbsp;<\/p>\n\n\n\n<p>\u201cLa semana entrante nos acompa\u00f1ar\u00e1 al Consejero Jur\u00eddico para ver lo de la Ley Seca, y que la parte de comercio est\u00e9 enterada de los horarios establecidos y muy claros de lo que se puede y no hacer, para tratar de preestablecer los filtros\u201d, se\u00f1al\u00f3.&nbsp;<\/p>\n\n\n\n<p>Miguel Riquelme mencion\u00f3 que solicitar\u00e1 al Gobernador de Durango, Esteban Villegas Villarreal, que se tome en cuenta que habr\u00e1 proceso electoral en Coahuila para que no se entorpezca con la venta de bebidas, pues la entidad ha sido solidaria cuando se efect\u00faa uno similar: \u201cBuscaremos que se lleve a cabo en suma transparencia y con respeto a nuestro marco jur\u00eddico\u201d.&nbsp;<\/p>\n\n\n\n<p>ACUERDO<\/p>\n\n\n\n<p>En esta mesa se acord\u00f3:&nbsp;<\/p>\n\n\n\n<p>+ Autorizar al Coliseo Centenario el concierto de Pepe Aguilar \u201cJaripeo Sin Fronteras\u201d, para el 19 de mayo.&nbsp;<\/p>\n\n\n\n<p>VACUNAS CONTRA EL COVID&nbsp;<\/p>\n\n\n\n<p>Fernando Sim\u00f3n Guti\u00e9rrez P\u00e9rez, titular de Comunicaci\u00f3n e Imagen Institucional del Estado y Coordinador de este Subcomit\u00e9, comparti\u00f3 que en la Regi\u00f3n Laguna fueron aplicadas 401 vacunas contra el coronavirus en la semana.&nbsp;<\/p>\n\n\n\n<p>FIN DE LA EMERGENCIA SANITARIA POR COVID-19&nbsp;<\/p>\n\n\n\n<p>Asimismo, Roberto Bernal G\u00f3mez, Secretario de Salud de Coahuila, coment\u00f3 que al momento son 189 los nuevos contagios por coronavirus en la entidad, 14 hospitalizados y que ha habido tres decesos recientemente; los casos activos, son 301.<\/p>\n\n\n\n<p>Bernal G\u00f3mez record\u00f3 que ya se dio el fin de emergencia sanitaria por Covid-19 y expres\u00f3 que es momento de realizar un an\u00e1lisis concienzudo de errores y aciertos, de triunfos y fracasos: \u201cNo s\u00f3lo para alcanzar una nueva, sino una mejor normalidad\u201d.<\/p>\n\n\n\n<p>Concluy\u00f3 que se debe recordar lo vivido para no cometer los mismos errores, y que la vacunaci\u00f3n peri\u00f3dica contra el Covid-19 deber\u00e1 continuar adaptada a las nuevas variantes circulares, y se deber\u00e1n tener medidas de contenci\u00f3n selectivas.&nbsp;<\/p>\n\n\n\n<p>\u201cCoahuila fue ejemplo nacional con la creaci\u00f3n de Subcomit\u00e9s, y sugiero que contin\u00faen para que nos sigan ayudando a tomar decisiones para beneficio de la poblaci\u00f3n\u201d, puntualiz\u00f3.&nbsp;<\/p>\n\n\n\n<p>AVANCE DEL SV4C<\/p>\n\n\n\n<p>Por otra parte, el Secretario de Infraestructura, Desarrollo Urbano y Movilidad (SIDUM) de Coahuila, Miguel \u00c1ngel Algara Acosta, detall\u00f3 que la obra del Sistema Vial Cuatro Caminos (SV4C) presenta un 84 por ciento de avance.&nbsp;<\/p>\n\n\n\n<p>Por otra parte, sobre el Paso Villa Florida, Juan Adolfo Von Bertrab Saracho, Director de Obras P\u00fablicas de Torre\u00f3n, inform\u00f3 que presenta con un 58 por ciento de avance.&nbsp;<\/p>\n\n\n\n<p>A la reuni\u00f3n del Subcomit\u00e9 Regional Laguna acudieron los alcaldes Rom\u00e1n Alberto Cepeda Gonz\u00e1lez, de Torre\u00f3n; El\u00edas Portillo V\u00e1zquez, de Sierra Mojada; David Ruiz Mej\u00eda, de San Pedro de las Colonias; Hilario Escobedo de la Paz, de Viesca, y Miguel \u00c1ngel Ram\u00edrez L\u00f3pez, de Matamoros.<\/p>\n\n\n\n<p>Adem\u00e1s de Francisco Saracho Navarro, Secretario de Educaci\u00f3n del Estado; el General de Brigada DEM Vicente Antonio Hern\u00e1ndez S\u00e1nchez, representante del Ej\u00e9rcito Mexicano; Flor Renter\u00eda Medina, Coordinadora de Servicios Educativos en La Laguna, y el teniente Adelaido Flores D\u00edaz, Coordinador de Seguridad P\u00fablica en La Laguna.<\/p>\n\n\n\n<p>As\u00ed como de representantes de hospitales p\u00fablicos y privados, empresas, comercios, c\u00e1maras, clubes deportivos, centros de espect\u00e1culos y funcionarios estatales y municipales de esta regi\u00f3n.<\/p>\n","protected":false},"excerpt":{"rendered":"<p>\u00b7&nbsp;&nbsp;&nbsp;&nbsp;&nbsp;&nbsp;&nbsp;El gobernador Miguel Riquelme se\u00f1ala que la entrega de reconocimientos a trayectoria de maestras y maestros es prueba de ello. Torre\u00f3n, Coahuila de Zaragoza; a 15 de Mayo de 2023.- El gobernador Miguel \u00c1ngel Riquelme Sol\u00eds, al encabezar la reuni\u00f3n del Subcomit\u00e9 T\u00e9cnico Regional Covid-19 Laguna, destac\u00f3 que con motivo de la celebraci\u00f3n del Dia [&hellip;]<\/p>\n","protected":false},"author":1,"featured_media":26219,"comment_status":"closed","ping_status":"closed","sticky":false,"template":"","format":"standard","meta":{"footnotes":""},"categories":[21],"tags":[],"class_list":["post-26218","post","type-post","status-publish","format-standard","has-post-thumbnail","hentry","category-coahuila"],"_links":{"self":[{"href":"https:\/\/elperiodicodesaltillo.com\/wp\/wp-json\/wp\/v2\/posts\/26218","targetHints":{"allow":["GET"]}}],"collection":[{"href":"https:\/\/elperiodicodesaltillo.com\/wp\/wp-json\/wp\/v2\/posts"}],"about":[{"href":"https:\/\/elperiodicodesaltillo.com\/wp\/wp-json\/wp\/v2\/types\/post"}],"author":[{"embeddable":true,"href":"https:\/\/elperiodicodesaltillo.com\/wp\/wp-json\/wp\/v2\/users\/1"}],"replies":[{"embeddable":true,"href":"https:\/\/elperiodicodesaltillo.com\/wp\/wp-json\/wp\/v2\/comments?post=26218"}],"version-history":[{"count":1,"href":"https:\/\/elperiodicodesaltillo.com\/wp\/wp-json\/wp\/v2\/posts\/26218\/revisions"}],"predecessor-version":[{"id":26220,"href":"https:\/\/elperiodicodesaltillo.com\/wp\/wp-json\/wp\/v2\/posts\/26218\/revisions\/26220"}],"wp:featuredmedia":[{"embeddable":true,"href":"https:\/\/elperiodicodesaltillo.com\/wp\/wp-json\/wp\/v2\/media\/26219"}],"wp:attachment":[{"href":"https:\/\/elperiodicodesaltillo.com\/wp\/wp-json\/wp\/v2\/media?parent=26218"}],"wp:term":[{"taxonomy":"category","embeddable":true,"href":"https:\/\/elperiodicodesaltillo.com\/wp\/wp-json\/wp\/v2\/categories?post=26218"},{"taxonomy":"post_tag","embeddable":true,"href":"https:\/\/elperiodicodesaltillo.com\/wp\/wp-json\/wp\/v2\/tags?post=26218"}],"curies":[{"name":"wp","href":"https:\/\/api.w.org\/{rel}","templated":true}]}}