{"id":26242,"date":"2023-05-17T19:05:00","date_gmt":"2023-05-17T19:05:00","guid":{"rendered":"https:\/\/elperiodicodesaltillo.com\/wp\/?p=26242"},"modified":"2023-05-19T19:06:39","modified_gmt":"2023-05-19T19:06:39","slug":"todo-mi-compromiso-y-apoyo-para-el-campo-coahuilense-manolo","status":"publish","type":"post","link":"https:\/\/elperiodicodesaltillo.com\/wp\/2023\/05\/17\/todo-mi-compromiso-y-apoyo-para-el-campo-coahuilense-manolo\/","title":{"rendered":"<strong>Todo mi compromiso y apoyo para el campo coahuilense: Manolo<\/strong>"},"content":{"rendered":"\n<p>\u00b7&nbsp;&nbsp;&nbsp;&nbsp;&nbsp;&nbsp; <strong><em>Desde la regi\u00f3n Laguna refrenda su compromiso con el campo, la seguridad y el desarrollo social<\/em><\/strong><\/p>\n\n\n\n<p>San Pedro, Coahuila; 17 de mayo de 2023.- Durante su visita al ejido Luchanas, del municipio de San Pedro de las Colonias, el candidato a gobernador de la Alianza Ciudadana por la Seguridad, Manolo Jim\u00e9nez Salinas, destac\u00f3 que su gobierno tendr\u00e1 como prioridad potenciar al campo coahuilense con proyectos, programas, obras y acciones para las familias productoras.<\/p>\n\n\n\n<p>\u201cMi compromiso con el campo de Coahuila es hacer grandes programas y proyectos para ayudar a nuestras hermanas y hermanos campesinos, estamos con ustedes; quiero ser el gobernador del campo\u201d apunt\u00f3.<\/p>\n\n\n\n<p>Acompa\u00f1ado por la candidata a diputada local por el distrito cuatro, Guadalupe Oyervides, y del candidato a diputado local por el distrito siete, Ra\u00fal Onofre, el abanderado de la coalici\u00f3n PRI-PAN-PRD, agreg\u00f3 que se impulsar\u00e1 la diversificaci\u00f3n de la econom\u00eda del campo con una visi\u00f3n sostenible e inclusiva, que promueva la participaci\u00f3n de j\u00f3venes y mujeres.<\/p>\n\n\n<div class=\"wp-block-image\">\n<figure class=\"aligncenter size-full is-resized\"><img loading=\"lazy\" decoding=\"async\" src=\"https:\/\/elperiodicodesaltillo.com\/wp\/wp-content\/uploads\/2023\/05\/campocoahuilense.jpg\" alt=\"\" class=\"wp-image-26243\" width=\"512\" height=\"342\" srcset=\"https:\/\/elperiodicodesaltillo.com\/wp\/wp-content\/uploads\/2023\/05\/campocoahuilense.jpg 1024w, https:\/\/elperiodicodesaltillo.com\/wp\/wp-content\/uploads\/2023\/05\/campocoahuilense-300x200.jpg 300w, https:\/\/elperiodicodesaltillo.com\/wp\/wp-content\/uploads\/2023\/05\/campocoahuilense-768x512.jpg 768w, https:\/\/elperiodicodesaltillo.com\/wp\/wp-content\/uploads\/2023\/05\/campocoahuilense-696x464.jpg 696w, https:\/\/elperiodicodesaltillo.com\/wp\/wp-content\/uploads\/2023\/05\/campocoahuilense-630x420.jpg 630w\" sizes=\"auto, (max-width: 512px) 100vw, 512px\" \/><\/figure>\n<\/div>\n\n\n<p>\u201cTraemos propuestas de retomar algunos de los programas que les quitaron a nuestra gente; hay una gran diferencia entre los programas que exist\u00edan hace cuatro a\u00f1os y los que existen ahora de beneficio al campo, vamos a hacer programas para sembrar, comprar maquinaria, mejorar la gen\u00e9tica del ganado, obras de infraestructura en los ejidos, pozos de abrevadero, desazolve y caminos rurales\u201d, apunt\u00f3.<\/p>\n\n\n\n<p>Se\u00f1al\u00f3 que estos programas se realizar\u00e1n con esquemas financieros en equipo con la iniciativa privada con el objetivo de fortalecer el campo de Coahuila.<\/p>\n\n\n\n<p>As\u00ed mismo, Jim\u00e9nez Salinas sostuvo diversos encuentros en Torre\u00f3n con organizaciones de la sociedad civil para presentarles su propuesta en materia de seguridad y justicia; y con miles de ciudadanos del distrito ocho, acompa\u00f1ado del candidato a diputado local,&nbsp;Gerardo&nbsp;Aguado.<\/p>\n","protected":false},"excerpt":{"rendered":"<p>\u00b7&nbsp;&nbsp;&nbsp;&nbsp;&nbsp;&nbsp; Desde la regi\u00f3n Laguna refrenda su compromiso con el campo, la seguridad y el desarrollo social San Pedro, Coahuila; 17 de mayo de 2023.- Durante su visita al ejido Luchanas, del municipio de San Pedro de las Colonias, el candidato a gobernador de la Alianza Ciudadana por la Seguridad, Manolo Jim\u00e9nez Salinas, destac\u00f3 que [&hellip;]<\/p>\n","protected":false},"author":1,"featured_media":26243,"comment_status":"closed","ping_status":"closed","sticky":false,"template":"","format":"standard","meta":{"footnotes":""},"categories":[21],"tags":[],"class_list":["post-26242","post","type-post","status-publish","format-standard","has-post-thumbnail","hentry","category-coahuila"],"_links":{"self":[{"href":"https:\/\/elperiodicodesaltillo.com\/wp\/wp-json\/wp\/v2\/posts\/26242","targetHints":{"allow":["GET"]}}],"collection":[{"href":"https:\/\/elperiodicodesaltillo.com\/wp\/wp-json\/wp\/v2\/posts"}],"about":[{"href":"https:\/\/elperiodicodesaltillo.com\/wp\/wp-json\/wp\/v2\/types\/post"}],"author":[{"embeddable":true,"href":"https:\/\/elperiodicodesaltillo.com\/wp\/wp-json\/wp\/v2\/users\/1"}],"replies":[{"embeddable":true,"href":"https:\/\/elperiodicodesaltillo.com\/wp\/wp-json\/wp\/v2\/comments?post=26242"}],"version-history":[{"count":1,"href":"https:\/\/elperiodicodesaltillo.com\/wp\/wp-json\/wp\/v2\/posts\/26242\/revisions"}],"predecessor-version":[{"id":26244,"href":"https:\/\/elperiodicodesaltillo.com\/wp\/wp-json\/wp\/v2\/posts\/26242\/revisions\/26244"}],"wp:featuredmedia":[{"embeddable":true,"href":"https:\/\/elperiodicodesaltillo.com\/wp\/wp-json\/wp\/v2\/media\/26243"}],"wp:attachment":[{"href":"https:\/\/elperiodicodesaltillo.com\/wp\/wp-json\/wp\/v2\/media?parent=26242"}],"wp:term":[{"taxonomy":"category","embeddable":true,"href":"https:\/\/elperiodicodesaltillo.com\/wp\/wp-json\/wp\/v2\/categories?post=26242"},{"taxonomy":"post_tag","embeddable":true,"href":"https:\/\/elperiodicodesaltillo.com\/wp\/wp-json\/wp\/v2\/tags?post=26242"}],"curies":[{"name":"wp","href":"https:\/\/api.w.org\/{rel}","templated":true}]}}