{"id":26329,"date":"2023-05-24T16:17:00","date_gmt":"2023-05-24T16:17:00","guid":{"rendered":"https:\/\/elperiodicodesaltillo.com\/wp\/?p=26329"},"modified":"2023-05-26T16:18:39","modified_gmt":"2023-05-26T16:18:39","slug":"este-4-de-junio-defenderemos-la-seguridad-de-coahuila","status":"publish","type":"post","link":"https:\/\/elperiodicodesaltillo.com\/wp\/2023\/05\/24\/este-4-de-junio-defenderemos-la-seguridad-de-coahuila\/","title":{"rendered":"<strong>Este 4 de junio defenderemos la seguridad de Coahuila<\/strong>"},"content":{"rendered":"\n<p>\u00b7&nbsp;&nbsp;&nbsp;&nbsp;&nbsp;&nbsp; <strong><em>Durante su visita a Torre\u00f3n Manolo Jim\u00e9nez visit\u00f3 comerciantes del mercado Alianza, trabajadores de Pe\u00f1oles y empresarios y mantuvo encuentros masivos con miles de ciudadanos y simpatizantes<\/em><\/strong><\/p>\n\n\n\n<p>Torre\u00f3n, Coahuila; 24 de mayo de 2023.- Durante gira por la Regi\u00f3n Laguna, el candidato a la gobernatura de la coalici\u00f3n PRI-PAN-PRD, Manolo Jim\u00e9nez Salinas, record\u00f3 que un voto por la Alianza Ciudadana&nbsp; es un voto por la seguridad de cada coahuilense.<\/p>\n\n\n\n<p>\u201cHemos trabajado incansablemente para que en Coahuila reinen la seguridad, paz y prosperidad; estas condiciones las hemos construido y alcanzado entre todos y tenemos que defenderlas el pr\u00f3ximo 4 de junio\u00bb, se\u00f1al\u00f3.<\/p>\n\n\n\n<p>Jim\u00e9nez Salinas hizo un llamado desde la Regi\u00f3n Laguna a defender Coahuila el pr\u00f3ximo 4 de junio, para mantener lo bueno que se tiene e innovar y cambiar lo que haya que mejorar para el bien de las familias coahuilenses.<\/p>\n\n\n<div class=\"wp-block-image\">\n<figure class=\"aligncenter size-full is-resized\"><img loading=\"lazy\" decoding=\"async\" src=\"https:\/\/elperiodicodesaltillo.com\/wp\/wp-content\/uploads\/2023\/05\/seguridaddefendida.jpg\" alt=\"\" class=\"wp-image-26330\" width=\"512\" height=\"342\" srcset=\"https:\/\/elperiodicodesaltillo.com\/wp\/wp-content\/uploads\/2023\/05\/seguridaddefendida.jpg 1024w, https:\/\/elperiodicodesaltillo.com\/wp\/wp-content\/uploads\/2023\/05\/seguridaddefendida-300x200.jpg 300w, https:\/\/elperiodicodesaltillo.com\/wp\/wp-content\/uploads\/2023\/05\/seguridaddefendida-768x512.jpg 768w, https:\/\/elperiodicodesaltillo.com\/wp\/wp-content\/uploads\/2023\/05\/seguridaddefendida-696x464.jpg 696w, https:\/\/elperiodicodesaltillo.com\/wp\/wp-content\/uploads\/2023\/05\/seguridaddefendida-630x420.jpg 630w\" sizes=\"auto, (max-width: 512px) 100vw, 512px\" \/><\/figure>\n<\/div>\n\n\n<p>\u201cEs importante consolidar nuestra democracia y nuestra alianza. Cada voto cuenta, y cada voto por la alianza ciudadana es un voto por la seguridad de cada coahuilense\u201d, apunt\u00f3.<\/p>\n\n\n\n<p>Durante los encuentros con la ciudadan\u00eda estuvo acompa\u00f1ado por las candidatas a diputadas locales por los distritos 09 y 11, Blanca Lamas y Olivia Mart\u00ednez, respectivamente, por quienes tambi\u00e9n pidi\u00f3 la confianza de la ciudadan\u00eda para que la representen en el Congreso local.<\/p>\n\n\n\n<p>As\u00ed mismo, Manolo Jim\u00e9nez record\u00f3 que uno de sus principales compromisos con la poblaci\u00f3n es mantener a Coahuila blindado con acciones de prevenci\u00f3n, proximidad,&nbsp; inteligencia y fuerza; as\u00ed como un gran programa de salud popular, reforzamiento de programas sociales y de oportunidades para j\u00f3venes y mujeres.<\/p>\n","protected":false},"excerpt":{"rendered":"<p>\u00b7&nbsp;&nbsp;&nbsp;&nbsp;&nbsp;&nbsp; Durante su visita a Torre\u00f3n Manolo Jim\u00e9nez visit\u00f3 comerciantes del mercado Alianza, trabajadores de Pe\u00f1oles y empresarios y mantuvo encuentros masivos con miles de ciudadanos y simpatizantes Torre\u00f3n, Coahuila; 24 de mayo de 2023.- Durante gira por la Regi\u00f3n Laguna, el candidato a la gobernatura de la coalici\u00f3n PRI-PAN-PRD, Manolo Jim\u00e9nez Salinas, record\u00f3 que [&hellip;]<\/p>\n","protected":false},"author":1,"featured_media":26330,"comment_status":"closed","ping_status":"closed","sticky":false,"template":"","format":"standard","meta":{"footnotes":""},"categories":[21],"tags":[],"class_list":["post-26329","post","type-post","status-publish","format-standard","has-post-thumbnail","hentry","category-coahuila"],"_links":{"self":[{"href":"https:\/\/elperiodicodesaltillo.com\/wp\/wp-json\/wp\/v2\/posts\/26329","targetHints":{"allow":["GET"]}}],"collection":[{"href":"https:\/\/elperiodicodesaltillo.com\/wp\/wp-json\/wp\/v2\/posts"}],"about":[{"href":"https:\/\/elperiodicodesaltillo.com\/wp\/wp-json\/wp\/v2\/types\/post"}],"author":[{"embeddable":true,"href":"https:\/\/elperiodicodesaltillo.com\/wp\/wp-json\/wp\/v2\/users\/1"}],"replies":[{"embeddable":true,"href":"https:\/\/elperiodicodesaltillo.com\/wp\/wp-json\/wp\/v2\/comments?post=26329"}],"version-history":[{"count":1,"href":"https:\/\/elperiodicodesaltillo.com\/wp\/wp-json\/wp\/v2\/posts\/26329\/revisions"}],"predecessor-version":[{"id":26331,"href":"https:\/\/elperiodicodesaltillo.com\/wp\/wp-json\/wp\/v2\/posts\/26329\/revisions\/26331"}],"wp:featuredmedia":[{"embeddable":true,"href":"https:\/\/elperiodicodesaltillo.com\/wp\/wp-json\/wp\/v2\/media\/26330"}],"wp:attachment":[{"href":"https:\/\/elperiodicodesaltillo.com\/wp\/wp-json\/wp\/v2\/media?parent=26329"}],"wp:term":[{"taxonomy":"category","embeddable":true,"href":"https:\/\/elperiodicodesaltillo.com\/wp\/wp-json\/wp\/v2\/categories?post=26329"},{"taxonomy":"post_tag","embeddable":true,"href":"https:\/\/elperiodicodesaltillo.com\/wp\/wp-json\/wp\/v2\/tags?post=26329"}],"curies":[{"name":"wp","href":"https:\/\/api.w.org\/{rel}","templated":true}]}}