{"id":26377,"date":"2023-05-28T14:00:00","date_gmt":"2023-05-28T14:00:00","guid":{"rendered":"https:\/\/elperiodicodesaltillo.com\/wp\/?p=26377"},"modified":"2023-05-30T14:01:37","modified_gmt":"2023-05-30T14:01:37","slug":"trabajo-en-equipo-mantendra-el-desarrollo-y-la-calidad-de-vida-manolo","status":"publish","type":"post","link":"https:\/\/elperiodicodesaltillo.com\/wp\/2023\/05\/28\/trabajo-en-equipo-mantendra-el-desarrollo-y-la-calidad-de-vida-manolo\/","title":{"rendered":"<strong>Trabajo en equipo mantendr\u00e1 el desarrollo y la calidad de vida: Manolo<\/strong>"},"content":{"rendered":"\n<p>\u00b7&nbsp;&nbsp;&nbsp;&nbsp;&nbsp;&nbsp;&nbsp;<strong><em>Viene lo mejor para las regiones Norte y Cinco Manantiales con la f\u00f3rmula Manolo-Chuma- Memo<\/em><\/strong><\/p>\n\n\n\n<p>Piedras Negras, Coahuila; 28 de mayo de 2023.- Al encabezar el cierre de su campa\u00f1a en las regiones Norte y Cinco Manantiales, el candidato a gobernador de la Alianza Ciudadana por la Seguridad, Manolo Jim\u00e9nez Salinas, resalt\u00f3 que su gobierno trabajar\u00e1 en equipo con las y los ciudadanos para mantener la seguridad, el desarrollo econ\u00f3mico y la calidad de vida de las familias coahuilenses.<\/p>\n\n\n\n<p>De la mano de su esposa Paola Rodr\u00edguez L\u00f3pez, en su cuarto cierre de campa\u00f1a regional, el candidato de la coalici\u00f3n PRI-PAN-PRD se\u00f1al\u00f3 que durante m\u00e1s de 50 d\u00edas ha recorrido todo el estado para llevar sus proyectos y propuestas a todos los sectores de la poblaci\u00f3n, en donde tuvo la oportunidad de reforzar su plataforma a pol\u00edtica gracias a la participaci\u00f3n de la ciudadan\u00eda que lo acompa\u00f1\u00f3 en sus recorridos por los 38 municipios del estado.<\/p>\n\n\n<div class=\"wp-block-image\">\n<figure class=\"aligncenter size-full is-resized\"><img loading=\"lazy\" decoding=\"async\" src=\"https:\/\/elperiodicodesaltillo.com\/wp\/wp-content\/uploads\/2023\/05\/desarrollomanolo.jpg\" alt=\"\" class=\"wp-image-26378\" width=\"512\" height=\"341\" srcset=\"https:\/\/elperiodicodesaltillo.com\/wp\/wp-content\/uploads\/2023\/05\/desarrollomanolo.jpg 1024w, https:\/\/elperiodicodesaltillo.com\/wp\/wp-content\/uploads\/2023\/05\/desarrollomanolo-300x200.jpg 300w, https:\/\/elperiodicodesaltillo.com\/wp\/wp-content\/uploads\/2023\/05\/desarrollomanolo-768x512.jpg 768w, https:\/\/elperiodicodesaltillo.com\/wp\/wp-content\/uploads\/2023\/05\/desarrollomanolo-696x464.jpg 696w, https:\/\/elperiodicodesaltillo.com\/wp\/wp-content\/uploads\/2023\/05\/desarrollomanolo-631x420.jpg 631w\" sizes=\"auto, (max-width: 512px) 100vw, 512px\" \/><\/figure>\n<\/div>\n\n\n<p>\u00abEn equipo con los candidatos a diputados locales Chuma Montemayor y Memo Ruiz, vamos a trabajar para traer grandes obras y programas a las regiones Norte y Cinco Manantiales, y junto con ustedes tendremos el gobierno m\u00e1s ciudadano en la historia de Coahuila\u00bb, agreg\u00f3.<\/p>\n\n\n\n<p>As\u00ed mismo, hizo un llamado a la poblaci\u00f3n para que le permitan servirle desde el gobierno del estado y juntos llevar a Coahuila al siguiente nivel.<\/p>\n\n\n\n<p>\u00abEste cuatro de junio con este gran equipo hay que salir con todo y ese d\u00eda el amor le va a ganar al odio, el trabajo le va a ganar a la grilla, la verdad le va a ganar a las mentiras, los resultados a las ocurrencias, el presente y el futuro de nuestros hijos le va a ganar a todo porque es lo m\u00e1s importante que tenemos en la vida, por eso vamos todos juntos a seguir construyendo la grandeza de esta tierra bendita\u00bb, se\u00f1al\u00f3.<\/p>\n","protected":false},"excerpt":{"rendered":"<p>\u00b7&nbsp;&nbsp;&nbsp;&nbsp;&nbsp;&nbsp;&nbsp;Viene lo mejor para las regiones Norte y Cinco Manantiales con la f\u00f3rmula Manolo-Chuma- Memo Piedras Negras, Coahuila; 28 de mayo de 2023.- Al encabezar el cierre de su campa\u00f1a en las regiones Norte y Cinco Manantiales, el candidato a gobernador de la Alianza Ciudadana por la Seguridad, Manolo Jim\u00e9nez Salinas, resalt\u00f3 que su gobierno [&hellip;]<\/p>\n","protected":false},"author":1,"featured_media":26378,"comment_status":"closed","ping_status":"closed","sticky":false,"template":"","format":"standard","meta":{"footnotes":""},"categories":[21],"tags":[],"class_list":["post-26377","post","type-post","status-publish","format-standard","has-post-thumbnail","hentry","category-coahuila"],"_links":{"self":[{"href":"https:\/\/elperiodicodesaltillo.com\/wp\/wp-json\/wp\/v2\/posts\/26377","targetHints":{"allow":["GET"]}}],"collection":[{"href":"https:\/\/elperiodicodesaltillo.com\/wp\/wp-json\/wp\/v2\/posts"}],"about":[{"href":"https:\/\/elperiodicodesaltillo.com\/wp\/wp-json\/wp\/v2\/types\/post"}],"author":[{"embeddable":true,"href":"https:\/\/elperiodicodesaltillo.com\/wp\/wp-json\/wp\/v2\/users\/1"}],"replies":[{"embeddable":true,"href":"https:\/\/elperiodicodesaltillo.com\/wp\/wp-json\/wp\/v2\/comments?post=26377"}],"version-history":[{"count":1,"href":"https:\/\/elperiodicodesaltillo.com\/wp\/wp-json\/wp\/v2\/posts\/26377\/revisions"}],"predecessor-version":[{"id":26379,"href":"https:\/\/elperiodicodesaltillo.com\/wp\/wp-json\/wp\/v2\/posts\/26377\/revisions\/26379"}],"wp:featuredmedia":[{"embeddable":true,"href":"https:\/\/elperiodicodesaltillo.com\/wp\/wp-json\/wp\/v2\/media\/26378"}],"wp:attachment":[{"href":"https:\/\/elperiodicodesaltillo.com\/wp\/wp-json\/wp\/v2\/media?parent=26377"}],"wp:term":[{"taxonomy":"category","embeddable":true,"href":"https:\/\/elperiodicodesaltillo.com\/wp\/wp-json\/wp\/v2\/categories?post=26377"},{"taxonomy":"post_tag","embeddable":true,"href":"https:\/\/elperiodicodesaltillo.com\/wp\/wp-json\/wp\/v2\/tags?post=26377"}],"curies":[{"name":"wp","href":"https:\/\/api.w.org\/{rel}","templated":true}]}}