{"id":26538,"date":"2023-06-03T18:50:19","date_gmt":"2023-06-03T18:50:19","guid":{"rendered":"https:\/\/elperiodicodesaltillo.com\/wp\/?p=26538"},"modified":"2023-06-03T18:50:20","modified_gmt":"2023-06-03T18:50:20","slug":"cierra-manolo-con-fuerza-foros-juveniles-pulso-23","status":"publish","type":"post","link":"https:\/\/elperiodicodesaltillo.com\/wp\/2023\/06\/03\/cierra-manolo-con-fuerza-foros-juveniles-pulso-23\/","title":{"rendered":"<strong>Cierra Manolo con fuerza foros juveniles Pulso 23<\/strong>"},"content":{"rendered":"\n<p>\u00b7&nbsp;&nbsp;&nbsp;&nbsp;&nbsp;&nbsp;&nbsp;<strong><em>En la ciudad de Saltillo el candidato del PRI-PAN-PRD cerr\u00f3 con fuerza los foros regionales Pulso 23 en la Sureste, haciendo equipo con las y los j\u00f3venes por el bien de Coahuila<\/em><\/strong><\/p>\n\n\n\n<p>Saltillo, Coahuila, a 30 de Mayo de 2023.- A un d\u00eda de concluir su campa\u00f1a, el candidato a gobernador de la Alianza Ciudadana por la Seguridad, Manolo Jim\u00e9nez Salinas, llev\u00f3 a cabo el \u00faltimo encuentro de los foros Pulso 23, un gran programa para escuchar a las juventudes coahuilenses y presentarle sus propuestas encaminadas a impulsar a quienes son el presente y futuro de Coahuila.<\/p>\n\n\n\n<p>\u00abLes pido que me permitan servirles para juntos trabajar en equipo&nbsp; por este gran estado, impulsar a los liderazgos juveniles y desarrollar programas, obras y acciones para que todas las y los j\u00f3venes tengan m\u00e1s oportunidades en las \u00e1reas acad\u00e9micas, sociales, culturales, deportivas y de Emprendimiento\u00bb, se\u00f1al\u00f3.<\/p>\n\n\n<div class=\"wp-block-image\">\n<figure class=\"aligncenter size-full is-resized\"><img loading=\"lazy\" decoding=\"async\" src=\"https:\/\/elperiodicodesaltillo.com\/wp\/wp-content\/uploads\/2023\/06\/foto-3.jpg\" alt=\"\" class=\"wp-image-26539\" width=\"512\" height=\"342\" srcset=\"https:\/\/elperiodicodesaltillo.com\/wp\/wp-content\/uploads\/2023\/06\/foto-3.jpg 1024w, https:\/\/elperiodicodesaltillo.com\/wp\/wp-content\/uploads\/2023\/06\/foto-3-300x200.jpg 300w, https:\/\/elperiodicodesaltillo.com\/wp\/wp-content\/uploads\/2023\/06\/foto-3-768x512.jpg 768w, https:\/\/elperiodicodesaltillo.com\/wp\/wp-content\/uploads\/2023\/06\/foto-3-696x464.jpg 696w, https:\/\/elperiodicodesaltillo.com\/wp\/wp-content\/uploads\/2023\/06\/foto-3-630x420.jpg 630w\" sizes=\"auto, (max-width: 512px) 100vw, 512px\" \/><\/figure>\n<\/div>\n\n\n<p>De la mano de su esposa Paola Rodr\u00edguez L\u00f3pez, y acompa\u00f1ado&nbsp; por Luz Elena Morales, Mar\u00eda B\u00e1rbara Cepeda, Beatriz Fraustro y \u00c1lvaro Moreira, abanderados de la Alianza Ciudadana a las diputaciones de los distritos 13, 14, 15 y 16, record\u00f3 que este gran programa Pulso 23 se llev\u00f3 a cabo en todo el estado, en donde se reuni\u00f3n con miles de j\u00f3venes y escuch\u00f3 las inquietudes y necesidades de que tienen en cada regi\u00f3n en particular.<\/p>\n\n\n\n<p>As\u00ed mismo, el abanderado de la coalici\u00f3n PRI-PAN-PRD mantuvo una reuni\u00f3n masiva con las diversas organizaciones sindicales de la CROC, en la que estuvieron presentes las&nbsp; candidatas y el candidato a las diputaciones locales por Saltillo, el aspirante a la gubernatura del estado reconoci\u00f3 el trabajo y apoyo que la ciudadan\u00eda le ha brindado a lo largo de su carrera pol\u00edtica.<\/p>\n\n\n\n<p>\u201cQuiero agradecerles su apoyo, es gracias a ustedes que esta Alianza Ciudadana por la Seguridad se ha consolidado y seguir\u00e1 creciendo. Son ustedes los ciudadanos quienes llevar\u00e1n a Coahuila al siguiente nivel\u201d.<\/p>\n\n\n\n<p>\u201cEn este tiempo de campa\u00f1a nos reunimos con grupos de maestros, estudiantes, emprendedores y empresarios de todos los niveles y muchos m\u00e1s; todos liderados por ciudadanos como ustedes, que solamente quieren lo mejor para el presente y futuro de Coahuila. Este domingo tenemos que salir todos a las urnas, estos d\u00edas no son de descanso, sino de seguir trabajando por esta alianza como si fuera el primer d\u00eda de campa\u00f1a\u201d.<\/p>\n\n\n\n<p>Dijo que est\u00e1 seguro que recibir\u00e1 el apoyo de las ciudadanas y ciudadanos coahuilenses para llevar a Coahuila al siguiente nivel, mantenerlo blindado ante la inseguridad, fortalecer las cosas buenas que se han logrado y mejorar las que se deben cambiar.<\/p>\n\n\n\n<p>Finalmente se\u00f1al\u00f3 que su campa\u00f1a va m\u00e1s all\u00e1 de una alianza pol\u00edtica, y que se ha convertido en un frente ciudadano en la b\u00fasqueda com\u00fan de un mejor Coahuila echado pa\u2019delante.<\/p>\n\n\n\n<p>Reafirma Manolo su compromiso con la educaci\u00f3n<\/p>\n\n\n\n<p>Durante su gira de trabajo por Saltillo, Manolo Jim\u00e9nez tambi\u00e9n se reuni\u00f3 con l\u00edderes representantes de la Alianza Educativa para el Bienestar, con quienes firm\u00f3 el Pacto por el Impulso Educativo.<\/p>\n\n\n\n<p>Este documento incluye las directrices estrat\u00e9gicas para impulsar la educaci\u00f3n de los estudiantes, su bienestar y el florecimiento de la sociedad en conjunto, en un esfuerzo que suma a universidades, empresas, profesionales, expertos y sociedad civil en general en un consejo interinstitucional efectivo.<\/p>\n\n\n\n<p>\u201cSi apoyamos a los estudiantes, si los fortalecemos y ayudamos a alcanzar su mejor nivel, estamos fortaleciendo a toda la sociedad, por eso es tan importante que nos unamos con este objetivo en com\u00fan, y trabajar juntos los expertos, los empresarios, el sector educativo y el gobierno\u201d se\u00f1al\u00f3 el candidato.<\/p>\n","protected":false},"excerpt":{"rendered":"<p>\u00b7&nbsp;&nbsp;&nbsp;&nbsp;&nbsp;&nbsp;&nbsp;En la ciudad de Saltillo el candidato del PRI-PAN-PRD cerr\u00f3 con fuerza los foros regionales Pulso 23 en la Sureste, haciendo equipo con las y los j\u00f3venes por el bien de Coahuila Saltillo, Coahuila, a 30 de Mayo de 2023.- A un d\u00eda de concluir su campa\u00f1a, el candidato a gobernador de la Alianza Ciudadana [&hellip;]<\/p>\n","protected":false},"author":1,"featured_media":26539,"comment_status":"closed","ping_status":"closed","sticky":false,"template":"","format":"standard","meta":{"footnotes":""},"categories":[21],"tags":[],"class_list":["post-26538","post","type-post","status-publish","format-standard","has-post-thumbnail","hentry","category-coahuila"],"_links":{"self":[{"href":"https:\/\/elperiodicodesaltillo.com\/wp\/wp-json\/wp\/v2\/posts\/26538","targetHints":{"allow":["GET"]}}],"collection":[{"href":"https:\/\/elperiodicodesaltillo.com\/wp\/wp-json\/wp\/v2\/posts"}],"about":[{"href":"https:\/\/elperiodicodesaltillo.com\/wp\/wp-json\/wp\/v2\/types\/post"}],"author":[{"embeddable":true,"href":"https:\/\/elperiodicodesaltillo.com\/wp\/wp-json\/wp\/v2\/users\/1"}],"replies":[{"embeddable":true,"href":"https:\/\/elperiodicodesaltillo.com\/wp\/wp-json\/wp\/v2\/comments?post=26538"}],"version-history":[{"count":1,"href":"https:\/\/elperiodicodesaltillo.com\/wp\/wp-json\/wp\/v2\/posts\/26538\/revisions"}],"predecessor-version":[{"id":26540,"href":"https:\/\/elperiodicodesaltillo.com\/wp\/wp-json\/wp\/v2\/posts\/26538\/revisions\/26540"}],"wp:featuredmedia":[{"embeddable":true,"href":"https:\/\/elperiodicodesaltillo.com\/wp\/wp-json\/wp\/v2\/media\/26539"}],"wp:attachment":[{"href":"https:\/\/elperiodicodesaltillo.com\/wp\/wp-json\/wp\/v2\/media?parent=26538"}],"wp:term":[{"taxonomy":"category","embeddable":true,"href":"https:\/\/elperiodicodesaltillo.com\/wp\/wp-json\/wp\/v2\/categories?post=26538"},{"taxonomy":"post_tag","embeddable":true,"href":"https:\/\/elperiodicodesaltillo.com\/wp\/wp-json\/wp\/v2\/tags?post=26538"}],"curies":[{"name":"wp","href":"https:\/\/api.w.org\/{rel}","templated":true}]}}