{"id":26557,"date":"2023-06-03T18:54:54","date_gmt":"2023-06-03T18:54:54","guid":{"rendered":"https:\/\/elperiodicodesaltillo.com\/wp\/?p=26557"},"modified":"2023-06-03T18:54:55","modified_gmt":"2023-06-03T18:54:55","slug":"en-equipo-con-los-ciudadanos-vamos-a-ganar-este-4-de-junio-manolo-2","status":"publish","type":"post","link":"https:\/\/elperiodicodesaltillo.com\/wp\/2023\/06\/03\/en-equipo-con-los-ciudadanos-vamos-a-ganar-este-4-de-junio-manolo-2\/","title":{"rendered":"<strong>En equipo con los ciudadanos vamos a ganar este 4 de junio: Manolo<\/strong>"},"content":{"rendered":"\n<p>\u00b7&nbsp;&nbsp;&nbsp;&nbsp;&nbsp;&nbsp;&nbsp;<strong><em>Con el respaldo de m\u00e1s de 15 mil ciudadanos, Manolo Jim\u00e9nez llev\u00f3 a cabo su cierre de campa\u00f1a en la regi\u00f3n Sureste<\/em><\/strong><\/p>\n\n\n\n<p>\u00b7&nbsp;&nbsp;&nbsp;&nbsp;&nbsp;&nbsp;&nbsp;<strong><em>Durante los seis cierres regionales m\u00e1s de 60 mil personas le manifestaron su apoyo total para llevar a Coahuila al siguiente nivel<\/em><\/strong><\/p>\n\n\n\n<p>Saltillo, Coahuila; 31 de mayo de 2023.- Con un gran cierre en la regi\u00f3n Sureste, el candidato a gobernador de la Alianza Ciudadana por la Seguridad, Manolo Jim\u00e9nez Salinas destac\u00f3 que el pr\u00f3ximo 4 de junio la ciudadan\u00eda coahuilense ganar\u00e1 al elegir a la Alianza Ciudadana por la Seguridad para llegar a la gubernatura y al Congreso del Estado.<\/p>\n\n\n\n<p>El abanderado del PRI-PAN-PRD agradeci\u00f3 a las y los coahuilenses por esta gran experiencia y darle la oportunidad de reforzar el gran frente ciudadano que se volvi\u00f3 invencible.<\/p>\n\n\n\n<figure class=\"wp-block-image size-full\"><img loading=\"lazy\" decoding=\"async\" width=\"1024\" height=\"683\" src=\"https:\/\/elperiodicodesaltillo.com\/wp\/wp-content\/uploads\/2023\/06\/extra-3.jpg\" alt=\"\" class=\"wp-image-26558\" srcset=\"https:\/\/elperiodicodesaltillo.com\/wp\/wp-content\/uploads\/2023\/06\/extra-3.jpg 1024w, https:\/\/elperiodicodesaltillo.com\/wp\/wp-content\/uploads\/2023\/06\/extra-3-300x200.jpg 300w, https:\/\/elperiodicodesaltillo.com\/wp\/wp-content\/uploads\/2023\/06\/extra-3-768x512.jpg 768w, https:\/\/elperiodicodesaltillo.com\/wp\/wp-content\/uploads\/2023\/06\/extra-3-696x464.jpg 696w, https:\/\/elperiodicodesaltillo.com\/wp\/wp-content\/uploads\/2023\/06\/extra-3-630x420.jpg 630w\" sizes=\"auto, (max-width: 1024px) 100vw, 1024px\" \/><\/figure>\n\n\n\n<p>\u201c\u00a1Ha sido un gran honor recorrer los 38 municipios de Coahuila y sentir todo su respaldo! Lo que toca ahora es que este domingo demostremos que somos m\u00e1s los que amamos a esta tierra bendita y votemos por todos los candidatos y candidatas de la Alianza Ciudadana para mantener nuestra seguridad, nuestro desarrollo y llevemos a Coahuila al siguiente nivel\u201d.<\/p>\n\n\n\n<p>Acompa\u00f1ado por su esposa Paola Rodr\u00edguez L\u00f3pez, y por las candidatas y candidato Edna D\u00e1valos, Luz Elena Morales, Mar\u00eda Barbara Cepeda, Beatriz Fraustro y \u00c1lvaro Moreira, abanderados de la Alianza Ciudadana a las diputaciones de los distritos 12,13, 14, 15 y 16, Manolo Jim\u00e9nez Salinas resalt\u00f3 que desde hace 60 d\u00edas recorri\u00f3 todo el estado para llevar las mejores propuestas y continuar con la grandeza de Coahuila.<\/p>\n\n\n\n<p>\u00abEste cuatro de junio con este gran equipo el amor le va a ganar al odio, el trabajo le va a ganar a la grilla, la verdad le va a ganar a las mentiras, los resultados a las ocurrencias, el presente y el futuro de nuestros hijos le va a ganar a todo porque es lo m\u00e1s importante que tenemos en la vida, por eso vamos todos juntos a seguir construyendo la grandeza de esta tierra bendita\u00bb, se\u00f1al\u00f3.<\/p>\n\n\n\n<p>Adem\u00e1s, ante miles de simpatizantes y militantes, Jim\u00e9nez Salinas record\u00f3 que&nbsp; en su proyecto se prioriza la seguridad, el desarrollo econ\u00f3mico, se reforzar\u00e1 el sistema de salud y empoderamiento de las mujeres, m\u00e1s oportunidades para la ni\u00f1ez y la juventud, cuidado del medio ambiente y un gobierno ciudadano y eficiente.<\/p>\n\n\n\n<p>\u201c\u00a1Gracias por tanto amor! \u00a1Gracias por estar todos reunidos hoy aqu\u00ed, para demostrar que esta gran alianza es la m\u00e1s fuerte que ha conocido Coahuila! Nada ni nadie nos detiene, para atr\u00e1s, ni para agarrar vuelo; aqu\u00ed puro pa\u2019delante Coahuila\u201d.<\/p>\n","protected":false},"excerpt":{"rendered":"<p>\u00b7&nbsp;&nbsp;&nbsp;&nbsp;&nbsp;&nbsp;&nbsp;Con el respaldo de m\u00e1s de 15 mil ciudadanos, Manolo Jim\u00e9nez llev\u00f3 a cabo su cierre de campa\u00f1a en la regi\u00f3n Sureste \u00b7&nbsp;&nbsp;&nbsp;&nbsp;&nbsp;&nbsp;&nbsp;Durante los seis cierres regionales m\u00e1s de 60 mil personas le manifestaron su apoyo total para llevar a Coahuila al siguiente nivel Saltillo, Coahuila; 31 de mayo de 2023.- Con un gran cierre [&hellip;]<\/p>\n","protected":false},"author":1,"featured_media":26558,"comment_status":"closed","ping_status":"closed","sticky":false,"template":"","format":"standard","meta":{"footnotes":""},"categories":[21],"tags":[],"class_list":["post-26557","post","type-post","status-publish","format-standard","has-post-thumbnail","hentry","category-coahuila"],"_links":{"self":[{"href":"https:\/\/elperiodicodesaltillo.com\/wp\/wp-json\/wp\/v2\/posts\/26557","targetHints":{"allow":["GET"]}}],"collection":[{"href":"https:\/\/elperiodicodesaltillo.com\/wp\/wp-json\/wp\/v2\/posts"}],"about":[{"href":"https:\/\/elperiodicodesaltillo.com\/wp\/wp-json\/wp\/v2\/types\/post"}],"author":[{"embeddable":true,"href":"https:\/\/elperiodicodesaltillo.com\/wp\/wp-json\/wp\/v2\/users\/1"}],"replies":[{"embeddable":true,"href":"https:\/\/elperiodicodesaltillo.com\/wp\/wp-json\/wp\/v2\/comments?post=26557"}],"version-history":[{"count":1,"href":"https:\/\/elperiodicodesaltillo.com\/wp\/wp-json\/wp\/v2\/posts\/26557\/revisions"}],"predecessor-version":[{"id":26559,"href":"https:\/\/elperiodicodesaltillo.com\/wp\/wp-json\/wp\/v2\/posts\/26557\/revisions\/26559"}],"wp:featuredmedia":[{"embeddable":true,"href":"https:\/\/elperiodicodesaltillo.com\/wp\/wp-json\/wp\/v2\/media\/26558"}],"wp:attachment":[{"href":"https:\/\/elperiodicodesaltillo.com\/wp\/wp-json\/wp\/v2\/media?parent=26557"}],"wp:term":[{"taxonomy":"category","embeddable":true,"href":"https:\/\/elperiodicodesaltillo.com\/wp\/wp-json\/wp\/v2\/categories?post=26557"},{"taxonomy":"post_tag","embeddable":true,"href":"https:\/\/elperiodicodesaltillo.com\/wp\/wp-json\/wp\/v2\/tags?post=26557"}],"curies":[{"name":"wp","href":"https:\/\/api.w.org\/{rel}","templated":true}]}}