{"id":26560,"date":"2023-06-03T18:56:02","date_gmt":"2023-06-03T18:56:02","guid":{"rendered":"https:\/\/elperiodicodesaltillo.com\/wp\/?p=26560"},"modified":"2023-06-03T18:56:03","modified_gmt":"2023-06-03T18:56:03","slug":"reconocen-a-alumnos-de-la-fca-us-por-sus-logros-en-el-xvi-maraton-regional-de-conocimientos-y-en-la-xvii-expo-regional-emprendedora-de-anfeca","status":"publish","type":"post","link":"https:\/\/elperiodicodesaltillo.com\/wp\/2023\/06\/03\/reconocen-a-alumnos-de-la-fca-us-por-sus-logros-en-el-xvi-maraton-regional-de-conocimientos-y-en-la-xvii-expo-regional-emprendedora-de-anfeca\/","title":{"rendered":"<strong>Reconocen a Alumnos de la FCA US por sus Logros en el XVI Marat\u00f3n Regional de Conocimientos y en la XVII Expo Regional Emprendedora de ANFECA<\/strong>"},"content":{"rendered":"\n<p>SALTILLO, Coahuila. 1 de junio de 2023. El rector de la Universidad Aut\u00f3noma de Coahuila, Salvador Hern\u00e1ndez V\u00e9lez, entreg\u00f3 reconocimientos a los alumnos de la Facultad de Ciencias de la Administraci\u00f3n (FCA) Unidad Saltillo, que participaron en el XVI Marat\u00f3n Regional de Conocimientos, que se llev\u00f3 a cabo en Tampico, Tamaulipas, as\u00ed como a los equipos que asistieron a la XVII Expo Regional Emprendedora, que tuvo lugar en Ciudad Victoria, Tamaulipas, ambos eventos organizados por la Asociaci\u00f3n Nacional de Facultades y Escuelas de Contadur\u00eda y Administraci\u00f3n (ANFECA) Zona Norte.<\/p>\n\n\n\n<p>La ceremonia se realiz\u00f3 en el auditorio del plantel, con la presencia de la directora, Yazmin Cervantes \u00c1vila, el secretario administrativo, Francisco Javier Garc\u00eda Rinc\u00f3n, los alumnos y docentes galardonados, as\u00ed como el resto de la comunidad universitaria de la FCA.<\/p>\n\n\n\n<figure class=\"wp-block-image size-large\"><img loading=\"lazy\" decoding=\"async\" width=\"1024\" height=\"498\" src=\"https:\/\/elperiodicodesaltillo.com\/wp\/wp-content\/uploads\/2023\/06\/Toma-de-Protesta-de-Consejeros-Universitarios-FCA-US-2-1024x498.jpg\" alt=\"\" class=\"wp-image-26561\" srcset=\"https:\/\/elperiodicodesaltillo.com\/wp\/wp-content\/uploads\/2023\/06\/Toma-de-Protesta-de-Consejeros-Universitarios-FCA-US-2-1024x498.jpg 1024w, https:\/\/elperiodicodesaltillo.com\/wp\/wp-content\/uploads\/2023\/06\/Toma-de-Protesta-de-Consejeros-Universitarios-FCA-US-2-300x146.jpg 300w, https:\/\/elperiodicodesaltillo.com\/wp\/wp-content\/uploads\/2023\/06\/Toma-de-Protesta-de-Consejeros-Universitarios-FCA-US-2-768x374.jpg 768w, https:\/\/elperiodicodesaltillo.com\/wp\/wp-content\/uploads\/2023\/06\/Toma-de-Protesta-de-Consejeros-Universitarios-FCA-US-2-1536x747.jpg 1536w, https:\/\/elperiodicodesaltillo.com\/wp\/wp-content\/uploads\/2023\/06\/Toma-de-Protesta-de-Consejeros-Universitarios-FCA-US-2-2048x997.jpg 2048w, https:\/\/elperiodicodesaltillo.com\/wp\/wp-content\/uploads\/2023\/06\/Toma-de-Protesta-de-Consejeros-Universitarios-FCA-US-2-696x339.jpg 696w, https:\/\/elperiodicodesaltillo.com\/wp\/wp-content\/uploads\/2023\/06\/Toma-de-Protesta-de-Consejeros-Universitarios-FCA-US-2-1068x520.jpg 1068w, https:\/\/elperiodicodesaltillo.com\/wp\/wp-content\/uploads\/2023\/06\/Toma-de-Protesta-de-Consejeros-Universitarios-FCA-US-2-863x420.jpg 863w\" sizes=\"auto, (max-width: 1024px) 100vw, 1024px\" \/><\/figure>\n\n\n\n<p>El Rector felicit\u00f3 a alumnos y docentes por su participaci\u00f3n en estos cert\u00e1menes, pues ello contribuye a demostrar sus capacidades, conocimientos, habilidades, trabajo en equipo y el logro de sus objetivos, aun estando bajo situaciones de presi\u00f3n, por lo que son excelentes representantes de la Universidad Aut\u00f3noma de Coahuila.<\/p>\n\n\n\n<p>Por su parte, la directora, Yazmin Cervantes \u00c1vila, reconoci\u00f3 el trabajo de los estudiantes y de los docentes asesores, pues los reconocimientos obtenidos son fruto de la preparaci\u00f3n que se tiene en las aulas, por lo que son un orgullo para la Facultad de Ciencias de la Administraci\u00f3n.<\/p>\n\n\n\n<p>Los alumnos que participaron en el XVI Marat\u00f3n Regional de Conocimientos compitieron con diversas universidades y la UAdeC fue la \u00fanica en representar a Coahuila, durante el concurso obtuvieron los siguientes premios: Primer Lugar en Administraci\u00f3n, Segundo Lugar en Fiscal, Tercer Lugar en Contabilidad y Tercer Lugar en Finanzas.<\/p>\n\n\n\n<p>Recibieron reconocimiento por su Primer Lugar en la Disciplina de Administraci\u00f3n: Alejandra Monserrat Sol\u00eds Rangel, Mar\u00eda Fernanda D\u00e1vila Perales, Mar\u00eda Jos\u00e9 Ramos Orta, Karla Elizabeth Navarro Casta\u00f1uela y como maestra asesora la Dra. Yazmin Guadalupe Cervantes \u00c1vila; Segundo Lugar en la Disciplina de Fiscal, Alondra Estefan\u00eda Santana Vald\u00e9s, Johan Alessandro Rosales Ag\u00fcero, F\u00e1tima Johana Puente Mu\u00f1oz, Gabriel Adri\u00e1n De Los Santos Hern\u00e1ndez y como maestro asesor el C.P. Carlos Sotero Vald\u00e9s Borroel.<\/p>\n\n\n\n<p>Por otro lado, Segundo Lugar en la Disciplina de Mercadotecnia, Jennifer Michelle Rivera Salinas, Saira Jaqueline Gallardo Vaquera, Felipe Neri Narv\u00e1ez L\u00f3pez, Diana Karen Flores Mata y como maestra asesora, Dra. X\u00f3chitl Segura Lozano; Tercer Lugar en la Disciplina de Finanzas, Jos\u00e9 \u00c1ngel Hernando Dena, Eva Lizeth Montenegro Siller, Ricardo Alberto Kerstupp Escalante, Alberto Mena Veloz y maestro asesor la Lic. Carmen Valeria S\u00e1mano Mercado; Tercer Lugar en la Disciplina de Contabilidad, Uriel Reyna Chantaco, Cinthya Guadalupe Ag\u00fcero Buentello, Lucero Guadalupe Trujillo Gallegos, Daniel Hern\u00e1ndez Garc\u00eda y maestro asesor M.A. Francisco Javier Garc\u00eda Rinc\u00f3n.<\/p>\n\n\n\n<p>Tambi\u00e9n se entregaron reconocimientos a los equipos que participaron en la XVII Expo Regional Emprendedora: Primer Lugar <em>Equipo Roll and Crepes<\/em> en la Categor\u00eda de Tradicional; Primer Lugar Equipo <em>Natural Soap<\/em> en la Categor\u00eda Base Tecnol\u00f3gica; Segundo Lugar Equipo Ruta del Pozole en la Categor\u00eda de Tradicional; Segundo Lugar Equipo <em>Sweet Care<\/em> en la Categor\u00eda Impacto Social; Tercer Lugar Equipo <em>Biosleeping <\/em>en la Categor\u00eda Impacto Social y Tercer Lugar Equipo Dinoruta en la Categor\u00eda Tecnolog\u00eda Intermedia.<\/p>\n\n\n\n<p><strong>Toman protesta los miembros del Consejo Directivo<\/strong><\/p>\n\n\n\n<p>En cumplimiento al art\u00edculo 70 del Estatuto Universitario de la Universidad Aut\u00f3noma de Coahuila, el rector Salvador Hern\u00e1ndez V\u00e9lez, tom\u00f3 protesta a estudiantes y docentes electos para el Consejo Directivo de la Facultad de Ciencias de la Administraci\u00f3n, correspondiente al periodo 2023-2024.<\/p>\n\n\n\n<p>El Rector felicit\u00f3 a la comunidad universitaria de la Facultad por llevar a cabo el proceso democr\u00e1tico de elecci\u00f3n de consejeros directivos de una manera ejemplar, exhort\u00f3 a sus miembros a desempe\u00f1arse apegados a las normas y reglamentos que rigen a la m\u00e1xima casa de estudios plasmadas en el Estatuto Universitario.<\/p>\n\n\n\n<p>Los Consejos Directivos se renuevan cada a\u00f1o y para formar parte de \u00e9l se requiere ser profesor titular en activo de la instituci\u00f3n con antig\u00fcedad m\u00ednima de tres a\u00f1os o estudiante regular inscrito en la Direcci\u00f3n de Asuntos Acad\u00e9micos; entre las funciones que desempe\u00f1an son: elaborar el reglamento general y los dem\u00e1s ordenamientos internos de la instituci\u00f3n y someterlos, por conducto del Rector, a la comisi\u00f3n respectiva del Consejo Universitario para su aprobaci\u00f3n.<\/p>\n","protected":false},"excerpt":{"rendered":"<p>SALTILLO, Coahuila. 1 de junio de 2023. El rector de la Universidad Aut\u00f3noma de Coahuila, Salvador Hern\u00e1ndez V\u00e9lez, entreg\u00f3 reconocimientos a los alumnos de la Facultad de Ciencias de la Administraci\u00f3n (FCA) Unidad Saltillo, que participaron en el XVI Marat\u00f3n Regional de Conocimientos, que se llev\u00f3 a cabo en Tampico, Tamaulipas, as\u00ed como a los [&hellip;]<\/p>\n","protected":false},"author":1,"featured_media":26561,"comment_status":"closed","ping_status":"closed","sticky":false,"template":"","format":"standard","meta":{"footnotes":""},"categories":[23],"tags":[],"class_list":["post-26560","post","type-post","status-publish","format-standard","has-post-thumbnail","hentry","category-universidad"],"_links":{"self":[{"href":"https:\/\/elperiodicodesaltillo.com\/wp\/wp-json\/wp\/v2\/posts\/26560","targetHints":{"allow":["GET"]}}],"collection":[{"href":"https:\/\/elperiodicodesaltillo.com\/wp\/wp-json\/wp\/v2\/posts"}],"about":[{"href":"https:\/\/elperiodicodesaltillo.com\/wp\/wp-json\/wp\/v2\/types\/post"}],"author":[{"embeddable":true,"href":"https:\/\/elperiodicodesaltillo.com\/wp\/wp-json\/wp\/v2\/users\/1"}],"replies":[{"embeddable":true,"href":"https:\/\/elperiodicodesaltillo.com\/wp\/wp-json\/wp\/v2\/comments?post=26560"}],"version-history":[{"count":1,"href":"https:\/\/elperiodicodesaltillo.com\/wp\/wp-json\/wp\/v2\/posts\/26560\/revisions"}],"predecessor-version":[{"id":26562,"href":"https:\/\/elperiodicodesaltillo.com\/wp\/wp-json\/wp\/v2\/posts\/26560\/revisions\/26562"}],"wp:featuredmedia":[{"embeddable":true,"href":"https:\/\/elperiodicodesaltillo.com\/wp\/wp-json\/wp\/v2\/media\/26561"}],"wp:attachment":[{"href":"https:\/\/elperiodicodesaltillo.com\/wp\/wp-json\/wp\/v2\/media?parent=26560"}],"wp:term":[{"taxonomy":"category","embeddable":true,"href":"https:\/\/elperiodicodesaltillo.com\/wp\/wp-json\/wp\/v2\/categories?post=26560"},{"taxonomy":"post_tag","embeddable":true,"href":"https:\/\/elperiodicodesaltillo.com\/wp\/wp-json\/wp\/v2\/tags?post=26560"}],"curies":[{"name":"wp","href":"https:\/\/api.w.org\/{rel}","templated":true}]}}