{"id":26724,"date":"2023-06-17T17:08:01","date_gmt":"2023-06-17T17:08:01","guid":{"rendered":"https:\/\/elperiodicodesaltillo.com\/wp\/?p=26724"},"modified":"2023-06-17T17:08:01","modified_gmt":"2023-06-17T17:08:01","slug":"personajes-que-forjaron-el-destino-de-piedras-negras","status":"publish","type":"post","link":"https:\/\/elperiodicodesaltillo.com\/wp\/2023\/06\/17\/personajes-que-forjaron-el-destino-de-piedras-negras\/","title":{"rendered":"PERSONAJES QUE FORJARON EL DESTINO DE PIEDRAS NEGRAS"},"content":{"rendered":"\n<p><strong><em>Rigoberto Losoya Reyes.<\/em><\/strong><\/p>\n\n\n\n<p>Desde que se fund\u00f3 la Villa de Herrera surgieron personajes que fueron forjando el destino de nuestra ciudad fronteriza: Piedras Negras.<\/p>\n\n\n\n<p>A estos hombres que tuvieron el valor de tomar la decisi\u00f3n de correr el riesgo por abrirse paso en un lugar inh\u00f3spito y cruel, donde se ten\u00eda que arriesgar la vida ante el acecho de los indios lipanes y que, a pesar de ello, decidieron quedarse en este lugar para forjarse un futuro.<\/p>\n\n\n\n<p>El coronel Juan Manuel Maldonado, subinspector de las Colonias Militares de Oriente, quien asumi\u00f3 su responsabilidad de firmar con los fundadores del primer asentamiento poblacional el acta de fundaci\u00f3n el 15 de junio de 1850, junto al primer alcalde electo Luciano de la Cerda, ambos junto a los primeros habitantes fueron trazando los primeros solares, el de la parroquia, el cuadro de armas y la primera casa consistorial.<\/p>\n\n\n<div class=\"wp-block-image\">\n<figure class=\"aligncenter size-full\"><img loading=\"lazy\" decoding=\"async\" width=\"526\" height=\"391\" src=\"https:\/\/elperiodicodesaltillo.com\/wp\/wp-content\/uploads\/2023\/06\/piedras.png\" alt=\"\" class=\"wp-image-26725\" srcset=\"https:\/\/elperiodicodesaltillo.com\/wp\/wp-content\/uploads\/2023\/06\/piedras.png 526w, https:\/\/elperiodicodesaltillo.com\/wp\/wp-content\/uploads\/2023\/06\/piedras-300x223.png 300w, https:\/\/elperiodicodesaltillo.com\/wp\/wp-content\/uploads\/2023\/06\/piedras-80x60.png 80w, https:\/\/elperiodicodesaltillo.com\/wp\/wp-content\/uploads\/2023\/06\/piedras-265x198.png 265w\" sizes=\"auto, (max-width: 526px) 100vw, 526px\" \/><\/figure>\n<\/div>\n\n\n<p>El 26 de agosto del mismo a\u00f1o, otro gran personaje hist\u00f3rico, Santiago Vidaurri, siendo gobernador de Nuevo Le\u00f3n y Coahuila, tom\u00f3 la acertada decisi\u00f3n de definir el destino de Piedras Negras, al ordenar el traslado de la peque\u00f1a oficina de la aduana que se ubicaba en la vecina poblaci\u00f3n de Guerrero a Piedras Negras, fue el&nbsp; momento que marco para siempre el progreso de esta pujante ciudad de Piedras Negras,&nbsp; porque ya as\u00ed con este nombre era conocido este paraje, por encontrar casi en la superficie nuestra riqueza mineral: el carb\u00f3n. De ah\u00ed proviene el nombre de nuestra ciudad; Piedras Negras.<\/p>\n\n\n\n<p>Los primeros meses no fueron placenteros, por una parte, el fuerte contrabando que era dif\u00edcil de abatir con las pocas fuerzas con las que contaba el coronel Juan Manuel Maldonado y por la otra el poco presupuesto para mantener la tropa, obligaba a pedir al \u201cfiado\u201d al primer comerciante extranjero que se estableci\u00f3 en este lugar y que inclusive fue firmante del acta de fundaci\u00f3n, me refiero a Denis Meade, naci\u00f3 en Dubl\u00edn, Irlanda y falleci\u00f3 en 1865 en Monterrey, Nuevo Le\u00f3n a la edad de 61 a\u00f1os.<\/p>\n\n\n\n<p>En agosto de 1850, el presidente de la rep\u00fablica Jos\u00e9 Joaqu\u00edn de Herrera autoriz\u00f3 al religioso Franciscano Fray Pablo Nava, el empleo de capell\u00e1n de las colonias con residencia en la de Monclova Viejo, sin embargo, qued\u00f3 muy alejada para los vecinos de las otras colonias, para efecto atender las necesidades espirituales. Sin embargo, su estad\u00eda en esta regi\u00f3n fue muy breve, no logr\u00f3 adaptarse al clima de la regi\u00f3n.<\/p>\n\n\n\n<p>Don Luciano de la Cerda logr\u00f3 formar una gran amistad con Juan Manuel Maldonado, y durante el mes de julio de 1852, fue nombrado administrador de correos, para hacerse cargo de la correspondencia extranjera y de las colonias militares, por lo que, en este acto, oficialmente naci\u00f3 el servicio de correos en esta Colonia Militar. En 1853, la colonia militar se desintegr\u00f3 y por motivos pol\u00edticos Juan Manuel Maldonado Ladr\u00f3n de Guevara huy\u00f3 a la ciudad de Saltillo, donde falleci\u00f3 posteriormente. En esta ciudad hab\u00eda adquirido algunos solares y ten\u00eda un cabaret.<\/p>\n\n\n\n<p>Apenas hab\u00edan transcurrido cinco a\u00f1os de la fundaci\u00f3n, cuando en octubre de 1855, Piedras Negras sufri\u00f3 una de las m\u00e1s injustas violaciones al derecho internacional al ser invadida, saqueada e incendiada por un grupo de filibusteros procedentes del vecino estado de Texas, el capit\u00e1n James Hughes Callahan. Este grupo registr\u00f3 dos encuentros con el ej\u00e9rcito mexicano que los repeli\u00f3 y al intentar huir rumbo a Eagle Pass, Texas, robaron e incendiaron algunos comercios.<\/p>\n\n\n\n<p>El 23 de octubre de 1882, el presidente municipal, General Ignacio Morelos Zaragoza, con autorizaci\u00f3n del cabildo firm\u00f3 un contrato con la compa\u00f1\u00eda norteamericana \u00abFerrocarril Internacional Mexicano\u00bb, para ceder a t\u00edtulo gratuito los terrenos necesarios que ocupar\u00eda la nueva estaci\u00f3n del ferrocarril, sus talleres, y almacenes. Esto signific\u00f3 un gran paso para atraer a una cantidad muy importante de comerciantes nacionales y extranjeros, entre ellos a los hermanos Trueba de origen espa\u00f1ol. El gerente general Lorenzo M. Johnson finaliz\u00f3 las gestiones para acreditar la propiedad y foment\u00f3 en la regi\u00f3n la explotaci\u00f3n minera del carb\u00f3n.<\/p>\n\n\n\n<p>A finales de 1888, un grupo de notables pol\u00edticos y empresarios, incluyendo el gobernador del estado de Coahuila, Jos\u00e9 Mar\u00eda Garza Gal\u00e1n, acudieron a la ciudad de M\u00e9xico, para solicitar al presidente de la rep\u00fablica, general don Porfirio D\u00edaz Mori, su apoyo para elevar al rango de ciudad la Villa de Piedras Negras, en virtud de que a\u00fan no cumpl\u00eda con los requisitos establecidos por la ley para dicha categor\u00eda. Dicha solicitud fue aceptada con agrado por el caudillo y h\u00e9roe del 5 de mayo. El motivo de su aprobaci\u00f3n, fue que nuestra poblaci\u00f3n cambiara de nombre a \u201cCiudad Porfirio D\u00edaz\u201d, un detalle que agrado mucho al general y la comitiva regres\u00f3 muy contenta y con muchos proyectos a cuestas.<\/p>\n\n\n\n<p>El 30 de noviembre de 1888, mediante un decreto aprobado por el Congreso del Estado de Coahuila, la villa de Piedras Negras se elev\u00f3 al rango de ciudad con su nuevo nombre: Ciudad Porfirio D\u00edaz. Al a\u00f1o siguiente, inmediatamente se apreci\u00f3 el benepl\u00e1cito del presidente autorizando el proyecto de construcci\u00f3n de la aduana fronteriza y los juzgados federales. Un edificio cuyo dise\u00f1o franc\u00e9s estaba muy en boga en esos a\u00f1os en M\u00e9xico.<\/p>\n\n\n\n<p>Otro gran proyecto que vino a colocar a la ciudad de Piedras Negras en una de las principales de Coahuila, fue la introducci\u00f3n de tuber\u00eda de cuatro pulgadas para garantizar el abasto de agua potable en la ciudad. El 30 de septiembre de 1890 se aprob\u00f3 por parte del Senado de los Estados Unidos de Norteam\u00e9rica, la interconexi\u00f3n entre la compa\u00f1\u00eda Eagle Pass Water Supply Company y la Compa\u00f1\u00eda Proveedora de Aguas de Ciudad Porfirio D\u00edaz. Ambas empresas se conectaron a trav\u00e9s de una tuber\u00eda que cruzaba el R\u00edo Bravo. Al a\u00f1o siguiente, El 21 de julio de 1891, el alcalde Pedro Garza Ramos, inform\u00f3 que terminaron los trabajos de introducci\u00f3n de tuber\u00eda en el primer cuadro de la ciudad.<\/p>\n\n\n\n<p>La Ciudad de Porfirio Diaz lleg\u00f3 a registrar una intensa actividad comercial a finales del siglo XIX, en 1899, se destacaba la presencia de varios comerciantes extranjeros entre ellos, los espa\u00f1oles Domingo, Ricardo y Antonio Trueba, agentes Comerciales e importadores de Europa.&nbsp; Jos\u00e9 Goodman, con su establecimiento: \u201cEl Puerto De Liverpool\u201d un gran caj\u00f3n de ropa, que tambi\u00e9n operaba en Eagle Pass, Texas. S. Kranzthor, importador de mercer\u00eda y ferreter\u00eda. Don Rafael M\u00fazquiz, un comerciante de veh\u00edculos americanos y otros giros, la Carrocer\u00eda Francesa, que vend\u00eda herramienta, art\u00edculos de ferreter\u00eda propiedad de un franc\u00e9s, Auguste F. Fretelliere.<\/p>\n\n\n\n<p>En 1907 surge la gran figura del Doctor Lorenzo Cant\u00fa quien impuls\u00f3 el mejoramiento de Piedras Negras y promovi\u00f3 la construcci\u00f3n del Teatro Acu\u00f1a. Don Hilario delgado ten\u00eda establecida una compa\u00f1\u00eda telef\u00f3nica y don Fructuoso Garc\u00eda se dedicaba a la agricultura.<\/p>\n\n\n\n<p>En 1924, don Lucas Villarreal, originario de Nava, Coahuila funda la Casa Villarreal en las calles de Padre de las Casas y Mina, originando toda una dinast\u00eda de grandes comerciantes.<\/p>\n\n\n\n<p>Durante la gesti\u00f3n administrativa del licenciado Cesar Augusto Vald\u00e9s Hern\u00e1ndez, presidente municipal durante el trienio 1943-1945, se caracteriz\u00f3 por promover&nbsp;&nbsp; una nueva \u201cidentidad urbana\u201d. En esta gesti\u00f3n se auxili\u00f3 de grandes personajes que tuvieron la visi\u00f3n de progreso de nuestra ciudad como lo fueron, Santiago E. Trevi\u00f1o Francisco N. Garc\u00eda, Generoso Montemayor, Santiago E. Trevi\u00f1o, Ram\u00f3n Pur\u00f3n, Isidro Viguera, Santiago Riddle y Proceso Barrera, todos ellos inversionistas en diferentes ramos que impulsaron fuentes de empleo y el desarrollo econ\u00f3mico en la d\u00e9cada de 1940. Don Santiago V. Gonz\u00e1lez, aparte de ser un gran empresario en varios giros comerciales, tambi\u00e9n se destac\u00f3 como un gran fil\u00e1ntropo que apoy\u00f3 y contribuy\u00f3 a la construcci\u00f3n de escuelas, la casa de la cultura y el auditorio. Piedras Negras le guarda un recuerdo muy especial a este gran hombre.&nbsp;<\/p>\n\n\n\n<p>En la d\u00e9cada de los sesenta, lleg\u00f3 a nuestra ciudad, Antonio J. Berm\u00fadez, director del Programa Nacional Fronterizo y dio a conocer que, en Piedras Negras, se llevar\u00eda una serie de inversiones para cambiar la imagen urbana del centro que supuestamente provocaba una mala impresi\u00f3n en los turistas, por lo que lamentablemente, se autoriz\u00f3 la demolici\u00f3n de edificios hist\u00f3ricos como la antigua presidencia municipal, el casino nacional, y algunas construcciones del siglo XIX.<\/p>\n\n\n\n<p>Resulta il\u00f3gico pensar que el progreso de Piedras Negras ocurri\u00f3 por si solo, es una gran verdad que sin el apoyo de esos personajes que tuvieron la confianza en nuestra gente honesta y de trabajo, nuestra ciudad sali\u00f3 adelante.<\/p>\n","protected":false},"excerpt":{"rendered":"<p>Rigoberto Losoya Reyes. Desde que se fund\u00f3 la Villa de Herrera surgieron personajes que fueron forjando el destino de nuestra ciudad fronteriza: Piedras Negras. A estos hombres que tuvieron el valor de tomar la decisi\u00f3n de correr el riesgo por abrirse paso en un lugar inh\u00f3spito y cruel, donde se ten\u00eda que arriesgar la vida [&hellip;]<\/p>\n","protected":false},"author":19,"featured_media":26725,"comment_status":"closed","ping_status":"closed","sticky":false,"template":"","format":"standard","meta":{"footnotes":""},"categories":[338],"tags":[],"class_list":["post-26724","post","type-post","status-publish","format-standard","has-post-thumbnail","hentry","category-16-de-junio-de-2023-ed-549"],"_links":{"self":[{"href":"https:\/\/elperiodicodesaltillo.com\/wp\/wp-json\/wp\/v2\/posts\/26724","targetHints":{"allow":["GET"]}}],"collection":[{"href":"https:\/\/elperiodicodesaltillo.com\/wp\/wp-json\/wp\/v2\/posts"}],"about":[{"href":"https:\/\/elperiodicodesaltillo.com\/wp\/wp-json\/wp\/v2\/types\/post"}],"author":[{"embeddable":true,"href":"https:\/\/elperiodicodesaltillo.com\/wp\/wp-json\/wp\/v2\/users\/19"}],"replies":[{"embeddable":true,"href":"https:\/\/elperiodicodesaltillo.com\/wp\/wp-json\/wp\/v2\/comments?post=26724"}],"version-history":[{"count":1,"href":"https:\/\/elperiodicodesaltillo.com\/wp\/wp-json\/wp\/v2\/posts\/26724\/revisions"}],"predecessor-version":[{"id":26726,"href":"https:\/\/elperiodicodesaltillo.com\/wp\/wp-json\/wp\/v2\/posts\/26724\/revisions\/26726"}],"wp:featuredmedia":[{"embeddable":true,"href":"https:\/\/elperiodicodesaltillo.com\/wp\/wp-json\/wp\/v2\/media\/26725"}],"wp:attachment":[{"href":"https:\/\/elperiodicodesaltillo.com\/wp\/wp-json\/wp\/v2\/media?parent=26724"}],"wp:term":[{"taxonomy":"category","embeddable":true,"href":"https:\/\/elperiodicodesaltillo.com\/wp\/wp-json\/wp\/v2\/categories?post=26724"},{"taxonomy":"post_tag","embeddable":true,"href":"https:\/\/elperiodicodesaltillo.com\/wp\/wp-json\/wp\/v2\/tags?post=26724"}],"curies":[{"name":"wp","href":"https:\/\/api.w.org\/{rel}","templated":true}]}}