{"id":26765,"date":"2023-06-12T15:04:00","date_gmt":"2023-06-12T15:04:00","guid":{"rendered":"https:\/\/elperiodicodesaltillo.com\/wp\/?p=26765"},"modified":"2023-06-20T15:04:52","modified_gmt":"2023-06-20T15:04:52","slug":"invita-mars-a-manolo-jimenez-al-subcomite-laguna","status":"publish","type":"post","link":"https:\/\/elperiodicodesaltillo.com\/wp\/2023\/06\/12\/invita-mars-a-manolo-jimenez-al-subcomite-laguna\/","title":{"rendered":"<strong>INVITA MARS A MANOLO JIM\u00c9NEZ AL SUBCOMIT\u00c9 LAGUNA<\/strong>"},"content":{"rendered":"\n<p>\u00b7&nbsp;&nbsp;&nbsp;&nbsp;&nbsp;&nbsp;<strong><em>&nbsp;Sistema Vial Cuatro Caminos ser\u00e1 entregado en Septiembre.&nbsp;<\/em><\/strong><\/p>\n\n\n\n<p>Torre\u00f3n, Coahuila de Zaragoza; a 12 de Junio de 2023.- El gobernador Miguel \u00c1ngel Riquelme Sol\u00eds solicit\u00f3 el apoyo del Ej\u00e9rcito Mexicano para sumarse al recorrido de la Carrera Coahuila 1000, adem\u00e1s de informar que ser\u00e1 en septiembre cuando se entregue el Sistema Vial Cuatro Caminos, y que en 10 d\u00edas ser\u00e1 abierta la vialidad en el Paso Villa Florida.&nbsp;<\/p>\n\n\n\n<p>Durante la reuni\u00f3n semanal del Subcomit\u00e9 T\u00e9cnico Regional Covid-19 Laguna, el Mandatario estatal dijo que esta semana destaca la culminaci\u00f3n del proceso electoral, y que el Gobernador electo se estar\u00e1 uniendo a este Subcomit\u00e9 como una etapa de entrega-recepci\u00f3n, para ser informado de la situaci\u00f3n y circunstancia de cada tema que aqu\u00ed se trata.&nbsp;<\/p>\n\n\n\n<p>Lo anterior, para que Manolo Jim\u00e9nez pueda llegar con un camino hecho y no deba empezar de nuevo; que los alcaldes de la regi\u00f3n puedan dejar en claro la situaci\u00f3n en todos los aspectos.<\/p>\n\n\n<div class=\"wp-block-image\">\n<figure class=\"aligncenter size-large is-resized\"><img loading=\"lazy\" decoding=\"async\" src=\"https:\/\/elperiodicodesaltillo.com\/wp\/wp-content\/uploads\/2023\/06\/invita-1024x682.jpg\" alt=\"\" class=\"wp-image-26766\" width=\"512\" height=\"341\" srcset=\"https:\/\/elperiodicodesaltillo.com\/wp\/wp-content\/uploads\/2023\/06\/invita-1024x682.jpg 1024w, https:\/\/elperiodicodesaltillo.com\/wp\/wp-content\/uploads\/2023\/06\/invita-300x200.jpg 300w, https:\/\/elperiodicodesaltillo.com\/wp\/wp-content\/uploads\/2023\/06\/invita-768x512.jpg 768w, https:\/\/elperiodicodesaltillo.com\/wp\/wp-content\/uploads\/2023\/06\/invita-1536x1023.jpg 1536w, https:\/\/elperiodicodesaltillo.com\/wp\/wp-content\/uploads\/2023\/06\/invita-696x464.jpg 696w, https:\/\/elperiodicodesaltillo.com\/wp\/wp-content\/uploads\/2023\/06\/invita-1068x712.jpg 1068w, https:\/\/elperiodicodesaltillo.com\/wp\/wp-content\/uploads\/2023\/06\/invita-630x420.jpg 630w, https:\/\/elperiodicodesaltillo.com\/wp\/wp-content\/uploads\/2023\/06\/invita.jpg 1600w\" sizes=\"auto, (max-width: 512px) 100vw, 512px\" \/><\/figure>\n<\/div>\n\n\n<p>Refiri\u00f3 que lo que se aprendi\u00f3 en este tipo de reuniones fue a darle a cada \u00e1rea su espacio, pues son muy distintas unas de otras, y las pol\u00edticas generales son muy dif\u00edciles; y que, sin embargo, hoy con los Subcomit\u00e9s s\u00ed se pueden hacer.<\/p>\n\n\n\n<p>Riquelme Sol\u00eds agreg\u00f3 que ser\u00e1 la siguiente semana cuando se den a conocer obras y el anuncio de m\u00e1s inversiones para La Laguna, de la mano con el Alcalde de Torre\u00f3n, Rom\u00e1n Alberto Cepeda Gonz\u00e1lez.&nbsp;<\/p>\n\n\n\n<p>En esta reuni\u00f3n se acord\u00f3 hacer una presentaci\u00f3n donde se incluyan temas de todas las \u00e1reas de una manera entendible, para poder interiorizar al pr\u00f3ximo gobernador de Coahuila, Manolo Jim\u00e9nez Salinas, de lo que sucede en La Laguna.&nbsp;<\/p>\n\n\n\n<p>Cada uno de los sectores deber\u00e1 traer una l\u00e1mina con sus problem\u00e1ticas y participar\u00e1n de la siguiente manera:<\/p>\n\n\n\n<p>+ Salud p\u00fablica: Secretar\u00eda de Salud Estatal e IMSS.<\/p>\n\n\n\n<p>+ Salud privada: Sanatorio Espa\u00f1ol, Hospital \u00c1ngeles y Cruz Roja.<\/p>\n\n\n\n<p>+ Seguridad p\u00fablica: Ej\u00e9rcito Mexicano, Guardia Nacional y Secretar\u00eda de Seguridad P\u00fablica Estatal.<\/p>\n\n\n\n<p>+ Educaci\u00f3n.<\/p>\n\n\n\n<p>+ Apartado de eventos: Santos Laguna y Coliseo Centenario.&nbsp;<\/p>\n\n\n\n<p>+ C\u00e1maras: CANACO y otras.<\/p>\n\n\n\n<p>+ Infraestructura: Secretar\u00eda de Infraestructura, Desarrollo Urbano y Movilidad; la Direcci\u00f3n de Obras P\u00fablicas del Municipio de Torre\u00f3n, y la Direcci\u00f3n Municipal de Vialidad y Movilidad Urbana.<\/p>\n\n\n\n<p>+ Alcaldes.<\/p>\n\n\n\n<p>VACUNAS CONTRA EL CORONAVIRUS&nbsp;<\/p>\n\n\n\n<p>Por su parte, Fernando Sim\u00f3n Guti\u00e9rrez P\u00e9rez, titular de Comunicaci\u00f3n e Imagen Institucional del Estado y Coordinador de este Subcomit\u00e9, comparti\u00f3 que en la Regi\u00f3n Laguna fueron suministradas 222 vacunas contra el Covid-19 entre el 5 y el 9 de junio.<\/p>\n\n\n\n<p>NUEVOS CONTAGIOS POR COVID&nbsp;<\/p>\n\n\n\n<p>En su participaci\u00f3n, Roberto Bernal G\u00f3mez, Secretario de Salud del Estado, detall\u00f3 que al momento son 31 nuevos contagios por coronavirus en la entidad, cuatro los hospitalizados, no hay personas con ventilador y tampoco ha habido fallecimientos; pero inform\u00f3 que existen 69 casos activos.<\/p>\n\n\n\n<p>Bernal G\u00f3mez abord\u00f3 el tema del dengue y c\u00f3mo prepararnos como poblaci\u00f3n. De entrada, hizo un llamado a evitar la reproducci\u00f3n del mosquito, que es lo que m\u00e1s impacta en la prevenci\u00f3n: Lavar, tapar, tirar y voltear, adem\u00e1s de nebulizaciones, descacharrizaci\u00f3n y otras acciones.&nbsp;<\/p>\n\n\n\n<p>\u201cEst\u00e1 en nuestras manos evitar la diseminaci\u00f3n del dengue, la responsabilidad de la Secretar\u00eda de Salud es cuidar de la salud de los ciudadanos; la de los alcaldes es vigilar el bienestar; sin embargo, la salud es responsabilidad de toda la sociedad\u201d, puntualiz\u00f3.<\/p>\n\n\n\n<p>AVANCE DEL SISTEMA VIAL CUATRO CAMINOS&nbsp;<\/p>\n\n\n\n<p>Un 88 por ciento de avance en su construcci\u00f3n es lo que presenta el Sistema Vial Cuatro Caminos (SV4C), notific\u00f3 el Secretario de Infraestructura, Desarrollo Urbano y Movilidad de Coahuila (SIDUM), Miguel \u00c1ngel Algara Acosta.<\/p>\n\n\n\n<p>Se inform\u00f3, adem\u00e1s, que la construcci\u00f3n del Paso Villa Florida registra un 68 por ciento de avance.<\/p>\n\n\n\n<p>En ambas construcciones se tiene el respaldo de la Direcci\u00f3n Municipal de Vialidad y Movilidad Urbana, pues elementos vigilan el tr\u00e1nsito de conductores y peatones para que en todo momento gocen de seguridad y se causen las menores molestias posibles.&nbsp;<\/p>\n\n\n\n<p>A esta reuni\u00f3n del Subcomit\u00e9 Regional Laguna acudieron los alcaldes El\u00edas Portillo V\u00e1zquez, de Sierra Mojada; David Ruiz Mej\u00eda, de San Pedro de las Colonias, y Miguel \u00c1ngel Ram\u00edrez L\u00f3pez, de Matamoros.<\/p>\n\n\n\n<p>Adem\u00e1s, el General Eufemio Alberto Ibarra Flores, Comandante de la XI Regi\u00f3n Militar; Francisco Saracho Navarro, Secretario de Educaci\u00f3n, y el teniente Adelaido Flores D\u00edaz, Coordinador de Seguridad P\u00fablica en La Laguna.<\/p>\n\n\n\n<p>Representantes de hospitales p\u00fablicos y privados, de empresas, comercios, c\u00e1maras, clubes deportivos, centros de espect\u00e1culos y funcionarios estatales y municipales de esta regi\u00f3n.<\/p>\n","protected":false},"excerpt":{"rendered":"<p>\u00b7&nbsp;&nbsp;&nbsp;&nbsp;&nbsp;&nbsp;&nbsp;Sistema Vial Cuatro Caminos ser\u00e1 entregado en Septiembre.&nbsp; Torre\u00f3n, Coahuila de Zaragoza; a 12 de Junio de 2023.- El gobernador Miguel \u00c1ngel Riquelme Sol\u00eds solicit\u00f3 el apoyo del Ej\u00e9rcito Mexicano para sumarse al recorrido de la Carrera Coahuila 1000, adem\u00e1s de informar que ser\u00e1 en septiembre cuando se entregue el Sistema Vial Cuatro Caminos, y [&hellip;]<\/p>\n","protected":false},"author":1,"featured_media":26766,"comment_status":"closed","ping_status":"closed","sticky":false,"template":"","format":"standard","meta":{"footnotes":""},"categories":[21],"tags":[],"class_list":["post-26765","post","type-post","status-publish","format-standard","has-post-thumbnail","hentry","category-coahuila"],"_links":{"self":[{"href":"https:\/\/elperiodicodesaltillo.com\/wp\/wp-json\/wp\/v2\/posts\/26765","targetHints":{"allow":["GET"]}}],"collection":[{"href":"https:\/\/elperiodicodesaltillo.com\/wp\/wp-json\/wp\/v2\/posts"}],"about":[{"href":"https:\/\/elperiodicodesaltillo.com\/wp\/wp-json\/wp\/v2\/types\/post"}],"author":[{"embeddable":true,"href":"https:\/\/elperiodicodesaltillo.com\/wp\/wp-json\/wp\/v2\/users\/1"}],"replies":[{"embeddable":true,"href":"https:\/\/elperiodicodesaltillo.com\/wp\/wp-json\/wp\/v2\/comments?post=26765"}],"version-history":[{"count":1,"href":"https:\/\/elperiodicodesaltillo.com\/wp\/wp-json\/wp\/v2\/posts\/26765\/revisions"}],"predecessor-version":[{"id":26767,"href":"https:\/\/elperiodicodesaltillo.com\/wp\/wp-json\/wp\/v2\/posts\/26765\/revisions\/26767"}],"wp:featuredmedia":[{"embeddable":true,"href":"https:\/\/elperiodicodesaltillo.com\/wp\/wp-json\/wp\/v2\/media\/26766"}],"wp:attachment":[{"href":"https:\/\/elperiodicodesaltillo.com\/wp\/wp-json\/wp\/v2\/media?parent=26765"}],"wp:term":[{"taxonomy":"category","embeddable":true,"href":"https:\/\/elperiodicodesaltillo.com\/wp\/wp-json\/wp\/v2\/categories?post=26765"},{"taxonomy":"post_tag","embeddable":true,"href":"https:\/\/elperiodicodesaltillo.com\/wp\/wp-json\/wp\/v2\/tags?post=26765"}],"curies":[{"name":"wp","href":"https:\/\/api.w.org\/{rel}","templated":true}]}}