{"id":26786,"date":"2023-06-19T15:26:00","date_gmt":"2023-06-19T15:26:00","guid":{"rendered":"https:\/\/elperiodicodesaltillo.com\/wp\/?p=26786"},"modified":"2023-06-20T16:49:13","modified_gmt":"2023-06-20T16:49:13","slug":"anuncia-mars-expansion-de-exa-industrial-en-la-comarca-lagunera-por-56-millones-de-dolares","status":"publish","type":"post","link":"https:\/\/elperiodicodesaltillo.com\/wp\/2023\/06\/19\/anuncia-mars-expansion-de-exa-industrial-en-la-comarca-lagunera-por-56-millones-de-dolares\/","title":{"rendered":"<strong>ANUNCIA MARS EXPANSI\u00d3N DE EXA INDUSTRIAL EN LA COMARCA LAGUNERA, POR 56 MILLONES DE D\u00d3LARES<\/strong>"},"content":{"rendered":"\n<p>Torre\u00f3n, Coahuila de Zaragoza; a 19 de Junio de 2023.- El gobernador Miguel \u00c1ngel Riquelme Sol\u00eds, acompa\u00f1ado por el Alcalde de Matamoros, Miguel \u00c1ngel Ram\u00edrez L\u00f3pez, anunci\u00f3 la expansi\u00f3n de la empresa Exa Industrial, la cual invertir\u00e1 56 millones de d\u00f3lares en el proyecto, evento donde destac\u00f3 que el equilibro entre los tres Poderes ha permitido avanzar a la entidad.<\/p>\n\n\n\n<p>Exa Industrial se dedica al ramo de manufactura de autopartes y fabricaci\u00f3n de semirremolques.<\/p>\n\n\n\n<p>El Mandatario estatal reconoci\u00f3 que la coordinaci\u00f3n y trabajo entre los Poderes Ejecutivo, Legislativo y Judicial, son pieza clave para prosperar de manera progresiva, pues no existe otra f\u00f3rmula que el equilibrio en ellos, y que eso es lo que se ha probado en Coahuila.<\/p>\n\n\n<div class=\"wp-block-image\">\n<figure class=\"aligncenter size-large is-resized\"><img loading=\"lazy\" decoding=\"async\" src=\"https:\/\/elperiodicodesaltillo.com\/wp\/wp-content\/uploads\/2023\/06\/anuncua-1024x686.jpg\" alt=\"\" class=\"wp-image-26787\" width=\"512\" height=\"343\" srcset=\"https:\/\/elperiodicodesaltillo.com\/wp\/wp-content\/uploads\/2023\/06\/anuncua-1024x686.jpg 1024w, https:\/\/elperiodicodesaltillo.com\/wp\/wp-content\/uploads\/2023\/06\/anuncua-300x201.jpg 300w, https:\/\/elperiodicodesaltillo.com\/wp\/wp-content\/uploads\/2023\/06\/anuncua-768x515.jpg 768w, https:\/\/elperiodicodesaltillo.com\/wp\/wp-content\/uploads\/2023\/06\/anuncua-1536x1029.jpg 1536w, https:\/\/elperiodicodesaltillo.com\/wp\/wp-content\/uploads\/2023\/06\/anuncua-696x466.jpg 696w, https:\/\/elperiodicodesaltillo.com\/wp\/wp-content\/uploads\/2023\/06\/anuncua-1068x716.jpg 1068w, https:\/\/elperiodicodesaltillo.com\/wp\/wp-content\/uploads\/2023\/06\/anuncua-627x420.jpg 627w, https:\/\/elperiodicodesaltillo.com\/wp\/wp-content\/uploads\/2023\/06\/anuncua.jpg 1600w\" sizes=\"auto, (max-width: 512px) 100vw, 512px\" \/><\/figure>\n<\/div>\n\n\n<p>Riquelme Sol\u00eds agradeci\u00f3 a la familia Cassani por la inversi\u00f3n y les reconoci\u00f3 su empuje; agreg\u00f3 que la inversi\u00f3n es factor de certidumbre, credibilidad y de un ambiente pr\u00f3spero para la industria que se asienta en La Comarca Lagunera.<\/p>\n\n\n\n<p>Se\u00f1al\u00f3 que en 164 d\u00edas termina su Gobierno, pero afirm\u00f3 que deja una zona con potencia para los siguientes a\u00f1os.<\/p>\n\n\n\n<p>\u201cRecib\u00ed una Laguna que me dec\u00eda que no hab\u00eda parques industriales, y hoy tenemos parques para el futuro\u201d, dijo.<\/p>\n\n\n\n<p>Mencion\u00f3 que hoy se tiene la certeza que se puede continuar as\u00ed, pues el pr\u00f3ximo Gobernador de Coahuila, Manolo Jim\u00e9nez, apuntar\u00e1 por la paz laboral.<\/p>\n\n\n\n<p>\u201cLa f\u00f3rmula la generamos entre nosotros, a ra\u00edz de la pandemia nos provoc\u00f3 direccionar y enfocar nuestras pol\u00edticas p\u00fablicas para generar mayor certidumbre\u201d, dijo.<\/p>\n\n\n\n<p>Por su parte, el Director General de la empresa, Enrique Mart\u00ednez Cassani, afirm\u00f3 que han sido 50 a\u00f1os de dedicarse a este sector, y que han tenido que brincar mil vicisitudes, pero que es la suma de Torre\u00f3n y Matamoros lo que los tiene aqu\u00ed: \u201cSin ustedes no somos nada, y sum\u00e1ndonos a la gente del Gobierno podemos salir m\u00e1s r\u00e1pido adelante\u201d.<\/p>\n\n\n\n<p>Expres\u00f3 que a ra\u00edz de este Gobierno han adquirido confianza, que ahora saben que la estafeta ser\u00e1 por la misma convicci\u00f3n del gobierno, y que es el \u00fanico Estado que tiene esa seguridad: \u201cHemos vivido situaciones pol\u00edticas muy fuertes y todo lo hemos pasado; gracias gobernador Miguel Riquelme porque nos has puesto una tierra f\u00e9rtil\u201d.<\/p>\n\n\n\n<p>El Presidente Municipal de Matamoros, Miguel \u00c1ngel Ram\u00edrez L\u00f3pez, dijo que este d\u00eda viene a marcar un antes y un despu\u00e9s en cuanto al desarrollo econ\u00f3mico del Ayuntamiento que gobierna.<\/p>\n\n\n\n<p>\u201cEn La Comarca Lagunera, con el apoyo del gobernador Miguel Riquelme, se ha construido la certeza jur\u00eddica en m\u00e1s de mil hect\u00e1reas para uso industrial, lo que es muy significativo para el desarrollo de nuestro Municipio y de La Laguna\u201d, se\u00f1al\u00f3.<\/p>\n\n\n\n<p>En su intervenci\u00f3n, Claudio Bres Garza, Secretario de Econom\u00eda del Estado, subray\u00f3 que esta es la inversi\u00f3n 41 que se anuncia en estos cinco meses y medio de 2023, y cerrar\u00e1n el semestre con un total de 43.&nbsp;<\/p>\n\n\n\n<p>\u201cA La Comarca Lagunera&nbsp;&nbsp;le ir\u00e1 a ir muy bien; hoy celebro que ya hay inversiones, que se est\u00e1n construyendo tres parques industriales y cada uno garantiza la llegada de m\u00e1s empresas\u201d, mencion\u00f3.<\/p>\n\n\n\n<p>Coment\u00f3 que el esfuerzo que se haga en los \u00faltimos meses de la Administraci\u00f3n de Miguel Riquelme seguir\u00e1 siendo el parteaguas para los siguientes a\u00f1os.<\/p>\n\n\n\n<p>En este anuncio de expansi\u00f3n, que se llev\u00f3 a cabo en el Centro de Convenciones de Torre\u00f3n (CCT), estuvieron presentes, adem\u00e1s, Jos\u00e9 Antonio Guti\u00e9rrez Jard\u00f3n, diputado federal; Ra\u00fal Onofre Contreras, diputado local, y Sandra Mart\u00ednez Soltero, Directora de Finanzas de Exa Industrial, as\u00ed como funcionarios p\u00fablicos estatales y municipales.<\/p>\n","protected":false},"excerpt":{"rendered":"<p>Torre\u00f3n, Coahuila de Zaragoza; a 19 de Junio de 2023.- El gobernador Miguel \u00c1ngel Riquelme Sol\u00eds, acompa\u00f1ado por el Alcalde de Matamoros, Miguel \u00c1ngel Ram\u00edrez L\u00f3pez, anunci\u00f3 la expansi\u00f3n de la empresa Exa Industrial, la cual invertir\u00e1 56 millones de d\u00f3lares en el proyecto, evento donde destac\u00f3 que el equilibro entre los tres Poderes ha [&hellip;]<\/p>\n","protected":false},"author":1,"featured_media":26787,"comment_status":"closed","ping_status":"closed","sticky":false,"template":"","format":"standard","meta":{"footnotes":""},"categories":[21],"tags":[],"class_list":["post-26786","post","type-post","status-publish","format-standard","has-post-thumbnail","hentry","category-coahuila"],"_links":{"self":[{"href":"https:\/\/elperiodicodesaltillo.com\/wp\/wp-json\/wp\/v2\/posts\/26786","targetHints":{"allow":["GET"]}}],"collection":[{"href":"https:\/\/elperiodicodesaltillo.com\/wp\/wp-json\/wp\/v2\/posts"}],"about":[{"href":"https:\/\/elperiodicodesaltillo.com\/wp\/wp-json\/wp\/v2\/types\/post"}],"author":[{"embeddable":true,"href":"https:\/\/elperiodicodesaltillo.com\/wp\/wp-json\/wp\/v2\/users\/1"}],"replies":[{"embeddable":true,"href":"https:\/\/elperiodicodesaltillo.com\/wp\/wp-json\/wp\/v2\/comments?post=26786"}],"version-history":[{"count":1,"href":"https:\/\/elperiodicodesaltillo.com\/wp\/wp-json\/wp\/v2\/posts\/26786\/revisions"}],"predecessor-version":[{"id":26788,"href":"https:\/\/elperiodicodesaltillo.com\/wp\/wp-json\/wp\/v2\/posts\/26786\/revisions\/26788"}],"wp:featuredmedia":[{"embeddable":true,"href":"https:\/\/elperiodicodesaltillo.com\/wp\/wp-json\/wp\/v2\/media\/26787"}],"wp:attachment":[{"href":"https:\/\/elperiodicodesaltillo.com\/wp\/wp-json\/wp\/v2\/media?parent=26786"}],"wp:term":[{"taxonomy":"category","embeddable":true,"href":"https:\/\/elperiodicodesaltillo.com\/wp\/wp-json\/wp\/v2\/categories?post=26786"},{"taxonomy":"post_tag","embeddable":true,"href":"https:\/\/elperiodicodesaltillo.com\/wp\/wp-json\/wp\/v2\/tags?post=26786"}],"curies":[{"name":"wp","href":"https:\/\/api.w.org\/{rel}","templated":true}]}}