{"id":26792,"date":"2023-06-22T19:57:14","date_gmt":"2023-06-22T19:57:14","guid":{"rendered":"https:\/\/elperiodicodesaltillo.com\/wp\/?p=26792"},"modified":"2023-06-22T19:57:15","modified_gmt":"2023-06-22T19:57:15","slug":"coahuila-tiene-un-buen-futuro-para-las-ninas-y-ninos-mars","status":"publish","type":"post","link":"https:\/\/elperiodicodesaltillo.com\/wp\/2023\/06\/22\/coahuila-tiene-un-buen-futuro-para-las-ninas-y-ninos-mars\/","title":{"rendered":"<strong>\u2018COAHUILA TIENE UN BUEN FUTURO PARA LAS NI\u00d1AS Y NI\u00d1OS\u2019: MARS<\/strong>"},"content":{"rendered":"\n<p>\u00b7&nbsp;&nbsp;&nbsp;&nbsp;&nbsp;&nbsp;<strong><em>&nbsp;Entrega gobernador Miguel Riquelme premios a los ganadores de la Olimpiada del Conocimiento Infantil 2023.<\/em><\/strong><\/p>\n\n\n\n<p>Saltillo, Coahuila de Zaragoza; a 21 de Junio de 2023.- El gobernador Miguel \u00c1ngel Riquelme Sol\u00eds enfatiz\u00f3 que Coahuila tiene un buen futuro para las ni\u00f1as y ni\u00f1os de toda la entidad, y para los que hoy fueron reconocidos por el pueblo y el Gobierno del Estado, al ser ganadores de la Olimpiada del Conocimiento Infantil 2023.<\/p>\n\n\n\n<p>\u201cEstamos muy orgullosos de los 19 ni\u00f1as y ni\u00f1os que ganaron la Olimpiada del Conocimiento Infantil 2023; felicitamos a todas las escuelas, a sus maestras y maestros, y reconocemos el apoyo e impulso de las madres y padres de familia por ser el soporte m\u00e1s importante de este gran logro\u201d, mencion\u00f3.<\/p>\n\n\n<div class=\"wp-block-image\">\n<figure class=\"aligncenter size-large is-resized\"><img loading=\"lazy\" decoding=\"async\" src=\"https:\/\/elperiodicodesaltillo.com\/wp\/wp-content\/uploads\/2023\/06\/ninos-1024x595.jpg\" alt=\"\" class=\"wp-image-26793\" width=\"512\" height=\"298\" srcset=\"https:\/\/elperiodicodesaltillo.com\/wp\/wp-content\/uploads\/2023\/06\/ninos-1024x595.jpg 1024w, https:\/\/elperiodicodesaltillo.com\/wp\/wp-content\/uploads\/2023\/06\/ninos-300x174.jpg 300w, https:\/\/elperiodicodesaltillo.com\/wp\/wp-content\/uploads\/2023\/06\/ninos-768x446.jpg 768w, https:\/\/elperiodicodesaltillo.com\/wp\/wp-content\/uploads\/2023\/06\/ninos-696x405.jpg 696w, https:\/\/elperiodicodesaltillo.com\/wp\/wp-content\/uploads\/2023\/06\/ninos-1068x621.jpg 1068w, https:\/\/elperiodicodesaltillo.com\/wp\/wp-content\/uploads\/2023\/06\/ninos-723x420.jpg 723w, https:\/\/elperiodicodesaltillo.com\/wp\/wp-content\/uploads\/2023\/06\/ninos.jpg 1280w\" sizes=\"auto, (max-width: 512px) 100vw, 512px\" \/><\/figure>\n<\/div>\n\n\n<p>La Olimpiada del Conocimiento es una evaluaci\u00f3n que se realiza cada ciclo escolar, que se aplica al 100 por ciento de los alumnos de sexto grado de primaria de todas las escuelas del Estado.<\/p>\n\n\n\n<p>Este proceso inici\u00f3 en el mes de febrero, y en la primera etapa participaron m\u00e1s de 54 mil alumnas y alumnos; a la etapa regional avanzaron 1,297, y de esta etapa resultaron ganadores 185 alumnas y alumnos. Al final fueron 19 los ganadores de la etapa estatal.<\/p>\n\n\n\n<p>El gobernador Miguel Riquelme resalt\u00f3 el trabajo de los docentes, al mencionar que este logro de sus alumnos es parte del liderazgo que deben de seguir fomentando en las y los ni\u00f1os.<\/p>\n\n\n\n<p>Se\u00f1al\u00f3 que se debe seguir impulsando practicando la participaci\u00f3n ciudadana activa de los padres y de las maestras y maestros, pues cuando esto sucede hay un Coahuila como el que hoy tenemos.&nbsp;<\/p>\n\n\n\n<p>\u201cEn estos d\u00edas que me restan de mi Administraci\u00f3n tengo la obligaci\u00f3n y la responsabilidad de dejar un Coahuila con bases bien sentadas, sobre todo en la educaci\u00f3n y en la participaci\u00f3n que hoy tiene nuestra entidad\u201d, expres\u00f3.<\/p>\n\n\n\n<p>Coment\u00f3 que si hoy Coahuila es un estado seguro y que ofrece la mejor mano de obra, es precisamente por la participaci\u00f3n de toda la gente, por el trabajo de los decentes y de los padres de familia.<\/p>\n\n\n\n<p>Riquelme Sol\u00eds agreg\u00f3 que gracias a este trabajo entre Gobierno y sociedad, hoy se ha formado un Coahuila en el que las y los ni\u00f1os tendr\u00e1n la oportunidad, una vez que concluyan sus estudios, de quedarse a trabajar en su tierra, en sus regiones, en sus ciudades.<\/p>\n\n\n\n<p>\u201cEn la construcci\u00f3n de todo este andamiaje en materia de econom\u00eda, el sector educativo es parte muy importante por la formaci\u00f3n de nuestras ni\u00f1as y de nuestros ni\u00f1os\u201d, dijo.<\/p>\n\n\n\n<p>Miguel Riquelme mencion\u00f3 que tras la pandemia, hoy se tiene un Coahuila con los mejores indicadores y que todo mundo habla de la seguridad de Coahuila, del sector educativo y de la mano de obra calificada que hoy tiene la entidad.<\/p>\n\n\n\n<p>\u201cSi\u00e9ntanse parte de ese logro que se llama competitividad, rubro en el cual Coahuila es el cuarto mejor en el Pa\u00eds\u201d, puntualiz\u00f3.<\/p>\n\n\n\n<p>Francisco Saracho Navarro, Secretario de Educaci\u00f3n del Estado, inform\u00f3 que el Instituto de Desarrollo Docente, Investigaci\u00f3n, Evaluaci\u00f3n y Certificaci\u00f3n, que coordina Margarita Loera Leza, es el \u00f3rgano encargado de dise\u00f1ar la instrumentaci\u00f3n de evaluaci\u00f3n que explora el nivel de conocimiento de los alumnos.&nbsp;<\/p>\n\n\n\n<p>El instrumento incluye las \u00e1reas de espa\u00f1ol, matem\u00e1ticas, ciencias naturales, historia, geograf\u00eda, y formaci\u00f3n c\u00edvica y \u00e9tica.<\/p>\n\n\n\n<p>Agradeci\u00f3 por el apoyo, impulso y acompa\u00f1amiento de las y los ni\u00f1os, a los maestros de los ganadores, as\u00ed como a los padres y madres de familia.<\/p>\n\n\n\n<p>\u201cGracias Gobernador por el impulso que le ha dado a la educaci\u00f3n en la entidad; gracias por permitirnos encauzar estas acciones, obras y programas para fortalecer el sistema educativo y brindar a la ni\u00f1ez y juventud de Coahuila, oportunidades de forjarse un futuro de \u00e9xito\u201d, expres\u00f3.<\/p>\n\n\n\n<p>Saracho Navarro destac\u00f3 que en Coahuila, todos los ni\u00f1os y las ni\u00f1as tienen un espacio seguro en las escuelas.<\/p>\n\n\n\n<p>Jos\u00e9 Mar\u00eda Fraustro Siller, Alcalde de Saltillo, expres\u00f3 que hoy se reconoce a 19 estudiantes que d\u00eda a d\u00eda se ocupan de hacer lo que les corresponde con esmero, con dedicaci\u00f3n y con disciplina.<\/p>\n\n\n\n<p>\u201cSoy un firme creyente que propiciar las condiciones para un desarrollo integral de las ni\u00f1as, ni\u00f1os y j\u00f3venes, catapultan a una regi\u00f3n; qu\u00e9 mejor ejemplo que nuestra entidad, un tierra fuerte y pr\u00f3spera que destaca&nbsp;&nbsp;por muchas cosas, y una de ellas es el capital humano de calidad que se forma en nuestras grandes instituciones educativas\u201d, se\u00f1al\u00f3.&nbsp;<\/p>\n\n\n\n<p>A nombre de los participantes en el Olimpiada del Conocimiento, Romina Guadalupe Guajardo Vel\u00e1zquez, alumna de la Escuela Primaria Federal \u201cPresidente Benito Ju\u00e1rez Garc\u00eda\u201d, de Saltillo, agradeci\u00f3 al Gobernador, al Secretario de Educaci\u00f3n, as\u00ed como al Alcalde de Saltillo, por el inter\u00e9s y la importancia otorgados a este concurso; adem\u00e1s por estar siempre al pendiente de la ni\u00f1ez y juventud coahuilense.<\/p>\n\n\n\n<p>\u201cEsto representa un reconocimiento a la dedicaci\u00f3n y al esfuerzo que hemos llevado a cabo en este camino\u201d, expres\u00f3.<\/p>\n\n\n\n<p>Acompa\u00f1aron al gobernador Miguel Riquelme en el pres\u00eddium, adem\u00e1s, Mar\u00eda Eugenia Calder\u00f3n Amezcua, diputada coordinadora de la Comisi\u00f3n de Educaci\u00f3n, Cultura, Familias, Desarrollo Urbano y Actividades C\u00edvicas, y Jorge Alberto Salcido Portillo, Subsecretario de Educaci\u00f3n B\u00e1sica del Estado.<\/p>\n","protected":false},"excerpt":{"rendered":"<p>\u00b7&nbsp;&nbsp;&nbsp;&nbsp;&nbsp;&nbsp;&nbsp;Entrega gobernador Miguel Riquelme premios a los ganadores de la Olimpiada del Conocimiento Infantil 2023. Saltillo, Coahuila de Zaragoza; a 21 de Junio de 2023.- El gobernador Miguel \u00c1ngel Riquelme Sol\u00eds enfatiz\u00f3 que Coahuila tiene un buen futuro para las ni\u00f1as y ni\u00f1os de toda la entidad, y para los que hoy fueron reconocidos por [&hellip;]<\/p>\n","protected":false},"author":1,"featured_media":26793,"comment_status":"closed","ping_status":"closed","sticky":false,"template":"","format":"standard","meta":{"footnotes":""},"categories":[21],"tags":[],"class_list":["post-26792","post","type-post","status-publish","format-standard","has-post-thumbnail","hentry","category-coahuila"],"_links":{"self":[{"href":"https:\/\/elperiodicodesaltillo.com\/wp\/wp-json\/wp\/v2\/posts\/26792","targetHints":{"allow":["GET"]}}],"collection":[{"href":"https:\/\/elperiodicodesaltillo.com\/wp\/wp-json\/wp\/v2\/posts"}],"about":[{"href":"https:\/\/elperiodicodesaltillo.com\/wp\/wp-json\/wp\/v2\/types\/post"}],"author":[{"embeddable":true,"href":"https:\/\/elperiodicodesaltillo.com\/wp\/wp-json\/wp\/v2\/users\/1"}],"replies":[{"embeddable":true,"href":"https:\/\/elperiodicodesaltillo.com\/wp\/wp-json\/wp\/v2\/comments?post=26792"}],"version-history":[{"count":1,"href":"https:\/\/elperiodicodesaltillo.com\/wp\/wp-json\/wp\/v2\/posts\/26792\/revisions"}],"predecessor-version":[{"id":26794,"href":"https:\/\/elperiodicodesaltillo.com\/wp\/wp-json\/wp\/v2\/posts\/26792\/revisions\/26794"}],"wp:featuredmedia":[{"embeddable":true,"href":"https:\/\/elperiodicodesaltillo.com\/wp\/wp-json\/wp\/v2\/media\/26793"}],"wp:attachment":[{"href":"https:\/\/elperiodicodesaltillo.com\/wp\/wp-json\/wp\/v2\/media?parent=26792"}],"wp:term":[{"taxonomy":"category","embeddable":true,"href":"https:\/\/elperiodicodesaltillo.com\/wp\/wp-json\/wp\/v2\/categories?post=26792"},{"taxonomy":"post_tag","embeddable":true,"href":"https:\/\/elperiodicodesaltillo.com\/wp\/wp-json\/wp\/v2\/tags?post=26792"}],"curies":[{"name":"wp","href":"https:\/\/api.w.org\/{rel}","templated":true}]}}