{"id":27104,"date":"2023-07-14T16:03:00","date_gmt":"2023-07-14T16:03:00","guid":{"rendered":"https:\/\/elperiodicodesaltillo.com\/wp\/?p=27104"},"modified":"2023-07-31T16:04:30","modified_gmt":"2023-07-31T16:04:30","slug":"entregan-miguel-riquelme-y-jose-maria-fraustro-estimulos-a-ganadores-del-pecda-2023","status":"publish","type":"post","link":"https:\/\/elperiodicodesaltillo.com\/wp\/2023\/07\/14\/entregan-miguel-riquelme-y-jose-maria-fraustro-estimulos-a-ganadores-del-pecda-2023\/","title":{"rendered":"<strong>ENTREGAN MIGUEL RIQUELME Y JOS\u00c9 MAR\u00cdA FRAUSTRO EST\u00cdMULOS A GANADORES DEL PECDA 2023<\/strong>"},"content":{"rendered":"\n<p>Saltillo, Coahuila de Zaragoza; a 14 de Julio de 2023.- El gobernador Miguel \u00c1ngel Riquelme Sol\u00eds, junto al alcalde Jos\u00e9 Mar\u00eda Fraustro Siller, entregaron apoyos a los 44 ganadores del Programa de Est\u00edmulos a la Creaci\u00f3n y Desarrollo Art\u00edstico Coahuila 2023 (PECDA), que tiene como objetivo impulsar la consolidaci\u00f3n de proyectos culturales y art\u00edsticos de creadoras y creadores beneficiarios de este programa.<\/p>\n\n\n\n<p>Dicho programa se realiza conjuntamente entre el Gobierno del Estado de Coahuila, la Secretar\u00eda de Cultura Federal y el Gobierno Municipal de Saltillo, y se integra por una bolsa de 2.88 millones de pesos, para otorgar est\u00edmulos a 44 artistas y creadores de Coahuila.&nbsp;<\/p>\n\n\n<div class=\"wp-block-image\">\n<figure class=\"aligncenter size-large is-resized\"><img loading=\"lazy\" decoding=\"async\" src=\"https:\/\/elperiodicodesaltillo.com\/wp\/wp-content\/uploads\/2023\/07\/entregan-1024x582.jpg\" alt=\"\" class=\"wp-image-27105\" width=\"512\" height=\"291\" srcset=\"https:\/\/elperiodicodesaltillo.com\/wp\/wp-content\/uploads\/2023\/07\/entregan-1024x582.jpg 1024w, https:\/\/elperiodicodesaltillo.com\/wp\/wp-content\/uploads\/2023\/07\/entregan-300x170.jpg 300w, https:\/\/elperiodicodesaltillo.com\/wp\/wp-content\/uploads\/2023\/07\/entregan-768x436.jpg 768w, https:\/\/elperiodicodesaltillo.com\/wp\/wp-content\/uploads\/2023\/07\/entregan-1536x873.jpg 1536w, https:\/\/elperiodicodesaltillo.com\/wp\/wp-content\/uploads\/2023\/07\/entregan-696x395.jpg 696w, https:\/\/elperiodicodesaltillo.com\/wp\/wp-content\/uploads\/2023\/07\/entregan-1068x607.jpg 1068w, https:\/\/elperiodicodesaltillo.com\/wp\/wp-content\/uploads\/2023\/07\/entregan-739x420.jpg 739w, https:\/\/elperiodicodesaltillo.com\/wp\/wp-content\/uploads\/2023\/07\/entregan.jpg 1600w\" sizes=\"auto, (max-width: 512px) 100vw, 512px\" \/><\/figure>\n<\/div>\n\n\n<p>Con la presencia de Miguel Felipe Mery Ayup, Magistrado Presidente del Tribunal Superior de Justicia del Estado; Luz Elena Morales N\u00fa\u00f1ez, diputada local; as\u00ed como Ana Sof\u00eda Garc\u00eda Camil, Secretaria de Cultura, el Mandatario estatal expres\u00f3 su orgullo por lo que su Administraci\u00f3n ha logrado en materia cultural.<\/p>\n\n\n\n<p>Agradeci\u00f3 y reconoci\u00f3 a la comunidad cultural de Coahuila, al comentar que con su labor desde sus respectivos \u00e1mbitos, le permitieron tener gobernabilidad con acciones, y con su participaci\u00f3n comprometida antes, durante y despu\u00e9s de la pandemia.<\/p>\n\n\n\n<p>\u201cMi agradecimiento profundo con toda la comunidad cultural por su cuantioso apoyo, y porque si hoy Coahuila est\u00e1 de pie y con buenos indicadores, es precisamente por su gente transformadora, que todos los d\u00edas aporta a nuestra entidad desde distintos frentes\u201d, mencion\u00f3.<\/p>\n\n\n\n<p>Riquelme Sol\u00eds se\u00f1al\u00f3 que durante su Administraci\u00f3n, a\u00f1o con a\u00f1o han apoyado la profesionalizaci\u00f3n de los artistas locales, que se han desarrollado programas de capacitaci\u00f3n y de formaci\u00f3n de nuevos p\u00fablicos, as\u00ed como la preservaci\u00f3n del patrimonio cultural.<\/p>\n\n\n\n<p>Agradeci\u00f3 y reconoci\u00f3 a la titular de Cultura de Coahuila, Garc\u00eda Camil, porque a pesar de los recursos que se ejercieron, se pudieron organizar muchos eventos de talla internacional, que hoy ponen muy en alto el nombre de Coahuila.&nbsp;<\/p>\n\n\n\n<p>Felicit\u00f3 a los ganadores y a todos quienes participaron en esta convocatoria.<\/p>\n\n\n\n<p>\u201cHoy, nuestro orden p\u00fablico y equilibrio social ha sido resultante del aporte de todos los sectores, del productivo, econ\u00f3mico, educativo, cultural y de turismo. En ello tienen un papel preponderante todas y todos nuestros artistas, quienes con su generosidad, humanismo y entrega al trabajo, mantienen firme siempre la certeza de que las artes son el m\u00e1s s\u00f3lido cimiento para forjar una paz duradera\u201d, expuso.<\/p>\n\n\n\n<p>\u201cMuchas gracias por dedicarse por entero a multiplicar los profundos valores que enaltecen nuestra entidad y cohesionan a nuestra sociedad\u201d, enfatiz\u00f3 el gobernador Miguel Riquelme.<\/p>\n\n\n\n<p>RESULTADO DE LA PLANEACI\u00d3N<\/p>\n\n\n\n<p>En su mensaje, el alcalde Jos\u00e9 Mar\u00eda Fraustro Siller expres\u00f3 que esta entrega de est\u00edmulos es el resultado de un trabajo bien planeado y con prioridades claras, y promover el arte y la cultura es parte de ellas.<\/p>\n\n\n\n<p>\u201cProgramas como el de est\u00edmulos a la creaci\u00f3n y desarrollo art\u00edstico nos permiten promover artistas locales, la preservaci\u00f3n del Patrimonio Cultural, el fomento de la educaci\u00f3n art\u00edstica y la colaboraci\u00f3n con instituciones culturales para el desarrollo de proyectos; valorar el talento y creatividad coahuilense, reconocer la dedicaci\u00f3n y reservar la identidad cultural de esta tierra\u201d, mencion\u00f3.<\/p>\n\n\n\n<p>Reconoci\u00f3, adem\u00e1s, que el Gobierno de Miguel Riquelme ha demostrado su compromiso por promover y fomentar el arte y la cultura, gracias a lo cual siguen sumando esfuerzos, como esta entrega de est\u00edmulos.<\/p>\n\n\n\n<p>Por su parte, Ana Sof\u00eda Garc\u00eda Camil mencion\u00f3 que este programa es el resultado del trabajo conjunto entre la Secretar\u00eda de Cultura Federal, el Gobierno Estatal y del Gobierno Municipal, los cuales integran un fondo mixto que hizo posible el financiamiento del programa y la realizaci\u00f3n de los 44 proyectos beneficiados en esta emisi\u00f3n.<\/p>\n\n\n\n<p>Inform\u00f3 que, en una convocatoria p\u00fablica, se postularon 132 artistas y se seleccionaron 44 proyectos en las categor\u00edas:&nbsp;<\/p>\n\n\n\n<p>+ Adolescentes Creadores (3).<\/p>\n\n\n\n<p>+ J\u00f3venes Creadores (25).<\/p>\n\n\n\n<p>+ Creadores con Trayectoria (14).<\/p>\n\n\n\n<p>+ Grupos Art\u00edsticos (2).<\/p>\n\n\n\n<p>Estos proyectos se desarrollar\u00e1n en un per\u00edodo de 6 meses.&nbsp;<\/p>\n\n\n\n<p>\u201cPara el gobernador Miguel Riquelme la cultura y el arte son elementos primordiales de nuestra sociedad, por ello durante la presente Administraci\u00f3n, la creaci\u00f3n y el fortalecimiento art\u00edstico siempre han sido considerados una inversi\u00f3n que apuesta a un futuro s\u00f3lido e integral, con una visi\u00f3n humanista y un car\u00e1cter creativo, sensible, emp\u00e1tico y solidario\u201d, puntualiz\u00f3.<\/p>\n\n\n\n<p>A nombre de quienes recibieron est\u00edmulos, L\u00e1zaro Israel Rangel Espinosa agradeci\u00f3 a las diversas instancias por mantener con vida este tipo de est\u00edmulos, que fomentan la creaci\u00f3n art\u00edstica en la entidad y que representan una gran oportunidad tanto para j\u00f3venes artistas como para aquellos que poseen la trayectoria profesional reconocida.<\/p>\n\n\n\n<p>En el evento estuvieron presentes, adem\u00e1s, Mabel Garza Blackaller, representante del Comit\u00e9 de Planeaci\u00f3n del PECDA Coahuila, as\u00ed como funcionarios estatales y municipales.<\/p>\n","protected":false},"excerpt":{"rendered":"<p>Saltillo, Coahuila de Zaragoza; a 14 de Julio de 2023.- El gobernador Miguel \u00c1ngel Riquelme Sol\u00eds, junto al alcalde Jos\u00e9 Mar\u00eda Fraustro Siller, entregaron apoyos a los 44 ganadores del Programa de Est\u00edmulos a la Creaci\u00f3n y Desarrollo Art\u00edstico Coahuila 2023 (PECDA), que tiene como objetivo impulsar la consolidaci\u00f3n de proyectos culturales y art\u00edsticos de [&hellip;]<\/p>\n","protected":false},"author":1,"featured_media":27105,"comment_status":"closed","ping_status":"closed","sticky":false,"template":"","format":"standard","meta":{"footnotes":""},"categories":[21],"tags":[],"class_list":["post-27104","post","type-post","status-publish","format-standard","has-post-thumbnail","hentry","category-coahuila"],"_links":{"self":[{"href":"https:\/\/elperiodicodesaltillo.com\/wp\/wp-json\/wp\/v2\/posts\/27104","targetHints":{"allow":["GET"]}}],"collection":[{"href":"https:\/\/elperiodicodesaltillo.com\/wp\/wp-json\/wp\/v2\/posts"}],"about":[{"href":"https:\/\/elperiodicodesaltillo.com\/wp\/wp-json\/wp\/v2\/types\/post"}],"author":[{"embeddable":true,"href":"https:\/\/elperiodicodesaltillo.com\/wp\/wp-json\/wp\/v2\/users\/1"}],"replies":[{"embeddable":true,"href":"https:\/\/elperiodicodesaltillo.com\/wp\/wp-json\/wp\/v2\/comments?post=27104"}],"version-history":[{"count":1,"href":"https:\/\/elperiodicodesaltillo.com\/wp\/wp-json\/wp\/v2\/posts\/27104\/revisions"}],"predecessor-version":[{"id":27106,"href":"https:\/\/elperiodicodesaltillo.com\/wp\/wp-json\/wp\/v2\/posts\/27104\/revisions\/27106"}],"wp:featuredmedia":[{"embeddable":true,"href":"https:\/\/elperiodicodesaltillo.com\/wp\/wp-json\/wp\/v2\/media\/27105"}],"wp:attachment":[{"href":"https:\/\/elperiodicodesaltillo.com\/wp\/wp-json\/wp\/v2\/media?parent=27104"}],"wp:term":[{"taxonomy":"category","embeddable":true,"href":"https:\/\/elperiodicodesaltillo.com\/wp\/wp-json\/wp\/v2\/categories?post=27104"},{"taxonomy":"post_tag","embeddable":true,"href":"https:\/\/elperiodicodesaltillo.com\/wp\/wp-json\/wp\/v2\/tags?post=27104"}],"curies":[{"name":"wp","href":"https:\/\/api.w.org\/{rel}","templated":true}]}}