{"id":27266,"date":"2023-07-25T00:10:00","date_gmt":"2023-07-25T00:10:00","guid":{"rendered":"https:\/\/elperiodicodesaltillo.com\/wp\/?p=27266"},"modified":"2023-08-02T00:21:04","modified_gmt":"2023-08-02T00:21:04","slug":"convoca-el-cedec-uadec-a-tomar-el-curso-taller-habilidades-emocionales-en-el-aula","status":"publish","type":"post","link":"https:\/\/elperiodicodesaltillo.com\/wp\/2023\/07\/25\/convoca-el-cedec-uadec-a-tomar-el-curso-taller-habilidades-emocionales-en-el-aula\/","title":{"rendered":"<strong>Convoca el CEDEC-UAdeC a Tomar el Curso-Taller \u201cHabilidades Emocionales en el Aula\u201d<\/strong>"},"content":{"rendered":"\n<p>SALTILLO, Coahuila. 25 de julio de 2023. El Centro de Desarrollo Docente, Evaluaci\u00f3n y Educaci\u00f3n Continua (CEDEC) de la Direcci\u00f3n de Asuntos Acad\u00e9micos de la Universidad Aut\u00f3noma de Coahuila, invita a los docentes de las tres Unidades Saltillo, Torre\u00f3n y Norte al Curso-Taller \u201cHabilidades emocionales en el aula\u201d.<\/p>\n\n\n\n<p>La actividad se llevar\u00e1 del 2 al 4 de agosto de 2023 a trav\u00e9s de la plataforma <em>Microsoft Teams <\/em>y abordar\u00e1 las habilidades emocionales, que son las que nos permiten manejar nuestras emociones de manera racional, es decir, son aquellas capacidades que muestran o trabajan la inteligencia emocional.<\/p>\n\n\n\n<p>Las sesiones se desarrollar\u00e1n de 10:00 a 12:30 horas, con valor curricular de 20 horas y ser\u00e1 impartido por el Mtro. Daniel Mu\u00f1oz Mart\u00ednez y el M.D. Homero Alejandro Moreno Aguirre, quienes se desempe\u00f1an como docentes de la Facultad de Psicolog\u00eda Unidad Saltillo.<\/p>\n\n\n<div class=\"wp-block-image\">\n<figure class=\"aligncenter size-large\"><img loading=\"lazy\" decoding=\"async\" width=\"1024\" height=\"615\" src=\"https:\/\/elperiodicodesaltillo.com\/wp\/wp-content\/uploads\/2023\/08\/habilidades-1024x615.jpg\" alt=\"\" class=\"wp-image-27267\" srcset=\"https:\/\/elperiodicodesaltillo.com\/wp\/wp-content\/uploads\/2023\/08\/habilidades-1024x615.jpg 1024w, https:\/\/elperiodicodesaltillo.com\/wp\/wp-content\/uploads\/2023\/08\/habilidades-300x180.jpg 300w, https:\/\/elperiodicodesaltillo.com\/wp\/wp-content\/uploads\/2023\/08\/habilidades-768x461.jpg 768w, https:\/\/elperiodicodesaltillo.com\/wp\/wp-content\/uploads\/2023\/08\/habilidades-1536x922.jpg 1536w, https:\/\/elperiodicodesaltillo.com\/wp\/wp-content\/uploads\/2023\/08\/habilidades-2048x1229.jpg 2048w, https:\/\/elperiodicodesaltillo.com\/wp\/wp-content\/uploads\/2023\/08\/habilidades-696x418.jpg 696w, https:\/\/elperiodicodesaltillo.com\/wp\/wp-content\/uploads\/2023\/08\/habilidades-1068x641.jpg 1068w, https:\/\/elperiodicodesaltillo.com\/wp\/wp-content\/uploads\/2023\/08\/habilidades-700x420.jpg 700w\" sizes=\"auto, (max-width: 1024px) 100vw, 1024px\" \/><\/figure>\n<\/div>\n\n\n<p>Los docentes interesados en participar realizar\u00e1n su registro en el siguiente enlace <a href=\"https:\/\/forms.office.com\/pages\/responsepage.aspx?id=gsNAcvN36kKVdjcJfbNi0EMInVzM17NLjBOmSsUnEtJUNUFYN0NJSDA3VThDS1g4UFY3RlJEMEtHTC4u\">https:\/\/forms.office.com\/pages\/responsepage.aspx?id=gsNAcvN36kKVdjcJfbNi0EMInVzM17NLjBOmSsUnEtJUNUFYN0NJSDA3VThDS1g4UFY3RlJEMEtHTC4u<\/a>, en donde deber\u00e1n de especificar a la Unidad a la que pertenecen, Escuela, Facultad, Instituto o Centro de procedencia, n\u00famero de expediente y correo electr\u00f3nico.<\/p>\n\n\n\n<p>Para m\u00e1s informaci\u00f3n llamar a los tel\u00e9fonos (844) 415 29 51 y (844) 415 29 52, escribir al correo electr\u00f3nico <a href=\"mailto:capacitaciondocente@uadec.edu.mx\">capacitaciondocente@uadec.edu.mx<\/a> o visitar la p\u00e1gina <a href=\"http:\/\/www.uadec.mx\/cedec\/\">http:\/\/www.uadec.mx\/cedec\/<\/a>.<\/p>\n","protected":false},"excerpt":{"rendered":"<p>SALTILLO, Coahuila. 25 de julio de 2023. El Centro de Desarrollo Docente, Evaluaci\u00f3n y Educaci\u00f3n Continua (CEDEC) de la Direcci\u00f3n de Asuntos Acad\u00e9micos de la Universidad Aut\u00f3noma de Coahuila, invita a los docentes de las tres Unidades Saltillo, Torre\u00f3n y Norte al Curso-Taller \u201cHabilidades emocionales en el aula\u201d. La actividad se llevar\u00e1 del 2 al [&hellip;]<\/p>\n","protected":false},"author":1,"featured_media":27267,"comment_status":"closed","ping_status":"closed","sticky":false,"template":"","format":"standard","meta":{"footnotes":""},"categories":[23],"tags":[],"class_list":["post-27266","post","type-post","status-publish","format-standard","has-post-thumbnail","hentry","category-universidad"],"_links":{"self":[{"href":"https:\/\/elperiodicodesaltillo.com\/wp\/wp-json\/wp\/v2\/posts\/27266","targetHints":{"allow":["GET"]}}],"collection":[{"href":"https:\/\/elperiodicodesaltillo.com\/wp\/wp-json\/wp\/v2\/posts"}],"about":[{"href":"https:\/\/elperiodicodesaltillo.com\/wp\/wp-json\/wp\/v2\/types\/post"}],"author":[{"embeddable":true,"href":"https:\/\/elperiodicodesaltillo.com\/wp\/wp-json\/wp\/v2\/users\/1"}],"replies":[{"embeddable":true,"href":"https:\/\/elperiodicodesaltillo.com\/wp\/wp-json\/wp\/v2\/comments?post=27266"}],"version-history":[{"count":1,"href":"https:\/\/elperiodicodesaltillo.com\/wp\/wp-json\/wp\/v2\/posts\/27266\/revisions"}],"predecessor-version":[{"id":27268,"href":"https:\/\/elperiodicodesaltillo.com\/wp\/wp-json\/wp\/v2\/posts\/27266\/revisions\/27268"}],"wp:featuredmedia":[{"embeddable":true,"href":"https:\/\/elperiodicodesaltillo.com\/wp\/wp-json\/wp\/v2\/media\/27267"}],"wp:attachment":[{"href":"https:\/\/elperiodicodesaltillo.com\/wp\/wp-json\/wp\/v2\/media?parent=27266"}],"wp:term":[{"taxonomy":"category","embeddable":true,"href":"https:\/\/elperiodicodesaltillo.com\/wp\/wp-json\/wp\/v2\/categories?post=27266"},{"taxonomy":"post_tag","embeddable":true,"href":"https:\/\/elperiodicodesaltillo.com\/wp\/wp-json\/wp\/v2\/tags?post=27266"}],"curies":[{"name":"wp","href":"https:\/\/api.w.org\/{rel}","templated":true}]}}