{"id":27510,"date":"2023-08-16T23:21:33","date_gmt":"2023-08-16T23:21:33","guid":{"rendered":"https:\/\/elperiodicodesaltillo.com\/wp\/?p=27510"},"modified":"2023-08-16T23:21:34","modified_gmt":"2023-08-16T23:21:34","slug":"guardia-nacional-superada-por-delincuencia-en-carreteras","status":"publish","type":"post","link":"https:\/\/elperiodicodesaltillo.com\/wp\/2023\/08\/16\/guardia-nacional-superada-por-delincuencia-en-carreteras\/","title":{"rendered":"<strong>GUARDIA NACIONAL, SUPERADA POR DELINCUENCIA EN CARRETERAS<\/strong>"},"content":{"rendered":"\n<p><strong><em>Fabiola Quinto.<\/em><\/strong><\/p>\n\n\n\n<p>El Lic. Alejandro Desfassiaux, experto en materia de seguridad, se\u00f1al\u00f3 la urgencia de dise\u00f1ar una estrategia que combata frontalmente la inseguridad que afecta a transportistas y sociedad, ante la creciente violencia que se vive en las carreteras del pa\u00eds.<\/p>\n\n\n\n<p>Apenas el 3 de agosto pasado, dos sacerdotes fueron asaltados a mano armada sobre la autopista M\u00e9xico-Quer\u00e9taro; el 7 de mayo, automovilistas fueron v\u00edctimas de la delincuencia mientras se encontraban varados a consecuencia de un bloqueo en la carretera M\u00e9xico-Cuernavaca; y es cada vez m\u00e1s com\u00fan que los ladrones usen piedras, troncos, ponchallantas (artefactos hechos con varillas o clavos) y hasta vierten aceite en el camino para obligar a los conductores a detenerse para poder robarlos.<\/p>\n\n\n\n<p>Seg\u00fan cifras del Secretariado Ejecutivo del Sistema Nacional de Seguridad P\u00fablica (SESNSP), de enero a junio del presente a\u00f1o, se cometieron 4 mil 761 robos a transportista, de los cuales 9 de cada 10 fueron con violencia. Lo anterior, representa un aumento del 11.6% en comparaci\u00f3n con el mismo periodo del a\u00f1o pasado, se\u00f1al\u00f3 Desfassiaux, experto en materia de seguridad.<\/p>\n\n\n<div class=\"wp-block-image\">\n<figure class=\"aligncenter size-full is-resized\"><img loading=\"lazy\" decoding=\"async\" src=\"https:\/\/elperiodicodesaltillo.com\/wp\/wp-content\/uploads\/2023\/08\/guardia.jpg\" alt=\"\" class=\"wp-image-27511\" width=\"512\" height=\"384\" srcset=\"https:\/\/elperiodicodesaltillo.com\/wp\/wp-content\/uploads\/2023\/08\/guardia.jpg 1024w, https:\/\/elperiodicodesaltillo.com\/wp\/wp-content\/uploads\/2023\/08\/guardia-300x225.jpg 300w, https:\/\/elperiodicodesaltillo.com\/wp\/wp-content\/uploads\/2023\/08\/guardia-768x576.jpg 768w, https:\/\/elperiodicodesaltillo.com\/wp\/wp-content\/uploads\/2023\/08\/guardia-80x60.jpg 80w, https:\/\/elperiodicodesaltillo.com\/wp\/wp-content\/uploads\/2023\/08\/guardia-265x198.jpg 265w, https:\/\/elperiodicodesaltillo.com\/wp\/wp-content\/uploads\/2023\/08\/guardia-696x522.jpg 696w, https:\/\/elperiodicodesaltillo.com\/wp\/wp-content\/uploads\/2023\/08\/guardia-560x420.jpg 560w\" sizes=\"auto, (max-width: 512px) 100vw, 512px\" \/><\/figure>\n<\/div>\n\n\n<p>Es importante se\u00f1alar que la cifra negra en el robo de mercanc\u00eda en tr\u00e1nsito es de 76.5%, de acuerdo con datos del Instituto Nacional de Estad\u00edstica y Geograf\u00eda (INEGI).<\/p>\n\n\n\n<p>Al respecto, Desfassiaux dijo que la estrategia para enfrentar a la delincuencia en las carreteras debe partir de un combate frontal, derivado del uso de inteligencia y de un an\u00e1lisis espec\u00edfico de las problem\u00e1ticas diferenciadas que se presentan en las diversas regiones del pa\u00eds.<\/p>\n\n\n\n<p>Recordemos que, derivado de Ley de Seguridad P\u00fablica propuesta en este sexenio, desapareci\u00f3 la Polic\u00eda Federal de Caminos para dar paso a la Direcci\u00f3n General de Seguridad en Carreteras e Instalaciones de la Guardia Nacional, a partir del 2020.<\/p>\n\n\n\n<p>Sin embargo, persiste la inseguridad. De a acuerdo al m\u00e1s reciente Censo Nacional de Seguridad P\u00fablica Federal, en 2021 se registraron mil 229 probables robos y asaltos en carreteras, de los cuales 68.3 % fue a camiones de carga, lo que representa un incremento del 10.4 % respecto del 2020.<\/p>\n\n\n\n<p>Estad\u00edsticamente, Guanajuato fue la entidad donde hubo m\u00e1s robos en carreteras federales en 2021, con 233; seguido por Puebla, 191; Estado de M\u00e9xico, 107; Quer\u00e9taro, 79; y Michoac\u00e1n, 76. En el mismo periodo, la Guardia Nacional report\u00f3 2 mil 351 tomas de casetas de peaje y mil 548 obstrucciones de carreteras.<\/p>\n","protected":false},"excerpt":{"rendered":"<p>Fabiola Quinto. El Lic. Alejandro Desfassiaux, experto en materia de seguridad, se\u00f1al\u00f3 la urgencia de dise\u00f1ar una estrategia que combata frontalmente la inseguridad que afecta a transportistas y sociedad, ante la creciente violencia que se vive en las carreteras del pa\u00eds. Apenas el 3 de agosto pasado, dos sacerdotes fueron asaltados a mano armada sobre [&hellip;]<\/p>\n","protected":false},"author":1,"featured_media":27511,"comment_status":"closed","ping_status":"closed","sticky":false,"template":"","format":"standard","meta":{"footnotes":""},"categories":[342],"tags":[],"class_list":["post-27510","post","type-post","status-publish","format-standard","has-post-thumbnail","hentry","category-16-de-agosto-de-2023-ed-453"],"_links":{"self":[{"href":"https:\/\/elperiodicodesaltillo.com\/wp\/wp-json\/wp\/v2\/posts\/27510","targetHints":{"allow":["GET"]}}],"collection":[{"href":"https:\/\/elperiodicodesaltillo.com\/wp\/wp-json\/wp\/v2\/posts"}],"about":[{"href":"https:\/\/elperiodicodesaltillo.com\/wp\/wp-json\/wp\/v2\/types\/post"}],"author":[{"embeddable":true,"href":"https:\/\/elperiodicodesaltillo.com\/wp\/wp-json\/wp\/v2\/users\/1"}],"replies":[{"embeddable":true,"href":"https:\/\/elperiodicodesaltillo.com\/wp\/wp-json\/wp\/v2\/comments?post=27510"}],"version-history":[{"count":1,"href":"https:\/\/elperiodicodesaltillo.com\/wp\/wp-json\/wp\/v2\/posts\/27510\/revisions"}],"predecessor-version":[{"id":27512,"href":"https:\/\/elperiodicodesaltillo.com\/wp\/wp-json\/wp\/v2\/posts\/27510\/revisions\/27512"}],"wp:featuredmedia":[{"embeddable":true,"href":"https:\/\/elperiodicodesaltillo.com\/wp\/wp-json\/wp\/v2\/media\/27511"}],"wp:attachment":[{"href":"https:\/\/elperiodicodesaltillo.com\/wp\/wp-json\/wp\/v2\/media?parent=27510"}],"wp:term":[{"taxonomy":"category","embeddable":true,"href":"https:\/\/elperiodicodesaltillo.com\/wp\/wp-json\/wp\/v2\/categories?post=27510"},{"taxonomy":"post_tag","embeddable":true,"href":"https:\/\/elperiodicodesaltillo.com\/wp\/wp-json\/wp\/v2\/tags?post=27510"}],"curies":[{"name":"wp","href":"https:\/\/api.w.org\/{rel}","templated":true}]}}