{"id":27557,"date":"2023-08-21T15:02:00","date_gmt":"2023-08-21T15:02:00","guid":{"rendered":"https:\/\/elperiodicodesaltillo.com\/wp\/?p=27557"},"modified":"2023-08-28T15:03:46","modified_gmt":"2023-08-28T15:03:46","slug":"celebra-generacion-de-la-facultad-de-trabajo-social-50-anos-de-egresados","status":"publish","type":"post","link":"https:\/\/elperiodicodesaltillo.com\/wp\/2023\/08\/21\/celebra-generacion-de-la-facultad-de-trabajo-social-50-anos-de-egresados\/","title":{"rendered":"<strong>Celebra Generaci\u00f3n de la Facultad de Trabajo Social 50 a\u00f1os de Egresados<\/strong>"},"content":{"rendered":"\n<p>SALTILLO, Coahuila. 21 de agosto de 2023. El rector de la Universidad Aut\u00f3noma de Coahuila, Salvador Hern\u00e1ndez V\u00e9lez, se reuni\u00f3 con 34 egresados de la Facultad de Trabajo Social, quienes celebran 50 a\u00f1os de haber culminado sus estudios en la instituci\u00f3n y de ser la generaci\u00f3n de la Autonom\u00eda Universitaria.<\/p>\n\n\n\n<p>La reuni\u00f3n se llev\u00f3 a cabo en la Sala de Juntas de la Rector\u00eda, en donde el rector Salvador Hern\u00e1ndez V\u00e9lez, felicit\u00f3 a los asistentes por celebrar el quincuag\u00e9simo aniversario de haber egresado de la carrera de Trabajo Social, profesi\u00f3n de la que dijo, es fundamental para el desarrollo de la sociedad.<\/p>\n\n\n<div class=\"wp-block-image\">\n<figure class=\"aligncenter size-large is-resized\"><img loading=\"lazy\" decoding=\"async\" src=\"https:\/\/elperiodicodesaltillo.com\/wp\/wp-content\/uploads\/2023\/08\/Reunion-50-anos-Generacion-Autonomia-FTS-_7-1024x683.jpg\" alt=\"\" class=\"wp-image-27558\" width=\"512\" height=\"342\" srcset=\"https:\/\/elperiodicodesaltillo.com\/wp\/wp-content\/uploads\/2023\/08\/Reunion-50-anos-Generacion-Autonomia-FTS-_7-1024x683.jpg 1024w, https:\/\/elperiodicodesaltillo.com\/wp\/wp-content\/uploads\/2023\/08\/Reunion-50-anos-Generacion-Autonomia-FTS-_7-300x200.jpg 300w, https:\/\/elperiodicodesaltillo.com\/wp\/wp-content\/uploads\/2023\/08\/Reunion-50-anos-Generacion-Autonomia-FTS-_7-768x512.jpg 768w, https:\/\/elperiodicodesaltillo.com\/wp\/wp-content\/uploads\/2023\/08\/Reunion-50-anos-Generacion-Autonomia-FTS-_7-1536x1024.jpg 1536w, https:\/\/elperiodicodesaltillo.com\/wp\/wp-content\/uploads\/2023\/08\/Reunion-50-anos-Generacion-Autonomia-FTS-_7-2048x1365.jpg 2048w, https:\/\/elperiodicodesaltillo.com\/wp\/wp-content\/uploads\/2023\/08\/Reunion-50-anos-Generacion-Autonomia-FTS-_7-696x464.jpg 696w, https:\/\/elperiodicodesaltillo.com\/wp\/wp-content\/uploads\/2023\/08\/Reunion-50-anos-Generacion-Autonomia-FTS-_7-1068x712.jpg 1068w, https:\/\/elperiodicodesaltillo.com\/wp\/wp-content\/uploads\/2023\/08\/Reunion-50-anos-Generacion-Autonomia-FTS-_7-630x420.jpg 630w\" sizes=\"auto, (max-width: 512px) 100vw, 512px\" \/><\/figure>\n<\/div>\n\n\n<p>A nombre de los egresados, la coordinadora del evento, Silvia S\u00e1nchez, expres\u00f3 que para todas y todos es un gusto reunirse y recordar sus trayectorias como estudiantes y profesionistas, adem\u00e1s de hablar sobre los beneficios de la carrera y los logros y dificultades por los que han pasado.<\/p>\n\n\n\n<p>\u201cAntes nuestra carrera profesional no era tan reconocida, a nosotros nos toc\u00f3 abrir brecha en el \u00e1mbito laboral y ser valorados como profesionales, los sueldos siempre han sido muy bajos, sab\u00edamos que no nos \u00edbamos a hacer ricos, pero hemos recogido el fruto de nuestro trabajo\u201d, dijo.<\/p>\n\n\n\n<p>As\u00ed mismo, coment\u00f3 que los Trabajadores Sociales se desempe\u00f1an en muchos \u00e1mbitos, como en el \u00e1rea m\u00e9dica, la social e incluso en la penitenciaria, por lo que esta carrera ha servido como eje de muchas otras profesiones.<\/p>\n\n\n\n<p>Silvia S\u00e1nchez, agreg\u00f3 que es un orgullo celebrar 50 a\u00f1os de egresados, mismo tiempo desde que se logr\u00f3 la Autonom\u00eda Universitaria, pues el 4 de abril de 1973 se public\u00f3 en el Peri\u00f3dico Oficial del Estado de Coahuila el decreto 335 presentado por el Gobernador del Estado, Eulalio Guti\u00e9rrez Trevi\u00f1o.<\/p>\n\n\n\n<p>Los egresados de la Facultad de Trabajo Social, agradecieron al rector Salvador Hern\u00e1ndez V\u00e9lez por su recibimiento y por ser un l\u00edder que con su trabajo y dedicaci\u00f3n ha fortalecido a la Universidad Aut\u00f3noma de Coahuila.<\/p>\n","protected":false},"excerpt":{"rendered":"<p>SALTILLO, Coahuila. 21 de agosto de 2023. El rector de la Universidad Aut\u00f3noma de Coahuila, Salvador Hern\u00e1ndez V\u00e9lez, se reuni\u00f3 con 34 egresados de la Facultad de Trabajo Social, quienes celebran 50 a\u00f1os de haber culminado sus estudios en la instituci\u00f3n y de ser la generaci\u00f3n de la Autonom\u00eda Universitaria. La reuni\u00f3n se llev\u00f3 a [&hellip;]<\/p>\n","protected":false},"author":1,"featured_media":27558,"comment_status":"closed","ping_status":"closed","sticky":false,"template":"","format":"standard","meta":{"footnotes":""},"categories":[23],"tags":[],"class_list":["post-27557","post","type-post","status-publish","format-standard","has-post-thumbnail","hentry","category-universidad"],"_links":{"self":[{"href":"https:\/\/elperiodicodesaltillo.com\/wp\/wp-json\/wp\/v2\/posts\/27557","targetHints":{"allow":["GET"]}}],"collection":[{"href":"https:\/\/elperiodicodesaltillo.com\/wp\/wp-json\/wp\/v2\/posts"}],"about":[{"href":"https:\/\/elperiodicodesaltillo.com\/wp\/wp-json\/wp\/v2\/types\/post"}],"author":[{"embeddable":true,"href":"https:\/\/elperiodicodesaltillo.com\/wp\/wp-json\/wp\/v2\/users\/1"}],"replies":[{"embeddable":true,"href":"https:\/\/elperiodicodesaltillo.com\/wp\/wp-json\/wp\/v2\/comments?post=27557"}],"version-history":[{"count":1,"href":"https:\/\/elperiodicodesaltillo.com\/wp\/wp-json\/wp\/v2\/posts\/27557\/revisions"}],"predecessor-version":[{"id":27559,"href":"https:\/\/elperiodicodesaltillo.com\/wp\/wp-json\/wp\/v2\/posts\/27557\/revisions\/27559"}],"wp:featuredmedia":[{"embeddable":true,"href":"https:\/\/elperiodicodesaltillo.com\/wp\/wp-json\/wp\/v2\/media\/27558"}],"wp:attachment":[{"href":"https:\/\/elperiodicodesaltillo.com\/wp\/wp-json\/wp\/v2\/media?parent=27557"}],"wp:term":[{"taxonomy":"category","embeddable":true,"href":"https:\/\/elperiodicodesaltillo.com\/wp\/wp-json\/wp\/v2\/categories?post=27557"},{"taxonomy":"post_tag","embeddable":true,"href":"https:\/\/elperiodicodesaltillo.com\/wp\/wp-json\/wp\/v2\/tags?post=27557"}],"curies":[{"name":"wp","href":"https:\/\/api.w.org\/{rel}","templated":true}]}}